{"id":1045,"date":"2015-08-21T16:03:44","date_gmt":"2015-08-21T15:03:44","guid":{"rendered":"https:\/\/barodeviver.cat\/?p=1045"},"modified":"2023-12-14T17:15:22","modified_gmt":"2023-12-14T16:15:22","slug":"noticia-del-11082015-al-diari-nacio-digital","status":"publish","type":"post","link":"https:\/\/barodeviver.cat\/?p=1045","title":{"rendered":"Bar\u00f3 de Viver i Bon Pastor, l&#8217;\u00faltima agregaci\u00f3 &#8211; Noticia  del 11\/08\/2015 al Diari Naci\u00f3 Digital"},"content":{"rendered":"<div class=\"row\">\n<div class=\"col-md-12\">\n<h3 class=\"h3noticia\"><i class=\"fa fa-fw fa-caret-right\"><\/i> El 1944 Barcelona es va annexionar els territoris de Santa Coloma de Gramenet situats al marge dret del riu Bes\u00f2s<\/h3>\n<h3 class=\"h3noticia\"><i class=\"fa fa-fw fa-caret-right\"><\/i> El 1929 es va intentar incorporar a la capital catalana la meitat de Sant Adri\u00e0, sense \u00e8xit<\/h3>\n<\/div>\n<\/div>\n<div class=\"row\"><\/div>\n<div class=\"row\">\n<div class=\"col-xs-12 fotoportadaampliacio\">\n<div class=\"fotografia ambpeu\"><a href=\"http:\/\/www.naciodigital.cat\/noticia\/92389\/baro\/viver\/bon\/pastor\/ultima\/agregacio\" target=\"_blank\" rel=\"noopener\"><img decoding=\"async\" class=\"img-responsive\" src=\"http:\/\/dades.grupnaciodigital.com\/redaccio\/arxius\/imatges\/201508\/990_1439306671baroviver6.jpg\" alt=\"\" data-resize=\"true\" data-ample990=\"http:\/\/dades.grupnaciodigital.com\/redaccio\/..\/redaccio\/arxius\/imatges\/201508\/990_1439306671baroviver6.jpg\" data-ample576=\"http:\/\/dades.grupnaciodigital.com\/redaccio\/..\/redaccio\/arxius\/imatges\/201508\/576_1439306671baroviver6.jpg\" data-ample330=\"http:\/\/dades.grupnaciodigital.com\/redaccio\/..\/redaccio\/arxius\/imatges\/201508\/330_1439306671baroviver6.jpg\" data-ample205=\"http:\/\/dades.grupnaciodigital.com\/redaccio\/..\/redaccio\/arxius\/imatges\/201508\/205_1439306671baroviver6.jpg\" data-ample70=\"http:\/\/dades.grupnaciodigital.com\/redaccio\/..\/redaccio\/arxius\/imatges\/201508\/70_1439306671baroviver6.jpg\" \/><\/a><\/div>\n<div class=\"peufotografia\">Planol del territori segregat de Santa Coloma, incl\u00f3s al Mural de la Mem\u00f2ria de Bar\u00f3 de Viver i malm\u00e8s per actes vand\u00e0lics | Jordi Palmer \/ Naci\u00f3 Digital<\/div>\n<\/div>\n<\/div>\n<div class=\"row\">\n<div class=\"col-md-10\">\n<div class=\"row\">\n<div id=\"_markupCos\" class=\"textnoticia col-md-12\">El creixement de la ciutat de Barcelona va experimentar un salt notable a les darreries del segle XIX, quan despr\u00e9s de l&#8217;enderrocament de les muralles i el desenvolupament del pla Cerd\u00e0 va quedar clar que la capital catalana necessitava expansionar-se, encara que fos a costa dels pobles adjacents. Aix\u00ed, pel Decret d&#8217;agregaci\u00f3 a Barcelona datat el 20 d&#8217;abril del 1897 entraven a formar part de la capital catalana, no sense retic\u00e8ncies, els pobles de Gr\u00e0cia, Sant Gervasi de Cassoles, Sant Andreu del Palomar, Sant Mart\u00ed de Proven\u00e7als, Sants i les Corts, unes annexions que van triplicar el terme municipal i disparar la poblaci\u00f3.Uns anys m\u00e9s tard, la pol\u00edtica d&#8217;agregacions continuaria amb les incorporacions d&#8217;Horta el 1904 i de 900 hect\u00e0rees del terme municipal de l&#8217;Hospitalet de Llobregat per a la construcci\u00f3 del port franc el 1920. I el 1921, en un fet que habitualment es considera com l&#8217;\u00faltima agregaci\u00f3 de la ciutat, Sarri\u00e0 es va incorporar a Barcelona.<\/p>\n<div id=\"divimatgeeditor_278008\" class=\"divimatgeeditor\"><img decoding=\"async\" id=\"imatgeeditor_278008\" class=\"fotointerior_330 imatgeeditor\" src=\"http:\/\/dades.grupnaciodigital.com\/redaccio\/arxius\/imatges\/201508\/330_1439306572baroviver1.jpg\" alt=\"\" \/><\/div>\n<div class=\"divimatgeeditor\"><em>El barri de Bar\u00f3 de Viver, constru\u00eft sobre un anterior ve\u00efnat de cases barates Foto: Jordi Palmer\/Naci\u00f3 Digital<\/em><\/div>\n<p>Ara b\u00e9, si b\u00e9 \u00e9s veritat que Sarri\u00e0 va ser l&#8217;\u00faltim municipi a integrar-se en la capital catalana, no \u00e9s cert que fos l&#8217;\u00faltim territori que va entrar a formar part de la ciutat, una distinci\u00f3 que en tot cas recau en els actuals barris de Bar\u00f3 de Viver i Bon Pastor, incorporats el 1945, tot i que tamb\u00e9 cal tenir present l&#8217;annexi\u00f3 no consumada d&#8217;una part de Sant Adri\u00e0 del Bes\u00f2s el 1929.<\/p>\n<p>Efectivament, el 1921 no es va acabar amb la pol\u00edtica d&#8217;agregacions, i de fet va haver-hi alguns intents de continuar-la amb la intenci\u00f3 d&#8217;incloure a Barcelona tot el territori incl\u00f2s entre els rius Llobregat i Bes\u00f2s, incorporant doncs els actuals municipis d&#8217;Esplugues de Llobregat, l&#8217;Hospitalet de Llobregat, Cornell\u00e0 de Llobregat, Sant Just Desvern i Sant Joan Desp\u00ed, m\u00e9s el marge dret de Sant Adri\u00e0 de Bes\u00f2s.<\/p>\n<p><strong>Sant Adri\u00e0 del Bes\u00f2s, a punt de desapar\u00e8ixer<\/strong><\/p>\n<p>Aquesta gran projecte que hauria convertit Barcelona en una gran metr\u00f2poli -que a dia d&#8217;avui podria superar els dos milions d&#8217;habitants- no es va dur mai a terme malgrat que el 1929 un Reial Decret va decidir la desaparici\u00f3 de Sant Adri\u00e0 de Bes\u00f2s i l&#8217;annexi\u00f3 del marge dret del Bes\u00f2s a Barcelona i de l&#8217;esquerre a Badalona.<\/p>\n<p>L&#8217;oposici\u00f3 dels ve\u00efns i de l&#8217;administraci\u00f3 adrianenca va aconseguir paralitzar el decret, de tal manera que tot i que formalment l&#8217;annexi\u00f3 era oficial, no es va arribar a dur a terme. Finalment, el 1955 es va revocar del tot el decret.<\/p>\n<p><strong>Santa Coloma de Gramenet perd territori en favor de Barcelona<\/strong><\/p>\n<p>Ara b\u00e9, Sant Adri\u00e0 del Bes\u00f3s no era l&#8217;\u00fanic municipi que comptava amb territori als dos marges del riu Besos, tamb\u00e9 era el cas de Santa Coloma de Gramenet, que tot i estar situada b\u00e0sicament al marge esquerre, comptava amb una llenca de terra d&#8217;al\u00b7luvi\u00f3 a la riba dreta entre els termes de Sant Adri\u00e0 del Bes\u00f2s i de Montcada i Reixac. \u00c9s a dir, que fins ben entrat el segle XX, Barcelona no limitava realment amb el riu Bes\u00f2s.<\/p>\n<div id=\"divimatgeeditor_278009\" class=\"divimatgeeditor\"><img decoding=\"async\" id=\"imatgeeditor_278009\" class=\"fotointerior_330 imatgeeditor\" src=\"http:\/\/dades.grupnaciodigital.com\/redaccio\/arxius\/imatges\/201508\/330_1439306617baroviver4.jpg\" alt=\"\" \/><\/div>\n<div class=\"divimatgeeditor\"><em>El Mural de la Mem\u00f2ria de Bar\u00f3 de Viver recull la hist\u00f2ria del barri Foto: Jordi Palmer\/Naci\u00f3 Digital<\/em><\/div>\n<p>Va ser en aquesta franja de terra que a finals dels anys vint s&#8217;hi van construir diversos barris de cases barates destinats a acollir els barraquistes desallotjats de Montju\u00efc en motiu de la celebraci\u00f3 de l&#8217;Exposici\u00f3 Universal del 1929. Dos d&#8217;aquests barris van ser el Milans del Bosch, inaugurat el 1929 i avui anomenat del Bon Pastor, i el del Bar\u00f3 de Viver. Aquests dos barris, m\u00e9s l&#8217;actual pol\u00edgon industrial del Bes\u00f3s que hi ha entremig, s\u00f3n els darrers territoris incorporats a Barcelona, l&#8217;any 1944.<\/p>\n<p>El 4 de gener del 1944, el Butllet\u00ed Oficial de l&#8217;Estat publicava el decret del 17 de desembre del 1943 pel qual es disposava la segregaci\u00f3 &#8220;del terme municipal de Santa Coloma de Gramenet i l&#8217;agregaci\u00f3 al de Barcelona del territori situat al marge dret del riu Bes\u00f2s&#8221;.\u00a0 El text recorda que d&#8217;acord al Reglament de Poblaci\u00f3 i Termes Municipals de 1924 i la Llei Municipal de 1935, &#8220;es poden acordar agregacions i segregacions parcials&#8221; en casos en que la &#8220;contig\u00fcitat de les cases&#8221; comporta &#8220;el gaudi compartit de serveis municipals&#8221;, circumst\u00e0ncies que es donen en el territori subjecte al canvi de pertinen\u00e7a municipal, ra\u00f3 per la qual &#8220;se segrega del terme municipal de Santa Coloma de Gramenet i s&#8217;agrega al de Barcelona el territori compr\u00e9s en la l\u00ednia divis\u00f2ria que parteix del terme de Montcada, seguint el marge dret del riu Bes\u00f2s, fins la que formen els termes de Santa Coloma i Sant Adri\u00e0 del Bes\u00f2s&#8221;.<\/p>\n<p>L&#8217;annexi\u00f3 es va fer efectiva amb data 1 de gener del 1945. Actualment el Mural de la Mem\u00f2ria que recull els fets m\u00e9s destacables de la hist\u00f2ria del barri de Bar\u00f3 de Viver fa esment d&#8217;aquests fets, incloent el pl\u00e0nol del territori agregat i l&#8217;extracte del BOE amb el decret que va oficialitzar aquella agregaci\u00f3, signada per Francisco Franco i l&#8217;aleshores ministre de la Governaci\u00f3, Blas P\u00e9rez Gonz\u00e1lez.<\/p>\n<div id=\"divimatgeeditor_278007\" class=\"divimatgeeditor\"><img decoding=\"async\" id=\"imatgeeditor_278007\" class=\"fotointerior_576 imatgeeditor\" src=\"http:\/\/dades.grupnaciodigital.com\/redaccio\/arxius\/imatges\/201508\/576_1439306502baroviver2.jpg\" alt=\"\" \/><\/div>\n<div class=\"divimatgeeditor\"><em>Les cases barates del Bon Pastor, pendents d&#8217;un pla de substituci\u00f3 per edificis moderns Foto: Jordi Palmer\/Naci\u00f3 Digital<\/em><\/div>\n<div class=\"divimatgeeditor\"><\/div>\n<div class=\"divimatgeeditor\">Publicat al diari Naci\u00f3 Digital <a href=\"http:\/\/www.naciodigital.cat\/noticia\/92389\/baro\/viver\/bon\/pastor\/ultima\/agregacio\" target=\"_blank\" rel=\"noopener noreferrer\">http:\/\/www.naciodigital.cat\/noticia\/92389\/baro\/viver\/bon\/pastor\/ultima\/agregacio\u00a0 <\/a><\/div>\n<\/div>\n<\/div>\n<\/div>\n<\/div>\n","protected":false},"excerpt":{"rendered":"<p>El 1944 Barcelona es va annexionar els territoris de Santa Coloma de Gramenet situats al marge dret del riu Bes\u00f2s El 1929 es va intentar incorporar a la capital catalana la meitat de Sant Adri\u00e0, sense \u00e8xit Planol del territori segregat de Santa Coloma, incl\u00f3s al Mural de la Mem\u00f2ria de Bar\u00f3 de Viver i [&hellip;]<\/p>\n","protected":false},"author":1,"featured_media":1051,"comment_status":"closed","ping_status":"open","sticky":false,"template":"","format":"standard","meta":{"_uag_custom_page_level_css":"","site-sidebar-layout":"default","site-content-layout":"","ast-site-content-layout":"","site-content-style":"default","site-sidebar-style":"default","ast-global-header-display":"","ast-banner-title-visibility":"","ast-main-header-display":"","ast-hfb-above-header-display":"","ast-hfb-below-header-display":"","ast-hfb-mobile-header-display":"","site-post-title":"","ast-breadcrumbs-content":"","ast-featured-img":"","footer-sml-layout":"","theme-transparent-header-meta":"","adv-header-id-meta":"","stick-header-meta":"","header-above-stick-meta":"","header-main-stick-meta":"","header-below-stick-meta":"","astra-migrate-meta-layouts":"default","ast-page-background-enabled":"default","ast-page-background-meta":{"desktop":{"background-color":"var(--ast-global-color-4)","background-image":"","background-repeat":"repeat","background-position":"center center","background-size":"auto","background-attachment":"scroll","background-type":"","background-media":"","overlay-type":"","overlay-color":"","overlay-opacity":"","overlay-gradient":""},"tablet":{"background-color":"","background-image":"","background-repeat":"repeat","background-position":"center center","background-size":"auto","background-attachment":"scroll","background-type":"","background-media":"","overlay-type":"","overlay-color":"","overlay-opacity":"","overlay-gradient":""},"mobile":{"background-color":"","background-image":"","background-repeat":"repeat","background-position":"center center","background-size":"auto","background-attachment":"scroll","background-type":"","background-media":"","overlay-type":"","overlay-color":"","overlay-opacity":"","overlay-gradient":""}},"ast-content-background-meta":{"desktop":{"background-color":"var(--ast-global-color-5)","background-image":"","background-repeat":"repeat","background-position":"center center","background-size":"auto","background-attachment":"scroll","background-type":"","background-media":"","overlay-type":"","overlay-color":"","overlay-opacity":"","overlay-gradient":""},"tablet":{"background-color":"var(--ast-global-color-5)","background-image":"","background-repeat":"repeat","background-position":"center center","background-size":"auto","background-attachment":"scroll","background-type":"","background-media":"","overlay-type":"","overlay-color":"","overlay-opacity":"","overlay-gradient":""},"mobile":{"background-color":"var(--ast-global-color-5)","background-image":"","background-repeat":"repeat","background-position":"center center","background-size":"auto","background-attachment":"scroll","background-type":"","background-media":"","overlay-type":"","overlay-color":"","overlay-opacity":"","overlay-gradient":""}},"_jetpack_newsletter_access":"","_jetpack_dont_email_post_to_subs":false,"_jetpack_newsletter_tier_id":0,"_jetpack_memberships_contains_paywalled_content":false,"_jetpack_memberships_contains_paid_content":false,"footnotes":""},"categories":[1,24],"tags":[45,42,43,46,44],"class_list":["post-1045","post","type-post","status-publish","format-standard","has-post-thumbnail","hentry","category-blog","category-noticies","tag-barcelona","tag-baro-de-viver","tag-baron-de-viver","tag-bon-pastor","tag-districte-de-sant-andreu"],"jetpack_featured_media_url":"https:\/\/barodeviver.cat\/wp-content\/uploads\/2015\/08\/330_1439306617baroviver4.jpg","uagb_featured_image_src":{"full":["https:\/\/barodeviver.cat\/wp-content\/uploads\/2015\/08\/330_1439306617baroviver4.jpg",330,204,false],"thumbnail":["https:\/\/barodeviver.cat\/wp-content\/uploads\/2015\/08\/330_1439306617baroviver4-150x150.jpg",150,150,true],"medium":["https:\/\/barodeviver.cat\/wp-content\/uploads\/2015\/08\/330_1439306617baroviver4-300x185.jpg",300,185,true],"medium_large":["https:\/\/barodeviver.cat\/wp-content\/uploads\/2015\/08\/330_1439306617baroviver4.jpg",330,204,false],"large":["https:\/\/barodeviver.cat\/wp-content\/uploads\/2015\/08\/330_1439306617baroviver4.jpg",330,204,false],"1536x1536":["https:\/\/barodeviver.cat\/wp-content\/uploads\/2015\/08\/330_1439306617baroviver4.jpg",330,204,false],"2048x2048":["https:\/\/barodeviver.cat\/wp-content\/uploads\/2015\/08\/330_1439306617baroviver4.jpg",330,204,false]},"uagb_author_info":{"display_name":"Fem Bar\u00f3 de Viver","author_link":"https:\/\/barodeviver.cat\/author\/admin"},"uagb_comment_info":0,"uagb_excerpt":"El 1944 Barcelona es va annexionar els territoris de Santa Coloma de Gramenet situats al marge dret del riu Bes\u00f2s El 1929 es va intentar incorporar a la capital catalana la meitat de Sant Adri\u00e0, sense \u00e8xit Planol del territori segregat de Santa Coloma, incl\u00f3s al Mural de la Mem\u00f2ria de Bar\u00f3 de Viver i&hellip;","jetpack_sharing_enabled":true,"jetpack_shortlink":"https:\/\/wp.me\/p86b0a-gR","_links":{"self":[{"href":"https:\/\/barodeviver.cat\/index.php?rest_route=\/wp\/v2\/posts\/1045","targetHints":{"allow":["GET"]}}],"collection":[{"href":"https:\/\/barodeviver.cat\/index.php?rest_route=\/wp\/v2\/posts"}],"about":[{"href":"https:\/\/barodeviver.cat\/index.php?rest_route=\/wp\/v2\/types\/post"}],"author":[{"embeddable":true,"href":"https:\/\/barodeviver.cat\/index.php?rest_route=\/wp\/v2\/users\/1"}],"replies":[{"embeddable":true,"href":"https:\/\/barodeviver.cat\/index.php?rest_route=%2Fwp%2Fv2%2Fcomments&post=1045"}],"version-history":[{"count":5,"href":"https:\/\/barodeviver.cat\/index.php?rest_route=\/wp\/v2\/posts\/1045\/revisions"}],"predecessor-version":[{"id":10399,"href":"https:\/\/barodeviver.cat\/index.php?rest_route=\/wp\/v2\/posts\/1045\/revisions\/10399"}],"wp:featuredmedia":[{"embeddable":true,"href":"https:\/\/barodeviver.cat\/index.php?rest_route=\/wp\/v2\/media\/1051"}],"wp:attachment":[{"href":"https:\/\/barodeviver.cat\/index.php?rest_route=%2Fwp%2Fv2%2Fmedia&parent=1045"}],"wp:term":[{"taxonomy":"category","embeddable":true,"href":"https:\/\/barodeviver.cat\/index.php?rest_route=%2Fwp%2Fv2%2Fcategories&post=1045"},{"taxonomy":"post_tag","embeddable":true,"href":"https:\/\/barodeviver.cat\/index.php?rest_route=%2Fwp%2Fv2%2Ftags&post=1045"}],"curies":[{"name":"wp","href":"https:\/\/api.w.org\/{rel}","templated":true}]}}