{"id":1059,"date":"2015-10-02T10:53:13","date_gmt":"2015-10-02T10:53:13","guid":{"rendered":"https:\/\/barodeviver.cat\/?p=1059"},"modified":"2015-10-02T10:53:13","modified_gmt":"2015-10-02T10:53:13","slug":"lalfred-bosch-regidor-del-ajuntament-de-barcelona-visita-les-entitats-de-baro-de-viver","status":"publish","type":"post","link":"https:\/\/barodeviver.cat\/?p=1059","title":{"rendered":"l\u2019Alfred Bosch regidor del Ajuntament de Barcelona visita les entitats de Bar\u00f3 de Viver"},"content":{"rendered":"<h2 class=\"entry-title\">l\u2019Alfred Bosch a Bar\u00f3 de\u00a0Viver visitant les entitats<\/h2>\n<div class=\"entry-meta\"><strong><span class=\"entry-date\">29 de setembre de 2015<\/span><\/strong><\/div>\n<div class=\"entry-content\">\n<p><img loading=\"lazy\" decoding=\"async\" class=\"alignleft wp-image-28\" src=\"https:\/\/ercmunicipalstap.files.wordpress.com\/2015\/09\/20150919_200612.jpg?w=339&amp;h=254\" alt=\"20150919_200612\" width=\"339\" height=\"254\" \/><\/p>\n<p>&nbsp;<\/p>\n<p>&nbsp;<\/p>\n<p>&nbsp;<\/p>\n<p>&nbsp;<\/p>\n<p>&nbsp;<\/p>\n<p>&nbsp;<\/p>\n<p>&nbsp;<\/p>\n<p>&nbsp;<\/p>\n<p>&nbsp;<\/p>\n<p>El passat 16 de setembre amb\u00a0l\u2019Alfred Bosch vam fer una passejada per Bar\u00f3 de Viver.<br \/>\nAquesta visita va ser organitzada per la M. Rosa Bay\u00e1 dins de la campanya base de la Federaci\u00f3 de Barcelona\u00a0 d\u2019ERC. Hi vam participar, a m\u00e9s de L\u2019Alfred i la Maria Rosa, en Llu\u00eds Vendrell (militant i ve\u00ed de Bar\u00f3 de Viver) en Narc\u00eds Miranda i jo mateix.<br \/>\nL\u2019objectiu d\u2019aquesta passejada era poder xerrar amb tota una serie d\u2019entitats del barri i coneixer, de ben aprop, qu\u00e8 \u00e9s el que estan fent i amb quins problemes es troben.<\/p>\n<p>Per comen\u00e7ar, en Llu\u00eds Vendrell ens porta als camps de petanca provisionals. All\u00e0 una dotzena de ve\u00efns\u00a0 ens\u00a0parlen de\u00a0l\u2019aillament hist\u00f2ric que pateix Bar\u00f3 de Viver. Ens\u00a0exposen\u00a0 la necessitat i la urg\u00e8ncia (tant de temps dilatada) del cobriment de les vies de l\u2019AVE per poder connectar-se de forma natural amb Sant Andreu i el reste de la ciutat.<br \/>\nEs queixen tamb\u00e9 de la manca de suport, per part de l\u2019ajuntament, al teixit associatiu propi del barri.<\/p>\n<p>A Bar\u00f3 de Viver hi viuen 2438 persones i \u00e9s el segon barri amb la taxa d\u2019atur mes alta de la ciutat, per darrera de Ciutat Meridiana.<\/p>\n<p>Visitem les instalacions provisionals de la petanca, a la cantonada dels carrers Ferran Junoy i Ciutat d\u2019Asunci\u00f3n. El club de petanca \u00e9s all\u00e0, encara, de manera provisional. Els han ofert entrar a les noves instalacions per\u00f2 ells no hi volen anar perqu\u00e8 consideren que no estan acabades.<br \/>\nEn aquestes pistes, llargament provisionals, tenen problemes de deixadesa, s\u2019han trobat rates i serps, a causa de la sorra amuntegada al solar del costat\u00a0 que porta all\u00e0 des de que es va construir la Maquinista\u2026<br \/>\nL\u2019espai actual es molt petit i no t\u00e9 aigua potable. Tenen un m\u00f3dul d\u2019obra per a canviar-se on no hi caben de capa manera.<br \/>\nActualment el club de petanca t\u00e9 24 jugadors federats a m\u00e9s dels socis.<br \/>\nHi ha unes instalacions noves, al costat del Centre C\u00edvic, per\u00f2\u00a0els membres del club consideren que no estan acabades i es negen a entrar-hi. Per\u00a0acceptar les claus mancaria trepitjar i posar grava. Demanen 5 taules i aire condicionat per l\u2019espai de vestuaris. Denuncien que l\u2019enllumenat (de sofisticat diseny) \u00e9s insuficient per a la pr\u00e0ctica del seu esport. Demanen tamb\u00e9 la instalaci\u00f3 de cartells amb informaci\u00f3 sobre l\u2019activitat que all\u00e0 es desenvolupa.<\/p>\n<p><a href=\"https:\/\/ercmunicipalstap.files.wordpress.com\/2015\/09\/20150919_201235.jpg\" target=\"_blank\" rel=\"noopener\"><img loading=\"lazy\" decoding=\"async\" class=\"alignnone size-medium wp-image-30\" src=\"https:\/\/ercmunicipalstap.files.wordpress.com\/2015\/09\/20150919_201235.jpg?w=300&amp;h=225\" alt=\"20150919_201235\" width=\"300\" height=\"225\" \/><\/a><\/p>\n<p>Anem despr\u00e8s al Centre C\u00edvic, el m\u00e9s modern de la ciutat, premiat internacionalment amb premis de sostenibilitat i disseny. Molt ben dotat, per\u00f2 infrautilitzat.<br \/>\nEns presenten a la dinamitzadora del Centre que ens acompanya durant la visita i a la cap del Centre de Gent Gran que ens agraeix la visita i l\u2019inter\u00e8s per la feina que estan tirant endavant.<\/p>\n<p>Anem despr\u00e8s a visitar a la Junta de CF Bar\u00f3 de Viver, amb el Manolo (president), el Llu\u00eds Vendrell (que ens acompanya durant tota la visita) i tota la resta de la Junta. L\u2019Alfred els exposa que ERC esta fent tot el possible per posar el tema del camp de futbol (que en un proper article exposarem detalladament) a la agenda i que es comen\u00e7i a fer el projecte.<br \/>\nERC \u00e9s l\u2019\u00fanic partit pol\u00edtic que porta aquest tema al seu programa i s\u2019ha incl\u00f3s dintre del paquet de 100 mesures que volem impulsar aquest mateix any.<\/p>\n<p>.<img loading=\"lazy\" decoding=\"async\" class=\"alignleft wp-image-29 size-medium\" src=\"https:\/\/ercmunicipalstap.files.wordpress.com\/2015\/09\/20150919_200706.jpg?w=300&amp;h=225\" alt=\"20150919_200706\" width=\"300\" height=\"225\" \/><\/p>\n<p>&nbsp;<\/p>\n<p>&nbsp;<\/p>\n<p>&nbsp;<\/p>\n<p>&nbsp;<\/p>\n<p>&nbsp;<\/p>\n<p>&nbsp;<\/p>\n<p>&nbsp;<\/p>\n<p>Despr\u00e9s de CF Bar\u00f3 de Viver anem a la Agrupaci\u00f3 de Sevillanes. All\u00e0 la responsable ens demana un millor acondicionament de l\u2019espai, i la gent que ens acompanya ens comenten que els antics espais del Centre C\u00edvic vell estan buits i que,\u00a0en el seu moment, els van dir que el passat estiu els donarien les claus perqu\u00e8 en poguessin fer \u00fas i aprofitar l\u2019espai. No ha estat aix\u00ed.<\/p>\n<p>Continuem la visita anant a les pistes\u00a0sobre la llosa que cobreix la Ronda del Litoral,\u00a0 all\u00e0 juga la Asociaci\u00f3n Deportiva Bar\u00f3 de Viver. Ells reclamen el cobriment de la llosa, per que tenen problemes d\u2019humitats al estar tant a prop del Besos\u00a0. Tamb\u00e9 es queixen de que no tenen prou espai ( el vestidor fa de dutxa, oficina, magatzem i tot \u00e9s molt petit)<\/p>\n<p>L\u2019\u00faltim tema del que parlem es l\u2019eliminaci\u00f3 de la linea de bus 73 per introduir H4 dins la xarxa ortogonal. El problema rau en que aix\u00f3 deixa el barri sense bus perqu\u00e8 l\u2019H4 comen\u00e7a i acaba al Bon Pastor i no arriba al barri. Els avis l\u2019agafen per anar al CAP de Casernes.<br \/>\nNom\u00e9s els deixen, al barri, l\u2019autobus 11 que els caps de setmana t\u00e9 una freq\u00fcencia de 1h 15m i durant la setmana 20 minuts.<\/p>\n<p><a href=\"https:\/\/ercmunicipalstap.files.wordpress.com\/2015\/09\/carlos.png\" target=\"_blank\" rel=\"noopener\"><img loading=\"lazy\" decoding=\"async\" class=\"alignnone  wp-image-24\" src=\"https:\/\/ercmunicipalstap.files.wordpress.com\/2015\/09\/carlos.png?w=132&amp;h=127\" alt=\"Carlos\" width=\"132\" height=\"127\" \/><\/a><\/p>\n<p><strong>Carlos Escuredo<\/strong><br \/>\n<strong>Conseller portaveu.<\/strong><\/p>\n<p>&nbsp;<\/p>\n<p>Noticia penjada:\u00a0<a href=\"http:\\\\ercmunicipalstap.wordpress.com\/2015\/09\/29\/amb-lalfred-bosch-a-baro-de-viver\/\" target=\"_blank\">http:\\\\ercmunicipalstap.wordpress.com\/2015\/09\/29\/amb-lalfred-bosch-a-baro-de-viver\/<\/a><\/p>\n<p>&nbsp;<\/p>\n<\/div>\n","protected":false},"excerpt":{"rendered":"<p>l\u2019Alfred Bosch a Bar\u00f3 de\u00a0Viver visitant les entitats 29 de setembre de 2015 &nbsp; &nbsp; &nbsp; &nbsp; &nbsp; &nbsp; &nbsp; &nbsp; &nbsp; El passat 16 de setembre amb\u00a0l\u2019Alfred Bosch vam fer una passejada per Bar\u00f3 de Viver. Aquesta visita va ser organitzada per la M. Rosa Bay\u00e1 dins de la campanya base de la Federaci\u00f3 [&hellip;]<\/p>\n","protected":false},"author":1,"featured_media":1060,"comment_status":"closed","ping_status":"open","sticky":false,"template":"","format":"standard","meta":{"_uag_custom_page_level_css":"","site-sidebar-layout":"default","site-content-layout":"","ast-site-content-layout":"","site-content-style":"default","site-sidebar-style":"default","ast-global-header-display":"","ast-banner-title-visibility":"","ast-main-header-display":"","ast-hfb-above-header-display":"","ast-hfb-below-header-display":"","ast-hfb-mobile-header-display":"","site-post-title":"","ast-breadcrumbs-content":"","ast-featured-img":"","footer-sml-layout":"","theme-transparent-header-meta":"","adv-header-id-meta":"","stick-header-meta":"","header-above-stick-meta":"","header-main-stick-meta":"","header-below-stick-meta":"","astra-migrate-meta-layouts":"default","ast-page-background-enabled":"default","ast-page-background-meta":{"desktop":{"background-color":"var(--ast-global-color-4)","background-image":"","background-repeat":"repeat","background-position":"center center","background-size":"auto","background-attachment":"scroll","background-type":"","background-media":"","overlay-type":"","overlay-color":"","overlay-opacity":"","overlay-gradient":""},"tablet":{"background-color":"","background-image":"","background-repeat":"repeat","background-position":"center center","background-size":"auto","background-attachment":"scroll","background-type":"","background-media":"","overlay-type":"","overlay-color":"","overlay-opacity":"","overlay-gradient":""},"mobile":{"background-color":"","background-image":"","background-repeat":"repeat","background-position":"center center","background-size":"auto","background-attachment":"scroll","background-type":"","background-media":"","overlay-type":"","overlay-color":"","overlay-opacity":"","overlay-gradient":""}},"ast-content-background-meta":{"desktop":{"background-color":"var(--ast-global-color-5)","background-image":"","background-repeat":"repeat","background-position":"center center","background-size":"auto","background-attachment":"scroll","background-type":"","background-media":"","overlay-type":"","overlay-color":"","overlay-opacity":"","overlay-gradient":""},"tablet":{"background-color":"var(--ast-global-color-5)","background-image":"","background-repeat":"repeat","background-position":"center center","background-size":"auto","background-attachment":"scroll","background-type":"","background-media":"","overlay-type":"","overlay-color":"","overlay-opacity":"","overlay-gradient":""},"mobile":{"background-color":"var(--ast-global-color-5)","background-image":"","background-repeat":"repeat","background-position":"center center","background-size":"auto","background-attachment":"scroll","background-type":"","background-media":"","overlay-type":"","overlay-color":"","overlay-opacity":"","overlay-gradient":""}},"_jetpack_newsletter_access":"","_jetpack_dont_email_post_to_subs":false,"_jetpack_newsletter_tier_id":0,"_jetpack_memberships_contains_paywalled_content":false,"_jetpack_memberships_contains_paid_content":false,"footnotes":""},"categories":[1],"tags":[],"class_list":["post-1059","post","type-post","status-publish","format-standard","has-post-thumbnail","hentry","category-blog"],"jetpack_featured_media_url":"https:\/\/barodeviver.cat\/wp-content\/uploads\/2015\/10\/20150919_200612.jpg","uagb_featured_image_src":{"full":["https:\/\/barodeviver.cat\/wp-content\/uploads\/2015\/10\/20150919_200612.jpg",339,254,false],"thumbnail":["https:\/\/barodeviver.cat\/wp-content\/uploads\/2015\/10\/20150919_200612-150x150.jpg",150,150,true],"medium":["https:\/\/barodeviver.cat\/wp-content\/uploads\/2015\/10\/20150919_200612-300x224.jpg",300,224,true],"medium_large":["https:\/\/barodeviver.cat\/wp-content\/uploads\/2015\/10\/20150919_200612.jpg",339,254,false],"large":["https:\/\/barodeviver.cat\/wp-content\/uploads\/2015\/10\/20150919_200612.jpg",339,254,false],"1536x1536":["https:\/\/barodeviver.cat\/wp-content\/uploads\/2015\/10\/20150919_200612.jpg",339,254,false],"2048x2048":["https:\/\/barodeviver.cat\/wp-content\/uploads\/2015\/10\/20150919_200612.jpg",339,254,false]},"uagb_author_info":{"display_name":"Fem Bar\u00f3 de Viver","author_link":"https:\/\/barodeviver.cat\/author\/admin"},"uagb_comment_info":0,"uagb_excerpt":"l\u2019Alfred Bosch a Bar\u00f3 de\u00a0Viver visitant les entitats 29 de setembre de 2015 &nbsp; &nbsp; &nbsp; &nbsp; &nbsp; &nbsp; &nbsp; &nbsp; &nbsp; El passat 16 de setembre amb\u00a0l\u2019Alfred Bosch vam fer una passejada per Bar\u00f3 de Viver. Aquesta visita va ser organitzada per la M. Rosa Bay\u00e1 dins de la campanya base de la Federaci\u00f3&hellip;","jetpack_sharing_enabled":true,"jetpack_shortlink":"https:\/\/wp.me\/p86b0a-h5","_links":{"self":[{"href":"https:\/\/barodeviver.cat\/index.php?rest_route=\/wp\/v2\/posts\/1059","targetHints":{"allow":["GET"]}}],"collection":[{"href":"https:\/\/barodeviver.cat\/index.php?rest_route=\/wp\/v2\/posts"}],"about":[{"href":"https:\/\/barodeviver.cat\/index.php?rest_route=\/wp\/v2\/types\/post"}],"author":[{"embeddable":true,"href":"https:\/\/barodeviver.cat\/index.php?rest_route=\/wp\/v2\/users\/1"}],"replies":[{"embeddable":true,"href":"https:\/\/barodeviver.cat\/index.php?rest_route=%2Fwp%2Fv2%2Fcomments&post=1059"}],"version-history":[{"count":1,"href":"https:\/\/barodeviver.cat\/index.php?rest_route=\/wp\/v2\/posts\/1059\/revisions"}],"predecessor-version":[{"id":1061,"href":"https:\/\/barodeviver.cat\/index.php?rest_route=\/wp\/v2\/posts\/1059\/revisions\/1061"}],"wp:featuredmedia":[{"embeddable":true,"href":"https:\/\/barodeviver.cat\/index.php?rest_route=\/wp\/v2\/media\/1060"}],"wp:attachment":[{"href":"https:\/\/barodeviver.cat\/index.php?rest_route=%2Fwp%2Fv2%2Fmedia&parent=1059"}],"wp:term":[{"taxonomy":"category","embeddable":true,"href":"https:\/\/barodeviver.cat\/index.php?rest_route=%2Fwp%2Fv2%2Fcategories&post=1059"},{"taxonomy":"post_tag","embeddable":true,"href":"https:\/\/barodeviver.cat\/index.php?rest_route=%2Fwp%2Fv2%2Ftags&post=1059"}],"curies":[{"name":"wp","href":"https:\/\/api.w.org\/{rel}","templated":true}]}}