{"id":1063,"date":"2015-10-22T16:52:42","date_gmt":"2015-10-22T16:52:42","guid":{"rendered":"https:\/\/barodeviver.cat\/?p=1063"},"modified":"2015-10-22T16:52:42","modified_gmt":"2015-10-22T16:52:42","slug":"castanyada-i-tunel-del-terror-divendres-30-doctubre-de-2015","status":"publish","type":"post","link":"https:\/\/barodeviver.cat\/?p=1063","title":{"rendered":"Castanyada i T\u00fanel del Terror, divendres 30 d&#8217;octubre de 2015"},"content":{"rendered":"<p>En catal\u00e0 i en castell\u00e0:<\/p>\n<p>Un any m\u00e9s, totes les entitats, serveis i equipaments del nostre barri hem organitzat la Castanyada i el T\u00fanel del Terror.<\/p>\n<p>La festa es far\u00e0 a la pla\u00e7a Bar\u00f3 de Viver, la Castanyada, i al Casal Infantil de la mateixa pla\u00e7a, el T\u00fanel.<\/p>\n<p>Enguany hem demanat que totes les entitats ens ajudessin a muntar la decoraci\u00f3 interna del Casal.<\/p>\n<p>Finalment la Sala Jove, el Casal Infantil, el Casal de la Gent Gran, el Centre C\u00edvic, l&#8217;Associaci\u00f3 Esportiva amb el Club de la Lluita i la Comissi\u00f3 de Festes decoraran sis espais del casal.<\/p>\n<p>El Centre C\u00edvic organitzar\u00e0 un taller de maquillatge del terror, dimarts 27 al mat\u00ed, i les persones que hi participen seran les qu\u00e8 el dia 30 ajudaran a maquillar l&#8217;equip d&#8217;actors i la resta de persones del barri que ho desitgin.<\/p>\n<p>Totes les persones que, de forma volunt\u00e0ria, volguessin col\u00b7laborar amb les entitats, es poden posar en contacte amb Centre C\u00edvic, Casal Infantil, Sala Jove, Pla Comunitari i Pla de Barris.<\/p>\n<p>La gent diu que no te por&#8230;ja ho veurem!!!<\/p>\n<p>Us hi esperem<\/p>\n<div id=\"gt-res-content\" class=\"almost_half_cell\">\n<div dir=\"ltr\"><span id=\"result_box\" class=\"\" lang=\"es\"><span title=\"Un any m\u00e9s, totes les entitats, serveis i equipaments del nostre barri hem organitzat la Castanyada i el T\u00fanel del Terror.\n\n\">Un a\u00f1o m\u00e1s, todas las entidades, servicios y equipamientos de nuestro barrio hemos organizado la Casta\u00f1ada y el T\u00fanel del Terror.<\/p>\n<p><\/span><span title=\"La festa es far\u00e0 a la pla\u00e7a Bar\u00f3 de Viver, la Castanyada, i al Casal Infantil de la mateixa pla\u00e7a, el T\u00fanel.\n\n\">La fiesta se har\u00e1 en la plaza Bar\u00f3 de Viver, la Casta\u00f1ada, y el Casal Infantil de la misma plaza, el T\u00fanel.<\/p>\n<p><\/span><span title=\"Enguany hem demanat que totes les entitats ens ajudessin a muntar la decoraci\u00f3 interna del Casal.\n\n\">Este a\u00f1o hemos pedido que todas las entidades nos ayudaran a montar la decoraci\u00f3n interna del Casal.<\/p>\n<p><\/span><span title=\"Finalment la Sala Jove, el Casal Infantil, el Casal de la Gent Gran, el Centre C\u00edvic, l'Associaci\u00f3 Esportiva amb el Club de la Lluita i la Comissi\u00f3 de Festes decoraran sis espais del casal.\n\n\">Finalmente la Sala Joven, el Casal Infantil, el Casal de la Gent Gran, el Centro C\u00edvico, la Asociaci\u00f3n Deportiva con el Club de la Lucha y la Comisi\u00f3n de Fiestas decorar\u00e1n seis espacios del casal.<\/p>\n<p><\/span><span title=\"El Centre C\u00edvic organitzar\u00e0 un taller de maquillatge del terror, dimarts 27 al mat\u00ed, i les persones que hi participen seran les qu\u00e8 el dia 30 ajudaran a maquillar l'equip d'actors i la resta de persones del barri que ho desitgin.\n\n\">El Centro C\u00edvico organizar\u00e1 un taller de maquillaje de terror, el martes 27 por la ma\u00f1ana, y las personas que participan ser\u00e1n las que el d\u00eda 30 ayudar\u00e1n a maquillar el equipo de actores y el resto de personas del barrio que lo deseen.<\/p>\n<p><\/span><span title=\"Totes les persones que, de forma volunt\u00e0ria, volguessin col\u00b7laborar amb les entitats, es poden posar en contacte amb Centre C\u00edvic, Casal Infantil, Sala Jove, Pla Comunitari i Pla de Barris.\n\n\">Todas las personas que, de forma voluntaria, quisieran colaborar con las entidades, se pueden poner en contacto con el Centro C\u00edvico, Casal Infantil, Sala Joven, Plan Comunitario y Plan de Barrios.<\/p>\n<p><\/span><span title=\"La gent diu que no te por...ja ho veurem!!!\n\n\">La gente dice que no tiene miedo &#8230; ya veremos !!!<\/p>\n<p><\/span><span title=\"Us hi esperem\">Os esperamos<\/span><\/span><\/div>\n<\/div>\n","protected":false},"excerpt":{"rendered":"<p>En catal\u00e0 i en castell\u00e0: Un any m\u00e9s, totes les entitats, serveis i equipaments del nostre barri hem organitzat la Castanyada i el T\u00fanel del Terror. La festa es far\u00e0 a la pla\u00e7a Bar\u00f3 de Viver, la Castanyada, i al Casal Infantil de la mateixa pla\u00e7a, el T\u00fanel. Enguany hem demanat que totes les entitats [&hellip;]<\/p>\n","protected":false},"author":1,"featured_media":1064,"comment_status":"closed","ping_status":"open","sticky":false,"template":"","format":"standard","meta":{"_uag_custom_page_level_css":"","site-sidebar-layout":"default","site-content-layout":"","ast-site-content-layout":"","site-content-style":"default","site-sidebar-style":"default","ast-global-header-display":"","ast-banner-title-visibility":"","ast-main-header-display":"","ast-hfb-above-header-display":"","ast-hfb-below-header-display":"","ast-hfb-mobile-header-display":"","site-post-title":"","ast-breadcrumbs-content":"","ast-featured-img":"","footer-sml-layout":"","theme-transparent-header-meta":"","adv-header-id-meta":"","stick-header-meta":"","header-above-stick-meta":"","header-main-stick-meta":"","header-below-stick-meta":"","astra-migrate-meta-layouts":"default","ast-page-background-enabled":"default","ast-page-background-meta":{"desktop":{"background-color":"var(--ast-global-color-4)","background-image":"","background-repeat":"repeat","background-position":"center center","background-size":"auto","background-attachment":"scroll","background-type":"","background-media":"","overlay-type":"","overlay-color":"","overlay-opacity":"","overlay-gradient":""},"tablet":{"background-color":"","background-image":"","background-repeat":"repeat","background-position":"center center","background-size":"auto","background-attachment":"scroll","background-type":"","background-media":"","overlay-type":"","overlay-color":"","overlay-opacity":"","overlay-gradient":""},"mobile":{"background-color":"","background-image":"","background-repeat":"repeat","background-position":"center center","background-size":"auto","background-attachment":"scroll","background-type":"","background-media":"","overlay-type":"","overlay-color":"","overlay-opacity":"","overlay-gradient":""}},"ast-content-background-meta":{"desktop":{"background-color":"var(--ast-global-color-5)","background-image":"","background-repeat":"repeat","background-position":"center center","background-size":"auto","background-attachment":"scroll","background-type":"","background-media":"","overlay-type":"","overlay-color":"","overlay-opacity":"","overlay-gradient":""},"tablet":{"background-color":"var(--ast-global-color-5)","background-image":"","background-repeat":"repeat","background-position":"center center","background-size":"auto","background-attachment":"scroll","background-type":"","background-media":"","overlay-type":"","overlay-color":"","overlay-opacity":"","overlay-gradient":""},"mobile":{"background-color":"var(--ast-global-color-5)","background-image":"","background-repeat":"repeat","background-position":"center center","background-size":"auto","background-attachment":"scroll","background-type":"","background-media":"","overlay-type":"","overlay-color":"","overlay-opacity":"","overlay-gradient":""}},"_jetpack_newsletter_access":"","_jetpack_dont_email_post_to_subs":false,"_jetpack_newsletter_tier_id":0,"_jetpack_memberships_contains_paywalled_content":false,"_jetpack_memberships_contains_paid_content":false,"footnotes":""},"categories":[1],"tags":[],"class_list":["post-1063","post","type-post","status-publish","format-standard","has-post-thumbnail","hentry","category-blog"],"jetpack_featured_media_url":"https:\/\/barodeviver.cat\/wp-content\/uploads\/2015\/10\/castagne-halloween-logos3.jpg","uagb_featured_image_src":{"full":["https:\/\/barodeviver.cat\/wp-content\/uploads\/2015\/10\/castagne-halloween-logos3.jpg",720,1112,false],"thumbnail":["https:\/\/barodeviver.cat\/wp-content\/uploads\/2015\/10\/castagne-halloween-logos3-150x150.jpg",150,150,true],"medium":["https:\/\/barodeviver.cat\/wp-content\/uploads\/2015\/10\/castagne-halloween-logos3-194x300.jpg",194,300,true],"medium_large":["https:\/\/barodeviver.cat\/wp-content\/uploads\/2015\/10\/castagne-halloween-logos3.jpg",720,1112,false],"large":["https:\/\/barodeviver.cat\/wp-content\/uploads\/2015\/10\/castagne-halloween-logos3-663x1024.jpg",663,1024,true],"1536x1536":["https:\/\/barodeviver.cat\/wp-content\/uploads\/2015\/10\/castagne-halloween-logos3.jpg",720,1112,false],"2048x2048":["https:\/\/barodeviver.cat\/wp-content\/uploads\/2015\/10\/castagne-halloween-logos3.jpg",720,1112,false]},"uagb_author_info":{"display_name":"Fem Bar\u00f3 de Viver","author_link":"https:\/\/barodeviver.cat\/author\/admin"},"uagb_comment_info":0,"uagb_excerpt":"En catal\u00e0 i en castell\u00e0: Un any m\u00e9s, totes les entitats, serveis i equipaments del nostre barri hem organitzat la Castanyada i el T\u00fanel del Terror. La festa es far\u00e0 a la pla\u00e7a Bar\u00f3 de Viver, la Castanyada, i al Casal Infantil de la mateixa pla\u00e7a, el T\u00fanel. Enguany hem demanat que totes les entitats&hellip;","jetpack_sharing_enabled":true,"jetpack_shortlink":"https:\/\/wp.me\/p86b0a-h9","_links":{"self":[{"href":"https:\/\/barodeviver.cat\/index.php?rest_route=\/wp\/v2\/posts\/1063","targetHints":{"allow":["GET"]}}],"collection":[{"href":"https:\/\/barodeviver.cat\/index.php?rest_route=\/wp\/v2\/posts"}],"about":[{"href":"https:\/\/barodeviver.cat\/index.php?rest_route=\/wp\/v2\/types\/post"}],"author":[{"embeddable":true,"href":"https:\/\/barodeviver.cat\/index.php?rest_route=\/wp\/v2\/users\/1"}],"replies":[{"embeddable":true,"href":"https:\/\/barodeviver.cat\/index.php?rest_route=%2Fwp%2Fv2%2Fcomments&post=1063"}],"version-history":[{"count":1,"href":"https:\/\/barodeviver.cat\/index.php?rest_route=\/wp\/v2\/posts\/1063\/revisions"}],"predecessor-version":[{"id":1065,"href":"https:\/\/barodeviver.cat\/index.php?rest_route=\/wp\/v2\/posts\/1063\/revisions\/1065"}],"wp:featuredmedia":[{"embeddable":true,"href":"https:\/\/barodeviver.cat\/index.php?rest_route=\/wp\/v2\/media\/1064"}],"wp:attachment":[{"href":"https:\/\/barodeviver.cat\/index.php?rest_route=%2Fwp%2Fv2%2Fmedia&parent=1063"}],"wp:term":[{"taxonomy":"category","embeddable":true,"href":"https:\/\/barodeviver.cat\/index.php?rest_route=%2Fwp%2Fv2%2Fcategories&post=1063"},{"taxonomy":"post_tag","embeddable":true,"href":"https:\/\/barodeviver.cat\/index.php?rest_route=%2Fwp%2Fv2%2Ftags&post=1063"}],"curies":[{"name":"wp","href":"https:\/\/api.w.org\/{rel}","templated":true}]}}