{"id":1068,"date":"2015-10-29T08:52:54","date_gmt":"2015-10-29T08:52:54","guid":{"rendered":"https:\/\/barodeviver.cat\/?p=1068"},"modified":"2015-10-29T08:52:54","modified_gmt":"2015-10-29T08:52:54","slug":"noticia-de-btv-les-entitats-de-baro-de-viver-maquillaran-plegades-els-veins-durant-la-festa-de-la-castanyada","status":"publish","type":"post","link":"https:\/\/barodeviver.cat\/?p=1068","title":{"rendered":"Noticia de BTV  Les entitats de Bar\u00f3 de Viver maquillaran plegades els ve\u00efns durant la festa de la Castanyada"},"content":{"rendered":"<h3><span style=\"text-decoration: underline;\"><strong>Noticia de BTV Les entitats de Bar\u00f3 de Viver maquillaran plegades els ve\u00efns durant la festa de la Castanyada<\/strong><\/span><\/h3>\n<p>La quinzena d&#8217;entitats de Bar\u00f3 de Viver s&#8217;han unit per organitzar aquest any la festa de la Castanyada i el Halloween. Entre totes han organitzat el t\u00fanel del terror i per primera vegada seran les encarregades de caracteritzar els actors que hi participaran i de maquillar els ve\u00efns que s&#8217;animaran a fer-hi una passejada. Per aix\u00f2, han hagut d&#8217;aprendre les t\u00e8cniques b\u00e0siques del maquillatge de fantasia.<\/p>\n<p>El taller de maquillatge l\u2019ha organitzat el Centre C\u00edvic de Bar\u00f3 de Viver. Hi han participat una desena de voluntaris de diferents entitats i de la Sala Jove. Ells seran les persones que maquillaran aquest any els actors i la resta de persones del barri que participaran a la Castanyada de por i al t\u00fanel del terror. Durant tot un mat\u00ed una maquilladora professional els ha ensenyat a fer ferides de por amb l\u00e0tex i paper maix\u00e9, i altres tipus de maquillatge per simular ser personatges fant\u00e0stics i salvatges. La idea de l\u2019activitat ha estat aprendre els trucs de maquillatge necessaris per\u00f2 tamb\u00e9 fer xarxa entre totes les entitats. D\u2019aquesta manera les persones que formen part d\u2019aquests col\u00b7lectius s\u2019han pogut con\u00e8ixer i compartir una estona plegades. Tot plegat amb l\u2019objectiu de fer comunitat entre tots i cr\u00e9ixer com a barri.<\/p>\n<p>La Castanyada de por a Bar\u00f3 de Viver tindr\u00e0 lloc divendres a la pla\u00e7a de Bar\u00f3 de Viver. La festa a comen\u00e7ar\u00e0 a dos quarts de sis de la tarda i inclour\u00e0 el tradicional t\u00fanel del terror. La Sala Jove, el Casal Infantil, el Casal de la Gent Gran, el Centre C\u00edvic, l\u2019Associaci\u00f3 Esportiva Bar\u00f3 de Viver, el Club de la Lluita i la Comissi\u00f3 de Festes decoraran sis espais del Casal Infantil i el transformaran en un equipament terror\u00edfic.<\/p>\n<p>Les ferides falses s\u00f3n un complement indispensable per disfressar-se per Halloween. Aquestes ve\u00efnes de Bar\u00f3 de Viver han apr\u00e8s a fer-ne aquest mat\u00ed en un curs intensiu per aprendre trucs de maquillatge per als m\u00e9s petits.<\/p>\n<p>F\u00c1TIMA AYUSO<br \/>\n&#8220;Hemos aprendido a hacer heridas para hacer disfraces de Halloween, como maquillarlas y tambi\u00e9n hacer alg\u00fan maquillaje de fantas\u00eda.&#8221;<\/p>\n<p>LOURDES GONZ\u00c1LEZ<br \/>\n&#8220;Est\u00e1n hechas con l\u00e1tex, papel mach\u00e9, lo puedes recortar, lo puedes pintar con colores.&#8221;<\/p>\n<p>Aquest taller, per\u00f2, vol ser alguna cosa m\u00e9s que una activitat organitzada al centre c\u00edvic. La intenci\u00f3 \u00e9s que sigui una eina integradora. Si per a la festa de l\u2019any passat, es va contractar una empresa per maquillar els participants, aquest any s\u00f3n aquestes mares qui s&#8217;encarregaran de fer-ho. Tamb\u00e9 seran altres entitats les que participaran a l\u2019hora de fer les castanyes o seleccionar la m\u00fasica. D&#8217;aquesta manera, la celebraci\u00f3 de la castanyada i el t\u00fanel del terror es converteixen en esdeveniments autogestionats i de cohesi\u00f3 social.<\/p>\n<p>RUB\u00c9N TORO, Sala Jove<br \/>\n&#8220;A part de fer xarxa, apoderament comunitari, de poder ser part\u00edcips, de poder fer aquesta cohesi\u00f3, de con\u00e8ixer altres entitats amb un objectiu com\u00fa i a partir d&#8217;aquest objectiu com\u00fa anar creixent com a barri.&#8221;<\/p>\n<p>En aquesta edici\u00f3 gaireb\u00e9 una vintena d&#8217;entitats participen en l&#8217;organitzaci\u00f3 d&#8217;aquest acte. La castanyada se celebrar\u00e0 divendres a la pla\u00e7a de Bar\u00f3 de Viver i el t\u00fanel del terror, al casal infantil.<\/p>\n<p>&nbsp;<\/p>\n<p><strong>Noticia de BTV\u00a0<\/strong><\/p>\n<p><a title=\"Noticia de BTV PORTADASANT ANDREU Les entitats de Bar\u00f3 de Viver maquillaran plegades els ve\u00efns durant la festa de la Castanyada\" href=\"http:\/\/www.btv.cat\/btvnoticies\/2015\/10\/28\/entitats-baro-viver-castanyada-halloween-maquillatge\/#None\" target=\"_blank\" rel=\"noopener\">http:\/\/www.btv.cat\/btvnoticies\/2015\/10\/28\/entitats-baro-viver-castanyada-halloween-maquillatge\/#None<\/a><\/p>\n","protected":false},"excerpt":{"rendered":"<p>Noticia de BTV Les entitats de Bar\u00f3 de Viver maquillaran plegades els ve\u00efns durant la festa de la Castanyada La quinzena d&#8217;entitats de Bar\u00f3 de Viver s&#8217;han unit per organitzar aquest any la festa de la Castanyada i el Halloween. Entre totes han organitzat el t\u00fanel del terror i per primera vegada seran les encarregades [&hellip;]<\/p>\n","protected":false},"author":1,"featured_media":1069,"comment_status":"closed","ping_status":"open","sticky":false,"template":"","format":"standard","meta":{"_uag_custom_page_level_css":"","site-sidebar-layout":"default","site-content-layout":"","ast-site-content-layout":"","site-content-style":"default","site-sidebar-style":"default","ast-global-header-display":"","ast-banner-title-visibility":"","ast-main-header-display":"","ast-hfb-above-header-display":"","ast-hfb-below-header-display":"","ast-hfb-mobile-header-display":"","site-post-title":"","ast-breadcrumbs-content":"","ast-featured-img":"","footer-sml-layout":"","theme-transparent-header-meta":"","adv-header-id-meta":"","stick-header-meta":"","header-above-stick-meta":"","header-main-stick-meta":"","header-below-stick-meta":"","astra-migrate-meta-layouts":"default","ast-page-background-enabled":"default","ast-page-background-meta":{"desktop":{"background-color":"var(--ast-global-color-4)","background-image":"","background-repeat":"repeat","background-position":"center center","background-size":"auto","background-attachment":"scroll","background-type":"","background-media":"","overlay-type":"","overlay-color":"","overlay-opacity":"","overlay-gradient":""},"tablet":{"background-color":"","background-image":"","background-repeat":"repeat","background-position":"center center","background-size":"auto","background-attachment":"scroll","background-type":"","background-media":"","overlay-type":"","overlay-color":"","overlay-opacity":"","overlay-gradient":""},"mobile":{"background-color":"","background-image":"","background-repeat":"repeat","background-position":"center center","background-size":"auto","background-attachment":"scroll","background-type":"","background-media":"","overlay-type":"","overlay-color":"","overlay-opacity":"","overlay-gradient":""}},"ast-content-background-meta":{"desktop":{"background-color":"var(--ast-global-color-5)","background-image":"","background-repeat":"repeat","background-position":"center center","background-size":"auto","background-attachment":"scroll","background-type":"","background-media":"","overlay-type":"","overlay-color":"","overlay-opacity":"","overlay-gradient":""},"tablet":{"background-color":"var(--ast-global-color-5)","background-image":"","background-repeat":"repeat","background-position":"center center","background-size":"auto","background-attachment":"scroll","background-type":"","background-media":"","overlay-type":"","overlay-color":"","overlay-opacity":"","overlay-gradient":""},"mobile":{"background-color":"var(--ast-global-color-5)","background-image":"","background-repeat":"repeat","background-position":"center center","background-size":"auto","background-attachment":"scroll","background-type":"","background-media":"","overlay-type":"","overlay-color":"","overlay-opacity":"","overlay-gradient":""}},"_jetpack_newsletter_access":"","_jetpack_dont_email_post_to_subs":false,"_jetpack_newsletter_tier_id":0,"_jetpack_memberships_contains_paywalled_content":false,"_jetpack_memberships_contains_paid_content":false,"footnotes":""},"categories":[1],"tags":[],"class_list":["post-1068","post","type-post","status-publish","format-standard","has-post-thumbnail","hentry","category-blog"],"jetpack_featured_media_url":"https:\/\/barodeviver.cat\/wp-content\/uploads\/2015\/10\/btv-noticia.jpg","uagb_featured_image_src":{"full":["https:\/\/barodeviver.cat\/wp-content\/uploads\/2015\/10\/btv-noticia.jpg",1366,768,false],"thumbnail":["https:\/\/barodeviver.cat\/wp-content\/uploads\/2015\/10\/btv-noticia-150x150.jpg",150,150,true],"medium":["https:\/\/barodeviver.cat\/wp-content\/uploads\/2015\/10\/btv-noticia-300x168.jpg",300,168,true],"medium_large":["https:\/\/barodeviver.cat\/wp-content\/uploads\/2015\/10\/btv-noticia.jpg",768,432,false],"large":["https:\/\/barodeviver.cat\/wp-content\/uploads\/2015\/10\/btv-noticia-1024x575.jpg",1024,575,true],"1536x1536":["https:\/\/barodeviver.cat\/wp-content\/uploads\/2015\/10\/btv-noticia.jpg",1366,768,false],"2048x2048":["https:\/\/barodeviver.cat\/wp-content\/uploads\/2015\/10\/btv-noticia.jpg",1366,768,false]},"uagb_author_info":{"display_name":"Fem Bar\u00f3 de Viver","author_link":"https:\/\/barodeviver.cat\/author\/admin"},"uagb_comment_info":0,"uagb_excerpt":"Noticia de BTV Les entitats de Bar\u00f3 de Viver maquillaran plegades els ve\u00efns durant la festa de la Castanyada La quinzena d&#8217;entitats de Bar\u00f3 de Viver s&#8217;han unit per organitzar aquest any la festa de la Castanyada i el Halloween. Entre totes han organitzat el t\u00fanel del terror i per primera vegada seran les encarregades&hellip;","jetpack_sharing_enabled":true,"jetpack_shortlink":"https:\/\/wp.me\/p86b0a-he","_links":{"self":[{"href":"https:\/\/barodeviver.cat\/index.php?rest_route=\/wp\/v2\/posts\/1068","targetHints":{"allow":["GET"]}}],"collection":[{"href":"https:\/\/barodeviver.cat\/index.php?rest_route=\/wp\/v2\/posts"}],"about":[{"href":"https:\/\/barodeviver.cat\/index.php?rest_route=\/wp\/v2\/types\/post"}],"author":[{"embeddable":true,"href":"https:\/\/barodeviver.cat\/index.php?rest_route=\/wp\/v2\/users\/1"}],"replies":[{"embeddable":true,"href":"https:\/\/barodeviver.cat\/index.php?rest_route=%2Fwp%2Fv2%2Fcomments&post=1068"}],"version-history":[{"count":1,"href":"https:\/\/barodeviver.cat\/index.php?rest_route=\/wp\/v2\/posts\/1068\/revisions"}],"predecessor-version":[{"id":1070,"href":"https:\/\/barodeviver.cat\/index.php?rest_route=\/wp\/v2\/posts\/1068\/revisions\/1070"}],"wp:featuredmedia":[{"embeddable":true,"href":"https:\/\/barodeviver.cat\/index.php?rest_route=\/wp\/v2\/media\/1069"}],"wp:attachment":[{"href":"https:\/\/barodeviver.cat\/index.php?rest_route=%2Fwp%2Fv2%2Fmedia&parent=1068"}],"wp:term":[{"taxonomy":"category","embeddable":true,"href":"https:\/\/barodeviver.cat\/index.php?rest_route=%2Fwp%2Fv2%2Fcategories&post=1068"},{"taxonomy":"post_tag","embeddable":true,"href":"https:\/\/barodeviver.cat\/index.php?rest_route=%2Fwp%2Fv2%2Ftags&post=1068"}],"curies":[{"name":"wp","href":"https:\/\/api.w.org\/{rel}","templated":true}]}}