{"id":1104,"date":"2016-02-21T17:32:39","date_gmt":"2016-02-21T17:32:39","guid":{"rendered":"https:\/\/barodeviver.cat\/?p=1104"},"modified":"2016-02-21T20:22:36","modified_gmt":"2016-02-21T20:22:36","slug":"baro-de-viver-un-barrio-arrinconado-noticia-21022016-publicado-en-el-periodico-de-catalunya","status":"publish","type":"post","link":"https:\/\/barodeviver.cat\/?p=1104","title":{"rendered":"Bar\u00f3 de Viver: un barrio arrinconado &#8211; Noticia 21\/02\/2016 publicado en EL PERIODICO DE CATALUNYA"},"content":{"rendered":"<div class=\"unit c100\">\n<div class=\"comp ep-noticia-detalle\">\n<p class=\"p1\">UNA ZONA DEGRADADA<\/p>\n<h1 class=\"titulo\">Bar\u00f3 de Viver: un barrio arrinconado<\/h1>\n<h2 class=\"subtitulo\">El vecindario trata de combatir los tres d\u00e9ficits que le lastran: el aislamiento, la carencia de equipamientos y la falta de tejido econ\u00f3mico<\/h2>\n<\/div>\n<div class=\"comp ep-toolbar\"><\/div>\n<div class=\"comp ep-img\">\n<div class=\"thumb\"><img decoding=\"async\" src=\"http:\/\/estaticos.elperiodico.com\/resources\/jpg\/9\/8\/fcasals32872778-barcelona-2016-sociedad-barcelona-reportaje-160221171647-1456071628589.jpg\" alt=\"Bar\u00f3 de Viver: un barrio arrinconado\" \/><\/p>\n<div class=\"cred\">\n<p>RICARD CUGAT. Un vecino del barrio juega con su perro en una plaza dura de Bar\u00f3 de Viver.<\/p>\n<\/div>\n<\/div>\n<\/div>\n<\/div>\n<div class=\"unit c75 last\">\n<div class=\"comp cuerpo-noticia\">\n<p><strong><span class=\"fecha\">DOMINGO, 21 DE FEBRERO DEL 2016<\/span><\/strong><\/p>\n<p>Casi todo parece concebido con car\u00e1cter provisional, casi de urgencia, en <strong>Bar\u00f3 de Viver, <\/strong>un barrio humilde que acumula ocho d\u00e9cadas de existencia sin sacudirse la sensaci\u00f3n de ser un inc\u00f3modo apa\u00f1o urban\u00edstico. Esa impresi\u00f3n que qued\u00f3 cuando el Patronato de la Habitaci\u00f3n edific\u00f3 unos inmuebles al estilo de las casas baratas de la \u00e9poca para acoger a la <strong>inmigraci\u00f3n <\/strong>del momento en una situaci\u00f3n que se repiti\u00f3 en los 50, con las nuevas olas de reci\u00e9n llegados. El <strong>Plan Especial de Reforma Interior<\/strong> de 1985 contribuy\u00f3 a paliar algunos de sus d\u00e9ficits estructurales, pero 30 a\u00f1os despu\u00e9s el barrio mantiene grandes desaf\u00edos por resolver.<\/p>\n<h3>UN VECINDARIO QUE SE RESISTE AL AISLAMIENTO<\/h3>\n<p>Bar\u00f3 de Viver fue uno de los espacios m\u00e1s beneficiados por la creaci\u00f3n de la <strong>Ronda de Dalt<\/strong> y la de <strong>Litoral, <\/strong>que envuelven al barrio y contribuyen a romper su ancestral aislamiento, para lo que tambi\u00e9n fue importante la inauguraci\u00f3n en 1983 de una estaci\u00f3n de\u00a0<span style=\"color: #000000;\"><strong>metro<\/strong><\/span>. Pero la accesibilidad es a\u00fan asignatura pendiente a ojos de sus habitantes. Lo denuncia <strong>David Garc\u00eda,<\/strong> vicepresidente de la\u00a0<strong>Asociaci\u00f3n de Vecinos Pi i Margall, <\/strong>y pone como ejemplo que el\u00a0<strong>autob\u00fas<\/strong> <strong>73 <\/strong>dejar\u00e1 de funcionar el 29 de febrero y acabar\u00e1\u00a0servicio en Bon Pastor, al pasar a ser la l\u00ednea H-4. &#8220;Esa l\u00ednea era la \u00fanica que\u00a0te deja en Sant Andreu, donde tenemos la oficina bancaria que dej\u00f3 de operar aqu\u00ed y otros servicios b\u00e1sicos&#8221;,\u00a0expone <strong>Manoli Villalba, <\/strong>presidenta del <strong>Centro Cultural Andaluz.<\/strong> Villalba destaca que &#8220;en los \u00faltimos a\u00f1os han dejado de operar tres l\u00edneas en el barrio&#8221; e incide en que\u00a0el problema de movilidad se agrava &#8220;con lo lejos que est\u00e1 la estaci\u00f3n de metro para la gente mayor\u00a0y la inseguridad que siente al ir all\u00ed al oscurecer\u201d.<\/p>\n<h3>SIN EQUIPAMIENTOS POR LA DENSIDAD DE POBLACI\u00d3N<\/h3>\n<p>Los vecinos conocen al dedillo el censo de Bar\u00f3 de Viver sin consultar documentaci\u00f3n oficial. \u201cDesde hace muchos a\u00f1os, al acudir a reclamar mejoras para el barrio nos responden con la misma cantinela: somos 2.300 vecinos, una cantidad insuficiente para tener derecho a seg\u00fan qu\u00e9 servicios e infraestructuras, seg\u00fan nos dicen\u201d, destaca Villalba. Bajo esa premisa, la respuesta negativa del consistorio de turno se ha ido reproduciendo cada vez que denunciaban carencias del vecindario, con unos <strong>servicios sanitarios, equipamientos deportivos<\/strong> y una <strong>biblioteca<\/strong> como los m\u00e1s demandados. \u201cLos chavales no tienen <strong>&#8216;casal\u2019<\/strong> y a\u00fan espero que me respondan a la petici\u00f3n de dos simples canastas para jugar al baloncesto\u201d, expone Garc\u00eda. La excepci\u00f3n, la \u201cchul\u00edsima guarder\u00eda municipal\u201d, dice Villalba, una de las voces m\u00e1s respetadas en el barrio.<\/p>\n<h3>UN BARRIO DEPRIMIDO POR EL PARO<\/h3>\n<p>Da tanta pena encontrar a chavales de veintitantos a\u00f1os sentados en el parque sin nada que hacer. El 80% est\u00e1n <strong>parados<\/strong>\u201d, se lamenta Villalba. \u201cEl desempleo es el mayor problema que tenemos y consecuencia de otras carencias en el barrio, como la <strong>escasez de tiendas<\/strong>\u201d, destaca Garc\u00eda. Para comprar, hay que desplazarse a las grandes superficies del entorno o a barrios mejor surtidos de oferta comercial, como el n\u00facleo urbano de Sant Andreu o Santa Coloma de Gramenet. Villalba denuncia la ausencia de establecimientos tan cotidianos en otros lugares como un banco o una gestor\u00eda y esperan que el proyecto <strong>Sin\u00e8rgics <\/strong>contribuya a paliar el d\u00e9ficit comercial y la lacra del paro. \u201cLos j\u00f3venes necesitan una oportunidad para montar negocios que enriquezcan el barrio y les permitan tener un futuro. Somos de Sant Andreu solo para salir en el mapa; para todo lo de m\u00e1s, somos el culo del mundo\u201d, denuncia Villalba.<\/p>\n<p>Publicado el 21\/02\/2016 en el diario El Periodico de Catalunya\u00a0<a href=\"http:\/\/www.elperiodico.com\/es\/noticias\/barcelona\/baro-viver-barrio-arrinconado-4912380\" target=\"_blank\" rel=\"noopener\">\u00a0http:\/\/www.elperiodico.com\/es\/noticias\/barcelona\/baro-viver-barrio-arrinconado-4912380\u00a0<\/a><\/p>\n<\/div>\n<\/div>\n","protected":false},"excerpt":{"rendered":"<p>UNA ZONA DEGRADADA Bar\u00f3 de Viver: un barrio arrinconado El vecindario trata de combatir los tres d\u00e9ficits que le lastran: el aislamiento, la carencia de equipamientos y la falta de tejido econ\u00f3mico RICARD CUGAT. Un vecino del barrio juega con su perro en una plaza dura de Bar\u00f3 de Viver. DOMINGO, 21 DE FEBRERO DEL [&hellip;]<\/p>\n","protected":false},"author":1,"featured_media":1105,"comment_status":"closed","ping_status":"open","sticky":false,"template":"","format":"standard","meta":{"_uag_custom_page_level_css":"","site-sidebar-layout":"default","site-content-layout":"","ast-site-content-layout":"","site-content-style":"default","site-sidebar-style":"default","ast-global-header-display":"","ast-banner-title-visibility":"","ast-main-header-display":"","ast-hfb-above-header-display":"","ast-hfb-below-header-display":"","ast-hfb-mobile-header-display":"","site-post-title":"","ast-breadcrumbs-content":"","ast-featured-img":"","footer-sml-layout":"","theme-transparent-header-meta":"","adv-header-id-meta":"","stick-header-meta":"","header-above-stick-meta":"","header-main-stick-meta":"","header-below-stick-meta":"","astra-migrate-meta-layouts":"default","ast-page-background-enabled":"default","ast-page-background-meta":{"desktop":{"background-color":"var(--ast-global-color-4)","background-image":"","background-repeat":"repeat","background-position":"center center","background-size":"auto","background-attachment":"scroll","background-type":"","background-media":"","overlay-type":"","overlay-color":"","overlay-opacity":"","overlay-gradient":""},"tablet":{"background-color":"","background-image":"","background-repeat":"repeat","background-position":"center center","background-size":"auto","background-attachment":"scroll","background-type":"","background-media":"","overlay-type":"","overlay-color":"","overlay-opacity":"","overlay-gradient":""},"mobile":{"background-color":"","background-image":"","background-repeat":"repeat","background-position":"center center","background-size":"auto","background-attachment":"scroll","background-type":"","background-media":"","overlay-type":"","overlay-color":"","overlay-opacity":"","overlay-gradient":""}},"ast-content-background-meta":{"desktop":{"background-color":"var(--ast-global-color-5)","background-image":"","background-repeat":"repeat","background-position":"center center","background-size":"auto","background-attachment":"scroll","background-type":"","background-media":"","overlay-type":"","overlay-color":"","overlay-opacity":"","overlay-gradient":""},"tablet":{"background-color":"var(--ast-global-color-5)","background-image":"","background-repeat":"repeat","background-position":"center center","background-size":"auto","background-attachment":"scroll","background-type":"","background-media":"","overlay-type":"","overlay-color":"","overlay-opacity":"","overlay-gradient":""},"mobile":{"background-color":"var(--ast-global-color-5)","background-image":"","background-repeat":"repeat","background-position":"center center","background-size":"auto","background-attachment":"scroll","background-type":"","background-media":"","overlay-type":"","overlay-color":"","overlay-opacity":"","overlay-gradient":""}},"_jetpack_newsletter_access":"","_jetpack_dont_email_post_to_subs":false,"_jetpack_newsletter_tier_id":0,"_jetpack_memberships_contains_paywalled_content":false,"_jetpack_memberships_contains_paid_content":false,"footnotes":""},"categories":[1],"tags":[],"class_list":["post-1104","post","type-post","status-publish","format-standard","has-post-thumbnail","hentry","category-blog"],"jetpack_featured_media_url":"https:\/\/barodeviver.cat\/wp-content\/uploads\/2016\/02\/fcasals32872778-barcelona-2016-sociedad-barcelona-reportaje-160221171647-1456071628589.jpg","uagb_featured_image_src":{"full":["https:\/\/barodeviver.cat\/wp-content\/uploads\/2016\/02\/fcasals32872778-barcelona-2016-sociedad-barcelona-reportaje-160221171647-1456071628589.jpg",646,420,false],"thumbnail":["https:\/\/barodeviver.cat\/wp-content\/uploads\/2016\/02\/fcasals32872778-barcelona-2016-sociedad-barcelona-reportaje-160221171647-1456071628589-150x150.jpg",150,150,true],"medium":["https:\/\/barodeviver.cat\/wp-content\/uploads\/2016\/02\/fcasals32872778-barcelona-2016-sociedad-barcelona-reportaje-160221171647-1456071628589-300x195.jpg",300,195,true],"medium_large":["https:\/\/barodeviver.cat\/wp-content\/uploads\/2016\/02\/fcasals32872778-barcelona-2016-sociedad-barcelona-reportaje-160221171647-1456071628589.jpg",646,420,false],"large":["https:\/\/barodeviver.cat\/wp-content\/uploads\/2016\/02\/fcasals32872778-barcelona-2016-sociedad-barcelona-reportaje-160221171647-1456071628589.jpg",646,420,false],"1536x1536":["https:\/\/barodeviver.cat\/wp-content\/uploads\/2016\/02\/fcasals32872778-barcelona-2016-sociedad-barcelona-reportaje-160221171647-1456071628589.jpg",646,420,false],"2048x2048":["https:\/\/barodeviver.cat\/wp-content\/uploads\/2016\/02\/fcasals32872778-barcelona-2016-sociedad-barcelona-reportaje-160221171647-1456071628589.jpg",646,420,false]},"uagb_author_info":{"display_name":"Fem Bar\u00f3 de Viver","author_link":"https:\/\/barodeviver.cat\/author\/admin"},"uagb_comment_info":0,"uagb_excerpt":"UNA ZONA DEGRADADA Bar\u00f3 de Viver: un barrio arrinconado El vecindario trata de combatir los tres d\u00e9ficits que le lastran: el aislamiento, la carencia de equipamientos y la falta de tejido econ\u00f3mico RICARD CUGAT. Un vecino del barrio juega con su perro en una plaza dura de Bar\u00f3 de Viver. DOMINGO, 21 DE FEBRERO DEL&hellip;","jetpack_sharing_enabled":true,"jetpack_shortlink":"https:\/\/wp.me\/p86b0a-hO","_links":{"self":[{"href":"https:\/\/barodeviver.cat\/index.php?rest_route=\/wp\/v2\/posts\/1104","targetHints":{"allow":["GET"]}}],"collection":[{"href":"https:\/\/barodeviver.cat\/index.php?rest_route=\/wp\/v2\/posts"}],"about":[{"href":"https:\/\/barodeviver.cat\/index.php?rest_route=\/wp\/v2\/types\/post"}],"author":[{"embeddable":true,"href":"https:\/\/barodeviver.cat\/index.php?rest_route=\/wp\/v2\/users\/1"}],"replies":[{"embeddable":true,"href":"https:\/\/barodeviver.cat\/index.php?rest_route=%2Fwp%2Fv2%2Fcomments&post=1104"}],"version-history":[{"count":1,"href":"https:\/\/barodeviver.cat\/index.php?rest_route=\/wp\/v2\/posts\/1104\/revisions"}],"predecessor-version":[{"id":1106,"href":"https:\/\/barodeviver.cat\/index.php?rest_route=\/wp\/v2\/posts\/1104\/revisions\/1106"}],"wp:featuredmedia":[{"embeddable":true,"href":"https:\/\/barodeviver.cat\/index.php?rest_route=\/wp\/v2\/media\/1105"}],"wp:attachment":[{"href":"https:\/\/barodeviver.cat\/index.php?rest_route=%2Fwp%2Fv2%2Fmedia&parent=1104"}],"wp:term":[{"taxonomy":"category","embeddable":true,"href":"https:\/\/barodeviver.cat\/index.php?rest_route=%2Fwp%2Fv2%2Fcategories&post=1104"},{"taxonomy":"post_tag","embeddable":true,"href":"https:\/\/barodeviver.cat\/index.php?rest_route=%2Fwp%2Fv2%2Ftags&post=1104"}],"curies":[{"name":"wp","href":"https:\/\/api.w.org\/{rel}","templated":true}]}}