{"id":1107,"date":"2016-02-21T20:21:46","date_gmt":"2016-02-21T20:21:46","guid":{"rendered":"https:\/\/barodeviver.cat\/?p=1107"},"modified":"2016-02-21T20:21:46","modified_gmt":"2016-02-21T20:21:46","slug":"baro-de-viver-rehabilitara-locales-en-desuso-para-atraer-empresas-noticia-19022016-publicado-en-el-periodico-de-catalunya","status":"publish","type":"post","link":"https:\/\/barodeviver.cat\/?p=1107","title":{"rendered":"Bar\u00f3 de Viver rehabilitar\u00e1 locales en desuso para atraer empresas Noticia 19\/02\/2016 publicado en EL PERIODICO DE CATALUNYA"},"content":{"rendered":"<div class=\"unit c100\">\n<div class=\"comp ep-noticia-detalle\">\n<p class=\"p1\">IMPULSO DE UNA ZONA DEGRADADA<\/p>\n<h1 class=\"titulo\">Bar\u00f3 de Viver rehabilitar\u00e1 locales en desuso para atraer empresas<\/h1>\n<h2 class=\"subtitulo\">El ayuntamiento ofrecer\u00e1 facilidades para incentivar la llegada de iniciativas que revitalicen el barrio<\/h2>\n<h2 class=\"subtitulo\">Sin\u00e8rgics ser\u00e1 un espacio de &#8216;coworking&#8217; cuyos proyectos redunden en empleo y beneficios para los vecinos<\/h2>\n<\/div>\n<div class=\"comp ep-toolbar\"><\/div>\n<div class=\"comp ep-img\">\n<div class=\"thumb\"><img decoding=\"async\" src=\"http:\/\/estaticos.elperiodico.com\/resources\/jpg\/0\/5\/uno-los-locales-que-rehabilitara-ayuntamiento-para-atraer-llegada-empresas-baro-viver-1455902354250.jpg\" alt=\"Bar\u00f3 de Viver rehabilitar\u00e1 locales en desuso para atraer empresas\" \/><\/p>\n<div class=\"cred\">\n<p>RICARD CUGAT. Uno de los locales que rehabilitar\u00e1 el ayuntamiento para atraer la llegada de empresas a Bar\u00f3 de Viver.<\/p>\n<\/div>\n<\/div>\n<\/div>\n<\/div>\n<div class=\"unit c75 last\">\n<div class=\"comp cuerpo-noticia\">\n<p><strong><span class=\"fecha\">VIERNES, 19 DE FEBRERO DEL 2016 &#8211; 18:27 <abbr title=\"Central European Time\">CET<\/abbr><\/span><\/strong><\/p>\n<p>Que el de <strong>Bar\u00f3 de Viver <\/strong>es uno de los <strong>barrios m\u00e1s deprimidos\u00a0<\/strong>y con m\u00e1s necesidades de intervenci\u00f3n p\u00fablica de <strong>Barcelona <\/strong>se constata en una infinidad de detalles. Uno de ellos es tan simple como el de mirar a diestro y siniestro hacia los bajos de los edificios que uno encuentra a su alrededor durante un paseo por este vecindario del distrito de<strong> Sant Andreu.<\/strong> Lo que ser\u00edan escaparates de comercios y puertas de empresas en la inmensa mayor\u00eda de espacios de la ciudad se convierte aqu\u00ed en un extenso muestrario de ladrillos, los empleados para tapiar locales concebidos para acoger un negocio o un servicio que en Bar\u00f3 de Viver, a d\u00eda de hoy, est\u00e1n condenados al ostracismo.<\/p>\n<p>Conscientes de esa carencia de m\u00fasculo empresarial en la zona, el\u00a0<strong>Ayuntamiento de Barcelona<\/strong> pretende dar un nuevo impulso a cinco locales en desuso para ubicar un espacio polivalente de\u00a0<strong>&#8216;coworking&#8217; <\/strong>que contribuya a \u201creactivar la actividad econ\u00f3mica en la zona, una de las que presenta m\u00e1s necesidades\u201d, seg\u00fan expone\u00a0<strong>Laia Ortiz,<\/strong> teniente de alcalde de Derechos Sociales del consistorio. El espacio, denominado <strong>Sin\u00e8rgics<\/strong>, es una de las primeras iniciativas adoptadas por el nuevo Gobierno municipal para combatir la falta de cohesi\u00f3n social e incrementar la sensaci\u00f3n de seguridad del barrio. \u201cCuando est\u00e1s all\u00ed tienes la sensaci\u00f3n de falta de vida, de que se hace necesario un impulso por la gran cantidad de locales desocupados y la falta de actividad en la\u00a0calle\u201d, expone Ortiz. Los locales, de algo m\u00e1s de\u00a0200 metros, llevaban m\u00e1s\u00a0de 15 a\u00f1os en desuso, seg\u00fan destaca el consitorio.<\/p>\n<p>La voluntad es crear un entorno propicio para que emprendedores y peque\u00f1as empresas se establezcan en la zona y prosperen. Una manera de desarrollar el tejido empresarial como elemento generador de empleo y de riqueza que redunde en el entorno mejorando sus expectativas socioecon\u00f3micas. Para tal fin, el Gobierno de <strong>Ada Colau<\/strong> pretende que los proyectos seleccionados impulsen sinergias en las que colaboren con vecinos y\u00a0entidades, convirti\u00e9ndose en un recurso profesional de proximidad para empresas y comercios del barrio e incrementando el consumo local.<\/p>\n<h3>INCENTIVOS<\/h3>\n<p>A la hora de seleccionar las propuestas m\u00e1s id\u00f3neas, se priorizar\u00e1n las circunscritas en<strong> proyectos cooperativos,<\/strong> de <strong>econom\u00eda sostenible<\/strong> y que aporten valor a\u00f1adido al barrio. \u201cPedimos coherencia, sostenibilidad, valores y un componente innegociable de retorno al territorio\u201d, destaca Ortiz. La iniciativa se desarrollar\u00e1 en los cinco locales distribuidos en una manzana edificada entre las calles de <strong>Quito<\/strong> y <strong>Clariana<\/strong>, donde las empresas aprovechar\u00e1n de condiciones ventajosas a cambio de contribuir a recuperar la an\u00e9mica actividad econ\u00f3mica de la zona.<\/p>\n<p>El primer a\u00f1o, los inquilinos estar\u00e1n exentos de abonar el <strong>alquiler<\/strong>, una medida que, en funci\u00f3n del desarrollo del proyecto se extender\u00e1 hasta dos a\u00f1os m\u00e1s. Cuando se acabe pagando el alquiler ser\u00e1 en cualquier caso a un \u201cprecio muy competitivo\u201d, por debajo del valor de mercado. Otros incentivos para establecerse en Sin\u00e8rgics\u00a0ser\u00e1n la gratuidad del <strong>asesoramiento empresarial,<\/strong> as\u00ed como en los servicios comunes compartidos, como &#8216;wifi&#8217;,\u00a0fotocopiadora y suministros b\u00e1sicos.<\/p>\n<h3>BES\u00d2S, EJE ESTRAT\u00c9GICO<\/h3>\n<p>La declaraci\u00f3n de intenciones del ayuntamiento se percibir\u00e1 desde la primera etapa de la iniciativa, la consistente en la rehabilitaci\u00f3n de los espacios en la que se pretende contratar a profesionales<strong>residentes <\/strong>en el barrio y que, si se cumplen los planes, concluir\u00e1 el pr\u00f3ximo abril. En este periodo comenzar\u00e1 la b\u00fasqueda y selecci\u00f3n de profesionales en un proceso que contar\u00e1 con la colaboraci\u00f3n de ciudadanos y entidades de Bar\u00f3 de Viver. La segunda parte comenzar\u00e1 entonces y se prev\u00e9 que concluya en diciembre. \u201cSer\u00e1 la culminaci\u00f3n de una demanda que parte de los propios vecinos para combatir\u00a0la falta de dinamizaci\u00f3n comunitaria y de vida en el d\u00eda a d\u00eda del barrio\u201d; resume Ortiz.<\/p>\n<p>El proyecto naci\u00f3 antes de que fructificara la estrategia de impulso del<strong> Eix Bes\u00f2s,<\/strong> pero totalmente identificada con esta voluntad de los ayuntamientos de Barcelona, Badalona, Santa Coloma, Sant Adri\u00e0 de Bes\u00f2s y Montcada i Reixac de promover un plan transversal de transformaci\u00f3n de un territorio que fomente la cohesi\u00f3n social, la calidad del espacio p\u00fablico, las infraestructuras y\u00a0los equipamientos. Colau avanz\u00f3 en su\u00a0conferencia anual una inversi\u00f3n de 150 millones para mejorar las condiciones de los barrios del\u00a0eje Bes\u00f2s,\u00a0Ciutat Vella, Sants-Montju\u00efc y la ladera\u00a0de Collserola.<\/p>\n<div class=\"despiece-bottom\">\n<h3>Un vecindario joven y empobrecido<\/h3>\n<p>La<strong> renta familiar disponible<\/strong> por habitante en Bar\u00f3 de Viver es un indicio evidente del perfil sociodemogr\u00e1fico del barrio, con un 38,1% de la renta familiar de media en la ciudad y se sit\u00faa pr\u00e1cticamente a la mitad del 74,1% del distrito de Sant Andreu\u00a0 en el 2011, \u00faltimos datos facilitados por el ayuntamiento.<\/p>\n<p>Otro de los rasgos que le diferencian del resto de entornos urbanos de Barcelona es el de ser un vecindario eminentemente <strong>joven<\/strong>, puesto que las personas de 65 a\u00f1os o m\u00e1s representaban en el 2012 un 16,7%, frente al 20,1% y el 20,9% del distrito y de la ciudad, respectivamente. En el extremo opuesto, el 17% de las personas de hasta 14 a\u00f1os, ante el 13,1% de Sant Andreu y el 12,3% del conjunto de la ciudad. Sus m\u00e1s de 2.300 habitantes en una superficie de 0,22\u00a0 km cuadrados arroja una densidad de poblaci\u00f3n\u00a0 de algo m\u00e1s de 10.000 habitantes por kil\u00f3metro cuadrado, menos de la mitad del distrito y sensiblemente inferior a la de Barcelona, seg\u00fan cifras del propio consistorio.<\/p>\n<p>&nbsp;<\/p>\n<p>Publicado el 19\/02\/2016 en el diario El Periodico de Catalunya\u00a0<a href=\"http:\/\/www.elperiodico.com\/es\/noticias\/barcelona\/baro-viver-rehabilitara-locales-desuso-captar-empresas-4911837\" target=\"_blank\" rel=\"noopener\">\u00a0http:\/\/www.elperiodico.com\/es\/noticias\/barcelona\/baro-viver-rehabilitara-locales-desuso-captar-empresas-4911837\u00a0<\/a><\/p>\n<\/div>\n<\/div>\n<\/div>\n","protected":false},"excerpt":{"rendered":"<p>IMPULSO DE UNA ZONA DEGRADADA Bar\u00f3 de Viver rehabilitar\u00e1 locales en desuso para atraer empresas El ayuntamiento ofrecer\u00e1 facilidades para incentivar la llegada de iniciativas que revitalicen el barrio Sin\u00e8rgics ser\u00e1 un espacio de &#8216;coworking&#8217; cuyos proyectos redunden en empleo y beneficios para los vecinos RICARD CUGAT. Uno de los locales que rehabilitar\u00e1 el ayuntamiento [&hellip;]<\/p>\n","protected":false},"author":1,"featured_media":1108,"comment_status":"closed","ping_status":"open","sticky":false,"template":"","format":"standard","meta":{"_uag_custom_page_level_css":"","site-sidebar-layout":"default","site-content-layout":"","ast-site-content-layout":"","site-content-style":"default","site-sidebar-style":"default","ast-global-header-display":"","ast-banner-title-visibility":"","ast-main-header-display":"","ast-hfb-above-header-display":"","ast-hfb-below-header-display":"","ast-hfb-mobile-header-display":"","site-post-title":"","ast-breadcrumbs-content":"","ast-featured-img":"","footer-sml-layout":"","theme-transparent-header-meta":"","adv-header-id-meta":"","stick-header-meta":"","header-above-stick-meta":"","header-main-stick-meta":"","header-below-stick-meta":"","astra-migrate-meta-layouts":"default","ast-page-background-enabled":"default","ast-page-background-meta":{"desktop":{"background-color":"var(--ast-global-color-4)","background-image":"","background-repeat":"repeat","background-position":"center center","background-size":"auto","background-attachment":"scroll","background-type":"","background-media":"","overlay-type":"","overlay-color":"","overlay-opacity":"","overlay-gradient":""},"tablet":{"background-color":"","background-image":"","background-repeat":"repeat","background-position":"center center","background-size":"auto","background-attachment":"scroll","background-type":"","background-media":"","overlay-type":"","overlay-color":"","overlay-opacity":"","overlay-gradient":""},"mobile":{"background-color":"","background-image":"","background-repeat":"repeat","background-position":"center center","background-size":"auto","background-attachment":"scroll","background-type":"","background-media":"","overlay-type":"","overlay-color":"","overlay-opacity":"","overlay-gradient":""}},"ast-content-background-meta":{"desktop":{"background-color":"var(--ast-global-color-5)","background-image":"","background-repeat":"repeat","background-position":"center center","background-size":"auto","background-attachment":"scroll","background-type":"","background-media":"","overlay-type":"","overlay-color":"","overlay-opacity":"","overlay-gradient":""},"tablet":{"background-color":"var(--ast-global-color-5)","background-image":"","background-repeat":"repeat","background-position":"center center","background-size":"auto","background-attachment":"scroll","background-type":"","background-media":"","overlay-type":"","overlay-color":"","overlay-opacity":"","overlay-gradient":""},"mobile":{"background-color":"var(--ast-global-color-5)","background-image":"","background-repeat":"repeat","background-position":"center center","background-size":"auto","background-attachment":"scroll","background-type":"","background-media":"","overlay-type":"","overlay-color":"","overlay-opacity":"","overlay-gradient":""}},"_jetpack_newsletter_access":"","_jetpack_dont_email_post_to_subs":false,"_jetpack_newsletter_tier_id":0,"_jetpack_memberships_contains_paywalled_content":false,"_jetpack_memberships_contains_paid_content":false,"footnotes":""},"categories":[1],"tags":[],"class_list":["post-1107","post","type-post","status-publish","format-standard","has-post-thumbnail","hentry","category-blog"],"jetpack_featured_media_url":"https:\/\/barodeviver.cat\/wp-content\/uploads\/2016\/02\/uno-los-locales-que-rehabilitara-ayuntamiento-para-atraer-llegada-empresas-baro-viver-1455902354250.jpg","uagb_featured_image_src":{"full":["https:\/\/barodeviver.cat\/wp-content\/uploads\/2016\/02\/uno-los-locales-que-rehabilitara-ayuntamiento-para-atraer-llegada-empresas-baro-viver-1455902354250.jpg",646,402,false],"thumbnail":["https:\/\/barodeviver.cat\/wp-content\/uploads\/2016\/02\/uno-los-locales-que-rehabilitara-ayuntamiento-para-atraer-llegada-empresas-baro-viver-1455902354250-150x150.jpg",150,150,true],"medium":["https:\/\/barodeviver.cat\/wp-content\/uploads\/2016\/02\/uno-los-locales-que-rehabilitara-ayuntamiento-para-atraer-llegada-empresas-baro-viver-1455902354250-300x186.jpg",300,186,true],"medium_large":["https:\/\/barodeviver.cat\/wp-content\/uploads\/2016\/02\/uno-los-locales-que-rehabilitara-ayuntamiento-para-atraer-llegada-empresas-baro-viver-1455902354250.jpg",646,402,false],"large":["https:\/\/barodeviver.cat\/wp-content\/uploads\/2016\/02\/uno-los-locales-que-rehabilitara-ayuntamiento-para-atraer-llegada-empresas-baro-viver-1455902354250.jpg",646,402,false],"1536x1536":["https:\/\/barodeviver.cat\/wp-content\/uploads\/2016\/02\/uno-los-locales-que-rehabilitara-ayuntamiento-para-atraer-llegada-empresas-baro-viver-1455902354250.jpg",646,402,false],"2048x2048":["https:\/\/barodeviver.cat\/wp-content\/uploads\/2016\/02\/uno-los-locales-que-rehabilitara-ayuntamiento-para-atraer-llegada-empresas-baro-viver-1455902354250.jpg",646,402,false]},"uagb_author_info":{"display_name":"Fem Bar\u00f3 de Viver","author_link":"https:\/\/barodeviver.cat\/author\/admin"},"uagb_comment_info":0,"uagb_excerpt":"IMPULSO DE UNA ZONA DEGRADADA Bar\u00f3 de Viver rehabilitar\u00e1 locales en desuso para atraer empresas El ayuntamiento ofrecer\u00e1 facilidades para incentivar la llegada de iniciativas que revitalicen el barrio Sin\u00e8rgics ser\u00e1 un espacio de &#8216;coworking&#8217; cuyos proyectos redunden en empleo y beneficios para los vecinos RICARD CUGAT. Uno de los locales que rehabilitar\u00e1 el ayuntamiento&hellip;","jetpack_sharing_enabled":true,"jetpack_shortlink":"https:\/\/wp.me\/p86b0a-hR","_links":{"self":[{"href":"https:\/\/barodeviver.cat\/index.php?rest_route=\/wp\/v2\/posts\/1107","targetHints":{"allow":["GET"]}}],"collection":[{"href":"https:\/\/barodeviver.cat\/index.php?rest_route=\/wp\/v2\/posts"}],"about":[{"href":"https:\/\/barodeviver.cat\/index.php?rest_route=\/wp\/v2\/types\/post"}],"author":[{"embeddable":true,"href":"https:\/\/barodeviver.cat\/index.php?rest_route=\/wp\/v2\/users\/1"}],"replies":[{"embeddable":true,"href":"https:\/\/barodeviver.cat\/index.php?rest_route=%2Fwp%2Fv2%2Fcomments&post=1107"}],"version-history":[{"count":1,"href":"https:\/\/barodeviver.cat\/index.php?rest_route=\/wp\/v2\/posts\/1107\/revisions"}],"predecessor-version":[{"id":1109,"href":"https:\/\/barodeviver.cat\/index.php?rest_route=\/wp\/v2\/posts\/1107\/revisions\/1109"}],"wp:featuredmedia":[{"embeddable":true,"href":"https:\/\/barodeviver.cat\/index.php?rest_route=\/wp\/v2\/media\/1108"}],"wp:attachment":[{"href":"https:\/\/barodeviver.cat\/index.php?rest_route=%2Fwp%2Fv2%2Fmedia&parent=1107"}],"wp:term":[{"taxonomy":"category","embeddable":true,"href":"https:\/\/barodeviver.cat\/index.php?rest_route=%2Fwp%2Fv2%2Fcategories&post=1107"},{"taxonomy":"post_tag","embeddable":true,"href":"https:\/\/barodeviver.cat\/index.php?rest_route=%2Fwp%2Fv2%2Ftags&post=1107"}],"curies":[{"name":"wp","href":"https:\/\/api.w.org\/{rel}","templated":true}]}}