{"id":1110,"date":"2016-02-28T20:08:46","date_gmt":"2016-02-28T20:08:46","guid":{"rendered":"https:\/\/barodeviver.cat\/?p=1110"},"modified":"2016-04-01T10:22:04","modified_gmt":"2016-04-01T10:22:04","slug":"entrevista-a-silvano-aversano-parlan-sobre-baro-de-viver-a-el-diario-es-el-23022016","status":"publish","type":"post","link":"https:\/\/barodeviver.cat\/?p=1110","title":{"rendered":"Entrevista a Silvano Aversano parlant sobre Bar\u00f3 de Viver a El Diario.es el 23\/02\/2016"},"content":{"rendered":"<div class=\"strapband\">\n<p class=\"title\"><em>Entrevista | Silvano Aversano<\/em><\/p>\n<\/div>\n<h2 class=\"pg-headline\">&#8220;Cuando tienes dificultades para pagar la factura de la luz o del gas, no tienes internet&#8221;<\/h2>\n<div class=\"subtitle bkn mce sk2\">\n<p>A partir de su experiencia en los barrios de Bar\u00f3 de Viver y Bon Pastor, entre los m\u00e1s desfavorecidos de Barcelona, Silvano Aversano habla de la relaci\u00f3n de las nuevas tecnolog\u00edas con el desarrollo comunitario<\/p>\n<\/div>\n<div class=\"cp-tools md cf\">\n<div class=\"md-social md cl\">\n<p class=\"bkn dateline fl\"><span class=\"date\">23\/02\/2016 &#8211; <\/span><span class=\"time\">20:43h<\/span><\/p>\n<\/div>\n<\/div>\n<div class=\"inset cf\">\n<div class=\"media-holder\"><img loading=\"lazy\" decoding=\"async\" src=\"http:\/\/images.eldiario.es\/catalunyaplural\/Silvano-Aversano_EDIIMA20160223_0904_4.jpg\" alt=\"Silvano Aversano\" width=\"643\" height=\"362\" \/><\/p>\n<div class=\"caption-inside\">\n<p>Silvano Aversano en el edificio de la F\u00e0brica del Sol <span class=\"font\">SANDRA L\u00c1ZARO<\/span><\/p>\n<\/div>\n<\/div>\n<\/div>\n<div class=\"pg-body\">\n<div id=\"edi-body\" class=\"mce-body mce no-sticky-adv-socios\">\n<p class=\"mce\">Silvano Aversano trabaja en la Cooperativa Desarrollo Comunitario con un proyecto de plan de barrios en los barrios de Bar\u00f3 de Viver y Bon Pastor. La semana pasada particip\u00f3 en el I Congreso de Soberan\u00eda Tecnol\u00f3gica para hablar sobre la aplicaci\u00f3n del concepto de Smart City \u2013tan extendido en Barcelona en los \u00faltimos a\u00f1os\u2013 en los barrios populares. En los barrios donde trabaja, el 20,3% de la poblaci\u00f3n no tiene acceso a Internet en casa, cuatro puntos m\u00e1s que la media de Barcelona. Hablamos sobre el trabajo de desarrollo comunitario vinculado a la tecnolog\u00eda.<\/p>\n<p class=\"mce\"><strong class=\"mce\">\u00bfEn qu\u00e9 consiste su trabajo con el plan de barrios de Bar\u00f3 de Viver y Bon Pastor?<\/strong><\/p>\n<div class=\"no-adv-socios\"><\/div>\n<p class=\"mce\">Hace cinco a\u00f1os, cuando llegamos al territorio, descubrimos que las entidades y la gente en general trabajaban de forma particular, cada uno hac\u00eda sus actividades pero no se relacionaban. Nuestro primer proyecto fue crear las mesas de convivencia, espacios de debates compartidos donde participan la gran mayor\u00eda de entidades de los dos barrios. Son barrios de la franja del Bes\u00f2s, donde tenemos informaci\u00f3n para decir que mueren 10 a\u00f1os antes de que en Pedralbes, que tienen un nivel de estudios inferior al resto de la ciudad \u2013en Bar\u00f3 de Viver s\u00f3lo un 8% de la poblaci\u00f3n tiene estudios superiores\u2013. En el primer diagn\u00f3stico que hicimos descubrimos que hab\u00eda carencia de la organizaci\u00f3n asociativa, que no se conoc\u00edan las entidades del mismo barrio, y falta de competencias a nivel digital.<\/p>\n<p class=\"mce\"><strong class=\"mce\">A partir de ah\u00ed, \u00bfqu\u00e9 hicisteis?<\/strong><\/p>\n<p class=\"mce\">Cuando averiguamos esto all\u00ed ya se estaba moviendo el concepto de Smart City, y este concepto all\u00ed no lo habr\u00edan entendido si no hubi\u00e9ramos hecho un trabajo espec\u00edfico. Hay una Smart City, seg\u00fan lo que dice el Ayuntamiento, una Smart City real, que es la que llega del resto del mundo, y luego est\u00e1 la realidad, y la realidad en nuestros barrios es complicada. El hecho de que sean los barrios con las rentas m\u00e1s bajas significa que como se est\u00e1n buscando la vida todo el d\u00eda no tienen tiempo para participar. Una cosa que me sorprendi\u00f3 mucho es que no hay movimiento pol\u00edtico, no hay militancia. Cada asociaci\u00f3n se ocupa de su tema, hay asociaciones culturales o vecinales, pero no hay un movimiento pol\u00edtico, de protesta. No tienen tiempo, se est\u00e1n buscando la vida todo el d\u00eda. Despu\u00e9s de un d\u00eda de trabajo, o que han ido a buscar la posibilidad de dar de comer a sus hijos, llegan a casa y si hay una reuni\u00f3n a las nueve de la noche, que es cuando hay reuniones vecinales, no van.<\/p>\n<p class=\"mce\"><strong class=\"mce\">\u00bfY lo abordaron desde el punto de vista tecnol\u00f3gico?<\/strong><\/p>\n<p class=\"mce\">Creamos un proyecto que se llama agenda sociocultural, una p\u00e1gina web donde todas las entidades tienen su propio espacio. Ha sido un trabajo compartido con 19 entidades con las que hemos empezado a trabajar temas relacionados con la comunicaci\u00f3n. Empezamos en octubre de 2014 y ahora las p\u00e1ginas de los dos barrios est\u00e1n funcionando.<\/p>\n<div class=\"inset cf width643\">\n<div class=\"media-holder\">\n<div class=\"mg \"><img loading=\"lazy\" decoding=\"async\" src=\"http:\/\/images.eldiario.es\/catalunyaplural\/Silvano-Aversano_EDIIMA20160223_0905_5.jpg\" alt=\"Silvano Aversano\" width=\"643\" height=\"429\" \/><\/div>\n<div class=\"caption-inside\">\n<p>Silvano Aversano durante la entrevista <span class=\"font\">SANDRA L\u00c1ZARO<\/span><\/p>\n<\/div>\n<\/div>\n<\/div>\n<p><strong class=\"mce\">\u00bfHay un problema de acceso? \u00bfHa creado este espacio pero hay gente que desde casa no puede acceder?<\/strong><\/p>\n<p class=\"mce\">Hemos calculado que de las 19 entidades con las que trabajamos directamente, s\u00f3lo cuatro tendr\u00edan capacidad para poder seguir colgando noticias si nosotros nos vamos del barrio ahora mismo. Las otras 15 no tienen esta competencia, sobre todo porque cuando llegan a casa no tienen conexi\u00f3n. En el barrio hay familias que sufren pobreza energ\u00e9tica, cuando tienes dificultades para pagar la factura de la luz o del gas, no tienes internet, y los que tienen tienen contratos muy b\u00e1sicos. Y el problema es tan grave que no s\u00f3lo tienen problemas para acceder a \u00e9l, sino que no tienen la competencia tecnol\u00f3gica para entender qu\u00e9 es y aprovechar la oferta que podr\u00eda llegar de la red de Guifi.net.<\/p>\n<p class=\"mce\"><strong class=\"mce\">\u00bfY m\u00e1s all\u00e1 de esta p\u00e1gina web?<\/strong><\/p>\n<p class=\"mce\">Ahora nos estamos planteando pedir al Ayuntamiento que en los pr\u00f3ximos planes de empleo se puedan formar <em class=\"mce\">community managers<\/em>, para que puedan trabajar en los barrios la comunicaci\u00f3n local que hacen las peque\u00f1as entidades. El centro cultural andaluz son tres personas, tenemos una asociaci\u00f3n de vecinos que son cinco personas pero activas hay dos, son entidades muy peque\u00f1as, no tienen una persona que puede dedicar tiempo a la comunicaci\u00f3n. Ahora tienen una p\u00e1gina web, debemos emplear a esta persona, los estamos estimulando para ver y descubrir un mundo nuevo. Podemos hacer esto en vez de hacer planes de empleos que son de limpieza y provocan que una empresa no contrate personal para que reciben gente de planes de empleos cada seis meses y vuelven a casa sin aprender nada, distribuyendo la miseria. Queremos darle otra visi\u00f3n: hacer planes de empleo relacionados con el mundo de comunicaci\u00f3n TIC, porque sino la brecha digital ensanchar\u00e1 a\u00fan m\u00e1s.<\/p>\n<p class=\"mce\"><strong class=\"mce\">\u00bfC\u00f3mo valora esta idea de la Smart City?<\/strong><\/p>\n<p class=\"mce\">No hablamos de Smart City sino de Smart Barrios, y lo miramos de forma transversal. Hay una parte de formaci\u00f3n, una de empleo, una de g\u00e9nero, una de investigaci\u00f3n, y por cada l\u00ednea tenemos proyectos.<\/p>\n<p class=\"mce\"><strong class=\"mce\">\u00bfPor ejemplo?<\/strong><\/p>\n<p class=\"mce\">En el tema de empleo hemos empezado en Nou Barris un proyecto para formar 15 personas que llevan en el paro m\u00e1s de dos a\u00f1os, provenientes del mundo de la construcci\u00f3n, para que sepan hacer auditor\u00eda de sostenibilidad energ\u00e9tica en los edificios. Al final del proceso de formaci\u00f3n se quedar\u00e1n 9 o 10 personas, que contrataremos en un plan de empleo durante seis meses, y en este plan adem\u00e1s de hacer las auditor\u00edas de sostenibilidad energ\u00e9tica en los edificios del ayuntamiento, les haremos una formaci\u00f3n en creaci\u00f3n de empresas cooperativas, porque al final del proceso nos gustar\u00eda, tanto a nosotros como al consistorio, que algunas de estas personas formaran una empresa. Porque el ayuntamiento tiene que hacer una auditor\u00eda de sostenibilidad energ\u00e9tica en todos los edificios que tiene, y tiene 70 s\u00f3lo en Nou Barris, y este es un proyecto de Nou Barris para la gente de Nou Barris. Tenemos otro proyecto que es una escuela tecnol\u00f3gica para la mujer, con una clara perspectiva de g\u00e9nero. Todos estos proyectos, de forma transversal, quieren acercarse a las necesidades reales de la gente y hacer que el concepto Smart City no est\u00e9 relacionado s\u00f3lo con el mundo empresarial, sino sobre todo a lo que la gente vive en su d\u00eda a d\u00eda.<\/p>\n<p class=\"mce\"><strong class=\"mce\">\u00bfY eso qu\u00e9 quiere decir?<\/strong><\/p>\n<p class=\"mce\">En una zona como la nuestra, la de la franja del Bes\u00f2s, que es de las menos desarrolladas, que la vivan cada d\u00eda quiere decir que se les solventen problemas que tienen realmente, proyectos que reviertan en la gente. Ahora trabajamos en red con otros colectivos para desarrollar todo un conjunto de acciones de Smart Barrios que de forma transversal ayuden a la gente a desarrollarse, pero partiendo de los diferentes puntos de vista. Por ejemplo, cuando decimos Smart City, \u00bfqu\u00e9 hay de las personas mayores? Te tienes que acercar de una forma diferente a como lo har\u00edas en una escuela primaria. Todo lo que se entiende como un concepto de Smart City lo queremos transformar en proyectos para la gente.<\/p>\n<div class=\"inset cf width643\">\n<div class=\"media-holder\">\n<div class=\"mg \"><img loading=\"lazy\" decoding=\"async\" src=\"http:\/\/images.eldiario.es\/catalunyaplural\/Silvano-Aversano_EDIIMA20160223_0906_5.jpg\" alt=\"Silvano Aversano\" width=\"643\" height=\"429\" \/><\/div>\n<div class=\"caption-inside\">\n<p>Silvano Aversano de la &#8220;Cooperativa Desenvolupament Comunitari&#8221; <span class=\"font\">SANDRA L\u00c1ZARO<\/span><\/p>\n<\/div>\n<\/div>\n<\/div>\n<p><strong class=\"mce\">\u00bfEl concepto de Smart City no est\u00e1 pensado para la gente?<\/strong><\/p>\n<p class=\"mce\">Lo que no queremos es una ciudad s\u00f3lo de hoteles y lugares de ocio, queremos recuperar la cultura. Por ejemplo el concepto maker, vinculado a las impresoras 3D. Est\u00e1 bien producir cosas nuevas, pero tambi\u00e9n recuperar cosas que se han dejado de hacer. Si se rompe una mesa la tiramos y compramos otra, pero si podemos aprovechar las impresoras 3D para arreglar la pata, hag\u00e1moslo. O en cuestiones de pobreza energ\u00e9tica, est\u00e1 bien que no tengan que pagar la factura si no pueden, pero si han de lavar la ropa podemos crear espacios compartidos entre vecinos. \u00bfEsto es smart? Es trabajo comunitario, llevamos 20 a\u00f1os haci\u00e9ndolo.<\/p>\n<p class=\"mce\"><strong class=\"mce\">Entonces, \u00bfqu\u00e9 es smart?<\/strong><\/p>\n<p class=\"mce\">El concepto smart son cosas que nos han de cambiar la vida. Ahora hay quien hace bater\u00edas con grafeno para almacenar energ\u00eda. Hay estudios que dicen que Jap\u00f3n se est\u00e1 preparando porque como hay cada vez menos gente joven quieren que dentro de 15 a\u00f1os el 30% de la producci\u00f3n la hagan robots. Si seguimos esta rueda, dentro de 10 a\u00f1os habremos alcanzado un nivel de tecnolog\u00eda en que nuestra gente no trabajar\u00e1, ser\u00e1n a\u00fan m\u00e1s esclavos, como ya lo son en parte. Si no hacemos proyectos peque\u00f1os como los nuestros y les hacemos ver que hay una l\u00ednea, posiblemente no lo ver\u00e1n por ellos mismos, porque est\u00e1n demasiado ocupados con la necesidad de pagar la luz o dar de comer a los hijos.<\/p>\n<p class=\"mce\"><strong class=\"mce\">Trabaja desarrollando estas competencias, pero si la gente llega a casa y sigue sin tener acceso a Internet, \u00bfc\u00f3mo se puede abordar esta cuesti\u00f3n?<\/strong><\/p>\n<p class=\"mce\">Es dif\u00edcil, pero lo hemos pensado. Por ejemplo, hay una ley que obliga a las comunidades de vecinos que tienen ascensor a tener una l\u00ednea ADSL. Esta l\u00ednea que todo el mundo est\u00e1 pagando sirve s\u00f3lo para el ascensor, y estamos pensando el sistema para liberar esto y que lo puedan utilizar los vecinos de la escalera. Pero aqu\u00ed nos encontramos todav\u00eda con el problema de hacer entender la importancia de tener l\u00ednea y cobertura. Ahora comienza la segunda parte. Hemos estado un a\u00f1o trabajando la p\u00e1gina web, empezamos a tener un contenido, empezamos a hablar de difusi\u00f3n viral de las noticias. Ahora en la pr\u00f3xima reuni\u00f3n de la mesa de convivencia debemos debatir c\u00f3mo hacer que a la gente le llegue y tenga la necesidad de entrar en la web. Adem\u00e1s estamos trabajando con servicios sociales y los equipamientos para ofrecer espacio y disponibilidad de herramientas en los lugares que son comunes y crear otros nuevos. En casa puede que a\u00fan no llegamos, pero queremos llegar lo m\u00e1s lejos posible.<\/p>\n<p class=\"mce\"><strong class=\"mce\">\u00bfEl uso de las nuevas tecnolog\u00edas sirve para trabajar las desigualdades o deben trabajar previamente?<\/strong><\/p>\n<p class=\"mce\">La tecnolog\u00eda es una herramienta, no dejar\u00e1 nunca de ser una herramienta, pero es la herramienta del siglo XXI. En el primer d\u00eda del Mobile World Congress se ve\u00eda toda esa gente con gafas de realidad virtual. Son dos mundos diferentes, pero nosotros no lo podemos rechazar. El progreso s\u00f3lo se detiene con la guerra, as\u00ed que debemos formar nuestra gente, pero si no logramos hacer que avancen se encontrar\u00e1n desamparados.<\/p>\n<p class=\"mce\"><strong class=\"mce\">\u00bfCree que estos avances imparables de las nuevas tecnolog\u00edas han acelerado el crecimiento de desigualdades?<\/strong><\/p>\n<p class=\"mce\">Quien tiene acceso a la tecnolog\u00eda en los \u00faltimos a\u00f1os ha avanzado m\u00e1s seguro que el que no ha tenido acceso, y esta diferencia est\u00e1 aumentando, as\u00ed que s\u00ed, la tecnolog\u00eda est\u00e1 provocando una ruptura. Estamos volviendo al escenario de un castillo amurallado y la gente que vive fuera de las murallas. O hacemos tecnolog\u00eda y que la gente lo entienda o si lo hacemos como se est\u00e1 haciendo habr\u00e1 gente que se quedar\u00e1 descolgada, y ese es un motivo por el que hemos empezado a trabajar incluyendo la tecnolog\u00eda en nuestros proyectos.<\/p>\n<p class=\"mce\">Publicado el 23\/02\/2016 en El Diario\u00a0<a href=\"http:\/\/www.eldiario.es\/catalunya\/barcelona\/dificultades-pagar-factura-gas-internet_0_487502322.html\" target=\"_blank\" rel=\"noopener\">\u00a0http:\/\/www.eldiario.es\/catalunya\/barcelona\/dificultades-pagar-factura-gas-internet_0_487502322.html<\/a><\/p>\n<\/div>\n<\/div>\n","protected":false},"excerpt":{"rendered":"<p>Entrevista | Silvano Aversano &#8220;Cuando tienes dificultades para pagar la factura de la luz o del gas, no tienes internet&#8221; A partir de su experiencia en los barrios de Bar\u00f3 de Viver y Bon Pastor, entre los m\u00e1s desfavorecidos de Barcelona, Silvano Aversano habla de la relaci\u00f3n de las nuevas tecnolog\u00edas con el desarrollo comunitario [&hellip;]<\/p>\n","protected":false},"author":1,"featured_media":1111,"comment_status":"closed","ping_status":"open","sticky":false,"template":"","format":"standard","meta":{"_uag_custom_page_level_css":"","site-sidebar-layout":"default","site-content-layout":"","ast-site-content-layout":"","site-content-style":"default","site-sidebar-style":"default","ast-global-header-display":"","ast-banner-title-visibility":"","ast-main-header-display":"","ast-hfb-above-header-display":"","ast-hfb-below-header-display":"","ast-hfb-mobile-header-display":"","site-post-title":"","ast-breadcrumbs-content":"","ast-featured-img":"","footer-sml-layout":"","theme-transparent-header-meta":"","adv-header-id-meta":"","stick-header-meta":"","header-above-stick-meta":"","header-main-stick-meta":"","header-below-stick-meta":"","astra-migrate-meta-layouts":"default","ast-page-background-enabled":"default","ast-page-background-meta":{"desktop":{"background-color":"var(--ast-global-color-4)","background-image":"","background-repeat":"repeat","background-position":"center center","background-size":"auto","background-attachment":"scroll","background-type":"","background-media":"","overlay-type":"","overlay-color":"","overlay-opacity":"","overlay-gradient":""},"tablet":{"background-color":"","background-image":"","background-repeat":"repeat","background-position":"center center","background-size":"auto","background-attachment":"scroll","background-type":"","background-media":"","overlay-type":"","overlay-color":"","overlay-opacity":"","overlay-gradient":""},"mobile":{"background-color":"","background-image":"","background-repeat":"repeat","background-position":"center center","background-size":"auto","background-attachment":"scroll","background-type":"","background-media":"","overlay-type":"","overlay-color":"","overlay-opacity":"","overlay-gradient":""}},"ast-content-background-meta":{"desktop":{"background-color":"var(--ast-global-color-5)","background-image":"","background-repeat":"repeat","background-position":"center center","background-size":"auto","background-attachment":"scroll","background-type":"","background-media":"","overlay-type":"","overlay-color":"","overlay-opacity":"","overlay-gradient":""},"tablet":{"background-color":"var(--ast-global-color-5)","background-image":"","background-repeat":"repeat","background-position":"center center","background-size":"auto","background-attachment":"scroll","background-type":"","background-media":"","overlay-type":"","overlay-color":"","overlay-opacity":"","overlay-gradient":""},"mobile":{"background-color":"var(--ast-global-color-5)","background-image":"","background-repeat":"repeat","background-position":"center center","background-size":"auto","background-attachment":"scroll","background-type":"","background-media":"","overlay-type":"","overlay-color":"","overlay-opacity":"","overlay-gradient":""}},"_jetpack_newsletter_access":"","_jetpack_dont_email_post_to_subs":false,"_jetpack_newsletter_tier_id":0,"_jetpack_memberships_contains_paywalled_content":false,"_jetpack_memberships_contains_paid_content":false,"footnotes":""},"categories":[1],"tags":[],"class_list":["post-1110","post","type-post","status-publish","format-standard","has-post-thumbnail","hentry","category-blog"],"jetpack_featured_media_url":"https:\/\/barodeviver.cat\/wp-content\/uploads\/2016\/02\/Silvano-Aversano_EDIIMA20160223_0904_4.jpg","uagb_featured_image_src":{"full":["https:\/\/barodeviver.cat\/wp-content\/uploads\/2016\/02\/Silvano-Aversano_EDIIMA20160223_0904_4.jpg",643,362,false],"thumbnail":["https:\/\/barodeviver.cat\/wp-content\/uploads\/2016\/02\/Silvano-Aversano_EDIIMA20160223_0904_4-150x150.jpg",150,150,true],"medium":["https:\/\/barodeviver.cat\/wp-content\/uploads\/2016\/02\/Silvano-Aversano_EDIIMA20160223_0904_4-300x168.jpg",300,168,true],"medium_large":["https:\/\/barodeviver.cat\/wp-content\/uploads\/2016\/02\/Silvano-Aversano_EDIIMA20160223_0904_4.jpg",643,362,false],"large":["https:\/\/barodeviver.cat\/wp-content\/uploads\/2016\/02\/Silvano-Aversano_EDIIMA20160223_0904_4.jpg",643,362,false],"1536x1536":["https:\/\/barodeviver.cat\/wp-content\/uploads\/2016\/02\/Silvano-Aversano_EDIIMA20160223_0904_4.jpg",643,362,false],"2048x2048":["https:\/\/barodeviver.cat\/wp-content\/uploads\/2016\/02\/Silvano-Aversano_EDIIMA20160223_0904_4.jpg",643,362,false]},"uagb_author_info":{"display_name":"Fem Bar\u00f3 de Viver","author_link":"https:\/\/barodeviver.cat\/author\/admin"},"uagb_comment_info":0,"uagb_excerpt":"Entrevista | Silvano Aversano &#8220;Cuando tienes dificultades para pagar la factura de la luz o del gas, no tienes internet&#8221; A partir de su experiencia en los barrios de Bar\u00f3 de Viver y Bon Pastor, entre los m\u00e1s desfavorecidos de Barcelona, Silvano Aversano habla de la relaci\u00f3n de las nuevas tecnolog\u00edas con el desarrollo comunitario&hellip;","jetpack_sharing_enabled":true,"jetpack_shortlink":"https:\/\/wp.me\/p86b0a-hU","_links":{"self":[{"href":"https:\/\/barodeviver.cat\/index.php?rest_route=\/wp\/v2\/posts\/1110","targetHints":{"allow":["GET"]}}],"collection":[{"href":"https:\/\/barodeviver.cat\/index.php?rest_route=\/wp\/v2\/posts"}],"about":[{"href":"https:\/\/barodeviver.cat\/index.php?rest_route=\/wp\/v2\/types\/post"}],"author":[{"embeddable":true,"href":"https:\/\/barodeviver.cat\/index.php?rest_route=\/wp\/v2\/users\/1"}],"replies":[{"embeddable":true,"href":"https:\/\/barodeviver.cat\/index.php?rest_route=%2Fwp%2Fv2%2Fcomments&post=1110"}],"version-history":[{"count":3,"href":"https:\/\/barodeviver.cat\/index.php?rest_route=\/wp\/v2\/posts\/1110\/revisions"}],"predecessor-version":[{"id":1143,"href":"https:\/\/barodeviver.cat\/index.php?rest_route=\/wp\/v2\/posts\/1110\/revisions\/1143"}],"wp:featuredmedia":[{"embeddable":true,"href":"https:\/\/barodeviver.cat\/index.php?rest_route=\/wp\/v2\/media\/1111"}],"wp:attachment":[{"href":"https:\/\/barodeviver.cat\/index.php?rest_route=%2Fwp%2Fv2%2Fmedia&parent=1110"}],"wp:term":[{"taxonomy":"category","embeddable":true,"href":"https:\/\/barodeviver.cat\/index.php?rest_route=%2Fwp%2Fv2%2Fcategories&post=1110"},{"taxonomy":"post_tag","embeddable":true,"href":"https:\/\/barodeviver.cat\/index.php?rest_route=%2Fwp%2Fv2%2Ftags&post=1110"}],"curies":[{"name":"wp","href":"https:\/\/api.w.org\/{rel}","templated":true}]}}