{"id":1134,"date":"2016-03-23T11:14:05","date_gmt":"2016-03-23T11:14:05","guid":{"rendered":"https:\/\/barodeviver.cat\/?p=1134"},"modified":"2016-03-23T11:14:39","modified_gmt":"2016-03-23T11:14:39","slug":"baro-de-viver-en-contra-de-la-violencia-de-genere","status":"publish","type":"post","link":"https:\/\/barodeviver.cat\/?p=1134","title":{"rendered":"Bar\u00f3 de Viver en contra de la Viol\u00e8ncia de Genere"},"content":{"rendered":"<p>El passat 25 de novembre a Bar\u00f3 de Viver varem dir &#8220;NO \u00c9S NO&#8221; a la Viol\u00e8ncia de Genere.<\/p>\n<p>D&#8217;aquell dia de commemoraci\u00f3 varem recollir material gr\u00e0fic que el nostre ve\u00ed Natxo Paramo va muntar en un v\u00eddeo que compartim amb totes i tots, units en contra de la viol\u00e8ncia de genere.<\/p>\n<p>Avui estem aqu\u00ed per commemorar el 25-N: \u00a0Dia internacional per a l&#8217;eliminaci\u00f3 de la viol\u00e8ncia envers les dones. \u00c9s important que siguem conscients que durant aquest any 2015 i fins a la data d\u2019avui han estat assassinades 59 dones (finalment en seran 67&#8230;) en mans de les seves parelles o ex-parelles. La intenci\u00f3 de trobar-nos avui aqu\u00ed, \u00e9s per manifestar el nostre rebuig contra aquesta problem\u00e0tica social. Per aquest motiu Bar\u00f3 de Viver diu: NO \u00c9S NO!<\/p>\n<p>&nbsp;<\/p>\n<p>&nbsp;<\/p>\n<p>Hoy estamos aqu\u00ed para conmemorar el 25-N: D\u00eda Internacional para la eliminaci\u00f3n de la violencia contra las mujeres. Es importante que seamos conscientes que durante este a\u00f1o 2015 y hasta la fecha de hoy, han sido asesinadas 59 mujeres (al final fueron 67&#8230;) en manos de sus parejas o ex-parejas. La intenci\u00f3n de encontrarnos hoy aqu\u00ed, es para manifestar nuestro rechazo contra esta lacra social. Por este motivo Bar\u00f3 de Viver dice: NO ES NO.<\/p>\n<div class=\"ast-oembed-container \" style=\"height: 100%;\"><iframe loading=\"lazy\" title=\"25N Bar\u00f3 de viver\" src=\"https:\/\/player.vimeo.com\/video\/160070381?dnt=1&amp;app_id=122963\" width=\"500\" height=\"281\" frameborder=\"0\" allow=\"autoplay; fullscreen; picture-in-picture; clipboard-write\"><\/iframe><\/div>\n","protected":false},"excerpt":{"rendered":"<p>El passat 25 de novembre a Bar\u00f3 de Viver varem dir &#8220;NO \u00c9S NO&#8221; a la Viol\u00e8ncia de Genere. D&#8217;aquell dia de commemoraci\u00f3 varem recollir material gr\u00e0fic que el nostre ve\u00ed Natxo Paramo va muntar en un v\u00eddeo que compartim amb totes i tots, units en contra de la viol\u00e8ncia de genere. Avui estem aqu\u00ed [&hellip;]<\/p>\n","protected":false},"author":1,"featured_media":1135,"comment_status":"closed","ping_status":"open","sticky":false,"template":"","format":"standard","meta":{"_uag_custom_page_level_css":"","site-sidebar-layout":"default","site-content-layout":"","ast-site-content-layout":"","site-content-style":"default","site-sidebar-style":"default","ast-global-header-display":"","ast-banner-title-visibility":"","ast-main-header-display":"","ast-hfb-above-header-display":"","ast-hfb-below-header-display":"","ast-hfb-mobile-header-display":"","site-post-title":"","ast-breadcrumbs-content":"","ast-featured-img":"","footer-sml-layout":"","theme-transparent-header-meta":"","adv-header-id-meta":"","stick-header-meta":"","header-above-stick-meta":"","header-main-stick-meta":"","header-below-stick-meta":"","astra-migrate-meta-layouts":"default","ast-page-background-enabled":"default","ast-page-background-meta":{"desktop":{"background-color":"var(--ast-global-color-4)","background-image":"","background-repeat":"repeat","background-position":"center center","background-size":"auto","background-attachment":"scroll","background-type":"","background-media":"","overlay-type":"","overlay-color":"","overlay-opacity":"","overlay-gradient":""},"tablet":{"background-color":"","background-image":"","background-repeat":"repeat","background-position":"center center","background-size":"auto","background-attachment":"scroll","background-type":"","background-media":"","overlay-type":"","overlay-color":"","overlay-opacity":"","overlay-gradient":""},"mobile":{"background-color":"","background-image":"","background-repeat":"repeat","background-position":"center center","background-size":"auto","background-attachment":"scroll","background-type":"","background-media":"","overlay-type":"","overlay-color":"","overlay-opacity":"","overlay-gradient":""}},"ast-content-background-meta":{"desktop":{"background-color":"var(--ast-global-color-5)","background-image":"","background-repeat":"repeat","background-position":"center center","background-size":"auto","background-attachment":"scroll","background-type":"","background-media":"","overlay-type":"","overlay-color":"","overlay-opacity":"","overlay-gradient":""},"tablet":{"background-color":"var(--ast-global-color-5)","background-image":"","background-repeat":"repeat","background-position":"center center","background-size":"auto","background-attachment":"scroll","background-type":"","background-media":"","overlay-type":"","overlay-color":"","overlay-opacity":"","overlay-gradient":""},"mobile":{"background-color":"var(--ast-global-color-5)","background-image":"","background-repeat":"repeat","background-position":"center center","background-size":"auto","background-attachment":"scroll","background-type":"","background-media":"","overlay-type":"","overlay-color":"","overlay-opacity":"","overlay-gradient":""}},"_jetpack_newsletter_access":"","_jetpack_dont_email_post_to_subs":false,"_jetpack_newsletter_tier_id":0,"_jetpack_memberships_contains_paywalled_content":false,"_jetpack_memberships_contains_paid_content":false,"footnotes":""},"categories":[1],"tags":[],"class_list":["post-1134","post","type-post","status-publish","format-standard","has-post-thumbnail","hentry","category-blog"],"jetpack_featured_media_url":"https:\/\/barodeviver.cat\/wp-content\/uploads\/2016\/03\/Imagen-Video.jpg","uagb_featured_image_src":{"full":["https:\/\/barodeviver.cat\/wp-content\/uploads\/2016\/03\/Imagen-Video.jpg",1362,612,false],"thumbnail":["https:\/\/barodeviver.cat\/wp-content\/uploads\/2016\/03\/Imagen-Video-150x150.jpg",150,150,true],"medium":["https:\/\/barodeviver.cat\/wp-content\/uploads\/2016\/03\/Imagen-Video-300x134.jpg",300,134,true],"medium_large":["https:\/\/barodeviver.cat\/wp-content\/uploads\/2016\/03\/Imagen-Video.jpg",768,345,false],"large":["https:\/\/barodeviver.cat\/wp-content\/uploads\/2016\/03\/Imagen-Video-1024x460.jpg",1024,460,true],"1536x1536":["https:\/\/barodeviver.cat\/wp-content\/uploads\/2016\/03\/Imagen-Video.jpg",1362,612,false],"2048x2048":["https:\/\/barodeviver.cat\/wp-content\/uploads\/2016\/03\/Imagen-Video.jpg",1362,612,false]},"uagb_author_info":{"display_name":"Fem Bar\u00f3 de Viver","author_link":"https:\/\/barodeviver.cat\/author\/admin"},"uagb_comment_info":0,"uagb_excerpt":"El passat 25 de novembre a Bar\u00f3 de Viver varem dir &#8220;NO \u00c9S NO&#8221; a la Viol\u00e8ncia de Genere. D&#8217;aquell dia de commemoraci\u00f3 varem recollir material gr\u00e0fic que el nostre ve\u00ed Natxo Paramo va muntar en un v\u00eddeo que compartim amb totes i tots, units en contra de la viol\u00e8ncia de genere. Avui estem aqu\u00ed&hellip;","jetpack_sharing_enabled":true,"jetpack_shortlink":"https:\/\/wp.me\/p86b0a-ii","_links":{"self":[{"href":"https:\/\/barodeviver.cat\/index.php?rest_route=\/wp\/v2\/posts\/1134","targetHints":{"allow":["GET"]}}],"collection":[{"href":"https:\/\/barodeviver.cat\/index.php?rest_route=\/wp\/v2\/posts"}],"about":[{"href":"https:\/\/barodeviver.cat\/index.php?rest_route=\/wp\/v2\/types\/post"}],"author":[{"embeddable":true,"href":"https:\/\/barodeviver.cat\/index.php?rest_route=\/wp\/v2\/users\/1"}],"replies":[{"embeddable":true,"href":"https:\/\/barodeviver.cat\/index.php?rest_route=%2Fwp%2Fv2%2Fcomments&post=1134"}],"version-history":[{"count":1,"href":"https:\/\/barodeviver.cat\/index.php?rest_route=\/wp\/v2\/posts\/1134\/revisions"}],"predecessor-version":[{"id":1136,"href":"https:\/\/barodeviver.cat\/index.php?rest_route=\/wp\/v2\/posts\/1134\/revisions\/1136"}],"wp:featuredmedia":[{"embeddable":true,"href":"https:\/\/barodeviver.cat\/index.php?rest_route=\/wp\/v2\/media\/1135"}],"wp:attachment":[{"href":"https:\/\/barodeviver.cat\/index.php?rest_route=%2Fwp%2Fv2%2Fmedia&parent=1134"}],"wp:term":[{"taxonomy":"category","embeddable":true,"href":"https:\/\/barodeviver.cat\/index.php?rest_route=%2Fwp%2Fv2%2Fcategories&post=1134"},{"taxonomy":"post_tag","embeddable":true,"href":"https:\/\/barodeviver.cat\/index.php?rest_route=%2Fwp%2Fv2%2Ftags&post=1134"}],"curies":[{"name":"wp","href":"https:\/\/api.w.org\/{rel}","templated":true}]}}