{"id":1139,"date":"2016-04-01T10:21:20","date_gmt":"2016-04-01T10:21:20","guid":{"rendered":"https:\/\/barodeviver.cat\/?p=1139"},"modified":"2016-04-01T10:21:20","modified_gmt":"2016-04-01T10:21:20","slug":"escola-de-salut-de-la-gent-gran-del-bon-pastor-i-baro-de-viver-tercera-edicio","status":"publish","type":"post","link":"https:\/\/barodeviver.cat\/?p=1139","title":{"rendered":"Escola de Salut de la Gent Gran del Bon Pastor i Bar\u00f3 de Viver \u2013 Tercera Edici\u00f3"},"content":{"rendered":"<p><a href=\"https:\/\/barodeviver.cat\/wp-content\/uploads\/2016\/04\/Escola-de-Salut.jpg\"><img loading=\"lazy\" decoding=\"async\" class=\"alignnone size-medium wp-image-1141\" src=\"https:\/\/barodeviver.cat\/wp-content\/uploads\/2016\/04\/Escola-de-Salut-211x300.jpg\" alt=\"Escola de Salut\" width=\"211\" height=\"300\" srcset=\"https:\/\/barodeviver.cat\/wp-content\/uploads\/2016\/04\/Escola-de-Salut-211x300.jpg 211w, https:\/\/barodeviver.cat\/wp-content\/uploads\/2016\/04\/Escola-de-Salut-721x1024.jpg 721w, https:\/\/barodeviver.cat\/wp-content\/uploads\/2016\/04\/Escola-de-Salut-730x1035.jpg 730w, https:\/\/barodeviver.cat\/wp-content\/uploads\/2016\/04\/Escola-de-Salut-1070x1517.jpg 1070w, https:\/\/barodeviver.cat\/wp-content\/uploads\/2016\/04\/Escola-de-Salut.jpg 1749w\" sizes=\"auto, (max-width: 211px) 100vw, 211px\" \/><\/a><\/p>\n<p>Ahir va comen\u00e7ar la tercera edici\u00f3 de l\u2019Escola de Salut de la Gent Gran del Bon Pastor i Bar\u00f3 de Viver.<\/p>\n<p>Aquest projecte vol incidir en la millora general de l\u2019estat de salut de la gent gran.<\/p>\n<p>Estan previstes 13 sessions, els dimecres de 11.00h a 12.30h al Centre C\u00edvic del Bon Pastor (per a m\u00e9s informacions i per inscripcions: CAP, Resid\u00e8ncia i Centre C\u00edvic del Bon Pastor).<\/p>\n<p>En aquest v\u00eddeo els i les professionals de l\u2019\u00e0mbit sociosanitari del territori us explicaran els objectius que persegueix aquest projecte comunitari i en xarxa.<\/p>\n<p>El v\u00eddeo, que s\u2019ha gravat amb un telefon m\u00f2bil, s\u2019ha creat gr\u00e0cies a la col\u00b7laboraci\u00f3 entre Pla de Barris i l\u2019entitat Comunicaci\u00f3 i Cultura BP &amp; BV (entitat cultural creada aquest any i formada per persones dels dos barris), en l\u2019\u00e0mbit del proc\u00e8s de creaci\u00f3 de continguts per les p\u00e0gines webs del projecte Agenda SocioCultural.<\/p>\n<p><span class=\"embed-youtube\" style=\"text-align:center; display: block;\"><iframe loading=\"lazy\" class=\"youtube-player\" width=\"640\" height=\"360\" src=\"https:\/\/www.youtube.com\/embed\/35fcPZr9iLI?version=3&#038;rel=1&#038;showsearch=0&#038;showinfo=1&#038;iv_load_policy=1&#038;fs=1&#038;hl=ca&#038;autohide=2&#038;wmode=transparent\" allowfullscreen=\"true\" style=\"border:0;\" sandbox=\"allow-scripts allow-same-origin allow-popups allow-presentation allow-popups-to-escape-sandbox\"><\/iframe><\/span><\/p>\n","protected":false},"excerpt":{"rendered":"<p>Ahir va comen\u00e7ar la tercera edici\u00f3 de l\u2019Escola de Salut de la Gent Gran del Bon Pastor i Bar\u00f3 de Viver. Aquest projecte vol incidir en la millora general de l\u2019estat de salut de la gent gran. Estan previstes 13 sessions, els dimecres de 11.00h a 12.30h al Centre C\u00edvic del Bon Pastor (per a [&hellip;]<\/p>\n","protected":false},"author":1,"featured_media":1140,"comment_status":"closed","ping_status":"open","sticky":false,"template":"","format":"standard","meta":{"_uag_custom_page_level_css":"","site-sidebar-layout":"default","site-content-layout":"","ast-site-content-layout":"","site-content-style":"default","site-sidebar-style":"default","ast-global-header-display":"","ast-banner-title-visibility":"","ast-main-header-display":"","ast-hfb-above-header-display":"","ast-hfb-below-header-display":"","ast-hfb-mobile-header-display":"","site-post-title":"","ast-breadcrumbs-content":"","ast-featured-img":"","footer-sml-layout":"","theme-transparent-header-meta":"","adv-header-id-meta":"","stick-header-meta":"","header-above-stick-meta":"","header-main-stick-meta":"","header-below-stick-meta":"","astra-migrate-meta-layouts":"default","ast-page-background-enabled":"default","ast-page-background-meta":{"desktop":{"background-color":"var(--ast-global-color-4)","background-image":"","background-repeat":"repeat","background-position":"center center","background-size":"auto","background-attachment":"scroll","background-type":"","background-media":"","overlay-type":"","overlay-color":"","overlay-opacity":"","overlay-gradient":""},"tablet":{"background-color":"","background-image":"","background-repeat":"repeat","background-position":"center center","background-size":"auto","background-attachment":"scroll","background-type":"","background-media":"","overlay-type":"","overlay-color":"","overlay-opacity":"","overlay-gradient":""},"mobile":{"background-color":"","background-image":"","background-repeat":"repeat","background-position":"center center","background-size":"auto","background-attachment":"scroll","background-type":"","background-media":"","overlay-type":"","overlay-color":"","overlay-opacity":"","overlay-gradient":""}},"ast-content-background-meta":{"desktop":{"background-color":"var(--ast-global-color-5)","background-image":"","background-repeat":"repeat","background-position":"center center","background-size":"auto","background-attachment":"scroll","background-type":"","background-media":"","overlay-type":"","overlay-color":"","overlay-opacity":"","overlay-gradient":""},"tablet":{"background-color":"var(--ast-global-color-5)","background-image":"","background-repeat":"repeat","background-position":"center center","background-size":"auto","background-attachment":"scroll","background-type":"","background-media":"","overlay-type":"","overlay-color":"","overlay-opacity":"","overlay-gradient":""},"mobile":{"background-color":"var(--ast-global-color-5)","background-image":"","background-repeat":"repeat","background-position":"center center","background-size":"auto","background-attachment":"scroll","background-type":"","background-media":"","overlay-type":"","overlay-color":"","overlay-opacity":"","overlay-gradient":""}},"_jetpack_newsletter_access":"","_jetpack_dont_email_post_to_subs":false,"_jetpack_newsletter_tier_id":0,"_jetpack_memberships_contains_paywalled_content":false,"_jetpack_memberships_contains_paid_content":false,"footnotes":""},"categories":[1],"tags":[],"class_list":["post-1139","post","type-post","status-publish","format-standard","has-post-thumbnail","hentry","category-blog"],"jetpack_featured_media_url":"https:\/\/barodeviver.cat\/wp-content\/uploads\/2016\/04\/Escola-de-Salut-portada.jpg","uagb_featured_image_src":{"full":["https:\/\/barodeviver.cat\/wp-content\/uploads\/2016\/04\/Escola-de-Salut-portada.jpg",1749,2481,false],"thumbnail":["https:\/\/barodeviver.cat\/wp-content\/uploads\/2016\/04\/Escola-de-Salut-portada-150x150.jpg",150,150,true],"medium":["https:\/\/barodeviver.cat\/wp-content\/uploads\/2016\/04\/Escola-de-Salut-portada-211x300.jpg",211,300,true],"medium_large":["https:\/\/barodeviver.cat\/wp-content\/uploads\/2016\/04\/Escola-de-Salut-portada.jpg",768,1089,false],"large":["https:\/\/barodeviver.cat\/wp-content\/uploads\/2016\/04\/Escola-de-Salut-portada-721x1024.jpg",721,1024,true],"1536x1536":["https:\/\/barodeviver.cat\/wp-content\/uploads\/2016\/04\/Escola-de-Salut-portada.jpg",1083,1536,false],"2048x2048":["https:\/\/barodeviver.cat\/wp-content\/uploads\/2016\/04\/Escola-de-Salut-portada.jpg",1444,2048,false]},"uagb_author_info":{"display_name":"Fem Bar\u00f3 de Viver","author_link":"https:\/\/barodeviver.cat\/author\/admin"},"uagb_comment_info":0,"uagb_excerpt":"Ahir va comen\u00e7ar la tercera edici\u00f3 de l\u2019Escola de Salut de la Gent Gran del Bon Pastor i Bar\u00f3 de Viver. Aquest projecte vol incidir en la millora general de l\u2019estat de salut de la gent gran. Estan previstes 13 sessions, els dimecres de 11.00h a 12.30h al Centre C\u00edvic del Bon Pastor (per a&hellip;","jetpack_sharing_enabled":true,"jetpack_shortlink":"https:\/\/wp.me\/p86b0a-in","_links":{"self":[{"href":"https:\/\/barodeviver.cat\/index.php?rest_route=\/wp\/v2\/posts\/1139","targetHints":{"allow":["GET"]}}],"collection":[{"href":"https:\/\/barodeviver.cat\/index.php?rest_route=\/wp\/v2\/posts"}],"about":[{"href":"https:\/\/barodeviver.cat\/index.php?rest_route=\/wp\/v2\/types\/post"}],"author":[{"embeddable":true,"href":"https:\/\/barodeviver.cat\/index.php?rest_route=\/wp\/v2\/users\/1"}],"replies":[{"embeddable":true,"href":"https:\/\/barodeviver.cat\/index.php?rest_route=%2Fwp%2Fv2%2Fcomments&post=1139"}],"version-history":[{"count":1,"href":"https:\/\/barodeviver.cat\/index.php?rest_route=\/wp\/v2\/posts\/1139\/revisions"}],"predecessor-version":[{"id":1142,"href":"https:\/\/barodeviver.cat\/index.php?rest_route=\/wp\/v2\/posts\/1139\/revisions\/1142"}],"wp:featuredmedia":[{"embeddable":true,"href":"https:\/\/barodeviver.cat\/index.php?rest_route=\/wp\/v2\/media\/1140"}],"wp:attachment":[{"href":"https:\/\/barodeviver.cat\/index.php?rest_route=%2Fwp%2Fv2%2Fmedia&parent=1139"}],"wp:term":[{"taxonomy":"category","embeddable":true,"href":"https:\/\/barodeviver.cat\/index.php?rest_route=%2Fwp%2Fv2%2Fcategories&post=1139"},{"taxonomy":"post_tag","embeddable":true,"href":"https:\/\/barodeviver.cat\/index.php?rest_route=%2Fwp%2Fv2%2Ftags&post=1139"}],"curies":[{"name":"wp","href":"https:\/\/api.w.org\/{rel}","templated":true}]}}