{"id":1153,"date":"2016-04-07T15:41:08","date_gmt":"2016-04-07T15:41:08","guid":{"rendered":"https:\/\/barodeviver.cat\/?p=1153"},"modified":"2016-04-07T15:41:08","modified_gmt":"2016-04-07T15:41:08","slug":"consell-de-barri-baro-de-viver-11-de-abril-del-2016","status":"publish","type":"post","link":"https:\/\/barodeviver.cat\/?p=1153","title":{"rendered":"Consell de barri Bar\u00f3 de Viver 11 de abril del 2016"},"content":{"rendered":"<p><strong>Consell de barri de Bar\u00f3 de Viver<\/strong><br \/>\n<strong>Dilluns 11 d\u2019abril a les 18:30h \u2013 Centre C\u00edvic del Bar\u00f3 de Viver (C. Quito, 8)<\/strong><br \/>\nOrdre del dia:<br \/>\n1. Aprovaci\u00f3 de l\u2019acta de la sessi\u00f3 anterior.<br \/>\n2. Presentaci\u00f3 del Projecte Sin\u00e8rgics.<br \/>\n3. Informaci\u00f3 sobre el grau d\u2019execuci\u00f3 de les inversions del Pla de Barris.<br \/>\n4. Precs i preguntes.<\/p>\n<p>El\u00a0<strong>Consell de Barri<\/strong>\u00a0\u00e9s un\u00a0<strong>\u00f2rgan de participaci\u00f3 territorial<\/strong>\u00a0per a totes les q\u00fcestions referents al\u00a0<strong>barri<\/strong>. T\u00e9 com a finalitat ser un\u00a0<strong>canal de participaci\u00f3 ciutadana<\/strong>\u00a0en el desenvolupament de\u00a0<strong>pol\u00edtiques p\u00fabliques de proximitat<\/strong>. S\u00f3n instruments fonamentals de conviv\u00e8ncia i de treball basats en la\u00a0<strong>coresponsabilitat col.lectiva<\/strong>\u00a0per aprofundir, aix\u00ed, en la cohesi\u00f3 social i millorar la qualitat de vida urbana de la nostra ciutat.<\/p>\n<p>Est\u00e0\u00a0<strong>presidit pel regidor o regidora de Districte<\/strong>, hi participen\u00a0<strong>representants dels grups pol\u00edtics, serveis, entitats i associacions<\/strong>\u00a0i estan tamb\u00e9 oberts a la\u00a0<strong>participaci\u00f3 individual de tota la ciutadania<\/strong>\u00a0a trav\u00e9s de convocat\u00f2ries p\u00fabliques. En les seves sessions es debat sobre els\u00a0<strong>plans<\/strong>, els\u00a0<strong>projectes<\/strong>\u00a0i les\u00a0<strong>actuacions<\/strong>\u00a0que tenen lloc al barri, a partir de la\u00a0<strong>informaci\u00f3 i les opinions de totes les persones que hi assisteixen.<\/strong>\u00a0Els\u00a0<strong>acords<\/strong>\u00a0i les\u00a0<strong>propostes<\/strong>\u00a0dels consells de barri es transmeten als \u00f2rgans pertinents de l\u2019Ajuntament perqu\u00e8 hi doni\u00a0<strong>resposta<\/strong>.<\/p>\n<p>&nbsp;<\/p>\n<p><a href=\"http:\/\/ajuntament.barcelona.cat\/santandreu\/ca\/noticia\/ronda-de-consells-de-barri-a-navas-bon-pastor\" target=\"_blank\" rel=\"noopener\"><strong>http:\/\/ajuntament.barcelona.cat\/santandreu\/ca\/noticia\/ronda-de-consells-de-barri-a-navas-bon-pastor <\/strong><\/a><\/p>\n<p>&nbsp;<\/p>\n","protected":false},"excerpt":{"rendered":"<p>Consell de barri de Bar\u00f3 de Viver Dilluns 11 d\u2019abril a les 18:30h \u2013 Centre C\u00edvic del Bar\u00f3 de Viver (C. Quito, 8) Ordre del dia: 1. Aprovaci\u00f3 de l\u2019acta de la sessi\u00f3 anterior. 2. Presentaci\u00f3 del Projecte Sin\u00e8rgics. 3. Informaci\u00f3 sobre el grau d\u2019execuci\u00f3 de les inversions del Pla de Barris. 4. Precs i [&hellip;]<\/p>\n","protected":false},"author":1,"featured_media":1154,"comment_status":"closed","ping_status":"open","sticky":false,"template":"","format":"standard","meta":{"_uag_custom_page_level_css":"","site-sidebar-layout":"default","site-content-layout":"","ast-site-content-layout":"","site-content-style":"default","site-sidebar-style":"default","ast-global-header-display":"","ast-banner-title-visibility":"","ast-main-header-display":"","ast-hfb-above-header-display":"","ast-hfb-below-header-display":"","ast-hfb-mobile-header-display":"","site-post-title":"","ast-breadcrumbs-content":"","ast-featured-img":"","footer-sml-layout":"","theme-transparent-header-meta":"","adv-header-id-meta":"","stick-header-meta":"","header-above-stick-meta":"","header-main-stick-meta":"","header-below-stick-meta":"","astra-migrate-meta-layouts":"default","ast-page-background-enabled":"default","ast-page-background-meta":{"desktop":{"background-color":"var(--ast-global-color-4)","background-image":"","background-repeat":"repeat","background-position":"center center","background-size":"auto","background-attachment":"scroll","background-type":"","background-media":"","overlay-type":"","overlay-color":"","overlay-opacity":"","overlay-gradient":""},"tablet":{"background-color":"","background-image":"","background-repeat":"repeat","background-position":"center center","background-size":"auto","background-attachment":"scroll","background-type":"","background-media":"","overlay-type":"","overlay-color":"","overlay-opacity":"","overlay-gradient":""},"mobile":{"background-color":"","background-image":"","background-repeat":"repeat","background-position":"center center","background-size":"auto","background-attachment":"scroll","background-type":"","background-media":"","overlay-type":"","overlay-color":"","overlay-opacity":"","overlay-gradient":""}},"ast-content-background-meta":{"desktop":{"background-color":"var(--ast-global-color-5)","background-image":"","background-repeat":"repeat","background-position":"center center","background-size":"auto","background-attachment":"scroll","background-type":"","background-media":"","overlay-type":"","overlay-color":"","overlay-opacity":"","overlay-gradient":""},"tablet":{"background-color":"var(--ast-global-color-5)","background-image":"","background-repeat":"repeat","background-position":"center center","background-size":"auto","background-attachment":"scroll","background-type":"","background-media":"","overlay-type":"","overlay-color":"","overlay-opacity":"","overlay-gradient":""},"mobile":{"background-color":"var(--ast-global-color-5)","background-image":"","background-repeat":"repeat","background-position":"center center","background-size":"auto","background-attachment":"scroll","background-type":"","background-media":"","overlay-type":"","overlay-color":"","overlay-opacity":"","overlay-gradient":""}},"_jetpack_newsletter_access":"","_jetpack_dont_email_post_to_subs":false,"_jetpack_newsletter_tier_id":0,"_jetpack_memberships_contains_paywalled_content":false,"_jetpack_memberships_contains_paid_content":false,"footnotes":""},"categories":[1],"tags":[],"class_list":["post-1153","post","type-post","status-publish","format-standard","has-post-thumbnail","hentry","category-blog"],"jetpack_featured_media_url":"https:\/\/barodeviver.cat\/wp-content\/uploads\/2016\/04\/Consell-de-barri-Bar\u00f3-de-Viver-11-abril.page1_.jpg","uagb_featured_image_src":{"full":["https:\/\/barodeviver.cat\/wp-content\/uploads\/2016\/04\/Consell-de-barri-Bar\u00f3-de-Viver-11-abril.page1_.jpg",2560,5034,false],"thumbnail":["https:\/\/barodeviver.cat\/wp-content\/uploads\/2016\/04\/Consell-de-barri-Bar\u00f3-de-Viver-11-abril.page1_-150x150.jpg",150,150,true],"medium":["https:\/\/barodeviver.cat\/wp-content\/uploads\/2016\/04\/Consell-de-barri-Bar\u00f3-de-Viver-11-abril.page1_-152x300.jpg",152,300,true],"medium_large":["https:\/\/barodeviver.cat\/wp-content\/uploads\/2016\/04\/Consell-de-barri-Bar\u00f3-de-Viver-11-abril.page1_.jpg",768,1510,false],"large":["https:\/\/barodeviver.cat\/wp-content\/uploads\/2016\/04\/Consell-de-barri-Bar\u00f3-de-Viver-11-abril.page1_-520x1024.jpg",520,1024,true],"1536x1536":["https:\/\/barodeviver.cat\/wp-content\/uploads\/2016\/04\/Consell-de-barri-Bar\u00f3-de-Viver-11-abril.page1_.jpg",781,1536,false],"2048x2048":["https:\/\/barodeviver.cat\/wp-content\/uploads\/2016\/04\/Consell-de-barri-Bar\u00f3-de-Viver-11-abril.page1_.jpg",1041,2048,false]},"uagb_author_info":{"display_name":"Fem Bar\u00f3 de Viver","author_link":"https:\/\/barodeviver.cat\/author\/admin"},"uagb_comment_info":0,"uagb_excerpt":"Consell de barri de Bar\u00f3 de Viver Dilluns 11 d\u2019abril a les 18:30h \u2013 Centre C\u00edvic del Bar\u00f3 de Viver (C. Quito, 8) Ordre del dia: 1. Aprovaci\u00f3 de l\u2019acta de la sessi\u00f3 anterior. 2. Presentaci\u00f3 del Projecte Sin\u00e8rgics. 3. Informaci\u00f3 sobre el grau d\u2019execuci\u00f3 de les inversions del Pla de Barris. 4. Precs i&hellip;","jetpack_sharing_enabled":true,"jetpack_shortlink":"https:\/\/wp.me\/p86b0a-iB","_links":{"self":[{"href":"https:\/\/barodeviver.cat\/index.php?rest_route=\/wp\/v2\/posts\/1153","targetHints":{"allow":["GET"]}}],"collection":[{"href":"https:\/\/barodeviver.cat\/index.php?rest_route=\/wp\/v2\/posts"}],"about":[{"href":"https:\/\/barodeviver.cat\/index.php?rest_route=\/wp\/v2\/types\/post"}],"author":[{"embeddable":true,"href":"https:\/\/barodeviver.cat\/index.php?rest_route=\/wp\/v2\/users\/1"}],"replies":[{"embeddable":true,"href":"https:\/\/barodeviver.cat\/index.php?rest_route=%2Fwp%2Fv2%2Fcomments&post=1153"}],"version-history":[{"count":1,"href":"https:\/\/barodeviver.cat\/index.php?rest_route=\/wp\/v2\/posts\/1153\/revisions"}],"predecessor-version":[{"id":1155,"href":"https:\/\/barodeviver.cat\/index.php?rest_route=\/wp\/v2\/posts\/1153\/revisions\/1155"}],"wp:featuredmedia":[{"embeddable":true,"href":"https:\/\/barodeviver.cat\/index.php?rest_route=\/wp\/v2\/media\/1154"}],"wp:attachment":[{"href":"https:\/\/barodeviver.cat\/index.php?rest_route=%2Fwp%2Fv2%2Fmedia&parent=1153"}],"wp:term":[{"taxonomy":"category","embeddable":true,"href":"https:\/\/barodeviver.cat\/index.php?rest_route=%2Fwp%2Fv2%2Fcategories&post=1153"},{"taxonomy":"post_tag","embeddable":true,"href":"https:\/\/barodeviver.cat\/index.php?rest_route=%2Fwp%2Fv2%2Ftags&post=1153"}],"curies":[{"name":"wp","href":"https:\/\/api.w.org\/{rel}","templated":true}]}}