{"id":1189,"date":"2016-04-21T19:09:26","date_gmt":"2016-04-21T19:09:26","guid":{"rendered":"https:\/\/barodeviver.cat\/?p=1189"},"modified":"2016-04-21T20:20:27","modified_gmt":"2016-04-21T20:20:27","slug":"diada-de-sant-jordi-22-dabril-de-2016-a-baro-de-viver","status":"publish","type":"post","link":"https:\/\/barodeviver.cat\/?p=1189","title":{"rendered":"Diada de Sant Jordi 22 d&#8217;abril de 2016 a Bar\u00f3 de Viver"},"content":{"rendered":"<p>Com cada any celebrem la diada de Sant Jordi i aquest any no podr\u00eda faltar la celebraci\u00f3.<\/p>\n<p>Tindr\u00e1 lloc el di\u00e1:<\/p>\n<p>22 d&#8217;abril de 2016 Sant Jordi a Bar\u00f3<\/p>\n<p>a les 11:00 hores al Centre Civic de Bar\u00f3 de Viver.<\/p>\n<p>&#8211; Taula d&#8217;intercambi de llibres<\/p>\n<p>&#8211; Bibliomovil infantil<\/p>\n<p>a les 17:30\u00a0hores al Centre Civic de Bar\u00f3 de Viver.<\/p>\n<p>&#8211; Taula d&#8217;intercambi de llibres<\/p>\n<p>&#8211; \u00a0Bibliomovil infantil<\/p>\n<p>&#8211; Roda de tallers<\/p>\n<p>&#8211; Ring po\u00e8tic<\/p>\n<p>&nbsp;<\/p>\n<p>OS ESPEREM A TOTS I TOTES A GAUDIR DE LA DIADA DE SANT JORDI 2016<\/p>\n","protected":false},"excerpt":{"rendered":"<p>Com cada any celebrem la diada de Sant Jordi i aquest any no podr\u00eda faltar la celebraci\u00f3. Tindr\u00e1 lloc el di\u00e1: 22 d&#8217;abril de 2016 Sant Jordi a Bar\u00f3 a les 11:00 hores al Centre Civic de Bar\u00f3 de Viver. &#8211; Taula d&#8217;intercambi de llibres &#8211; Bibliomovil infantil a les 17:30\u00a0hores al Centre Civic de [&hellip;]<\/p>\n","protected":false},"author":1,"featured_media":1190,"comment_status":"closed","ping_status":"open","sticky":false,"template":"","format":"standard","meta":{"_uag_custom_page_level_css":"","site-sidebar-layout":"default","site-content-layout":"","ast-site-content-layout":"","site-content-style":"default","site-sidebar-style":"default","ast-global-header-display":"","ast-banner-title-visibility":"","ast-main-header-display":"","ast-hfb-above-header-display":"","ast-hfb-below-header-display":"","ast-hfb-mobile-header-display":"","site-post-title":"","ast-breadcrumbs-content":"","ast-featured-img":"","footer-sml-layout":"","theme-transparent-header-meta":"","adv-header-id-meta":"","stick-header-meta":"","header-above-stick-meta":"","header-main-stick-meta":"","header-below-stick-meta":"","astra-migrate-meta-layouts":"default","ast-page-background-enabled":"default","ast-page-background-meta":{"desktop":{"background-color":"var(--ast-global-color-4)","background-image":"","background-repeat":"repeat","background-position":"center center","background-size":"auto","background-attachment":"scroll","background-type":"","background-media":"","overlay-type":"","overlay-color":"","overlay-opacity":"","overlay-gradient":""},"tablet":{"background-color":"","background-image":"","background-repeat":"repeat","background-position":"center center","background-size":"auto","background-attachment":"scroll","background-type":"","background-media":"","overlay-type":"","overlay-color":"","overlay-opacity":"","overlay-gradient":""},"mobile":{"background-color":"","background-image":"","background-repeat":"repeat","background-position":"center center","background-size":"auto","background-attachment":"scroll","background-type":"","background-media":"","overlay-type":"","overlay-color":"","overlay-opacity":"","overlay-gradient":""}},"ast-content-background-meta":{"desktop":{"background-color":"var(--ast-global-color-5)","background-image":"","background-repeat":"repeat","background-position":"center center","background-size":"auto","background-attachment":"scroll","background-type":"","background-media":"","overlay-type":"","overlay-color":"","overlay-opacity":"","overlay-gradient":""},"tablet":{"background-color":"var(--ast-global-color-5)","background-image":"","background-repeat":"repeat","background-position":"center center","background-size":"auto","background-attachment":"scroll","background-type":"","background-media":"","overlay-type":"","overlay-color":"","overlay-opacity":"","overlay-gradient":""},"mobile":{"background-color":"var(--ast-global-color-5)","background-image":"","background-repeat":"repeat","background-position":"center center","background-size":"auto","background-attachment":"scroll","background-type":"","background-media":"","overlay-type":"","overlay-color":"","overlay-opacity":"","overlay-gradient":""}},"_jetpack_newsletter_access":"","_jetpack_dont_email_post_to_subs":false,"_jetpack_newsletter_tier_id":0,"_jetpack_memberships_contains_paywalled_content":false,"_jetpack_memberships_contains_paid_content":false,"footnotes":""},"categories":[1],"tags":[],"class_list":["post-1189","post","type-post","status-publish","format-standard","has-post-thumbnail","hentry","category-blog"],"jetpack_featured_media_url":"https:\/\/barodeviver.cat\/wp-content\/uploads\/2016\/04\/2016-Sant-jordi.jpg","uagb_featured_image_src":{"full":["https:\/\/barodeviver.cat\/wp-content\/uploads\/2016\/04\/2016-Sant-jordi.jpg",793,1587,false],"thumbnail":["https:\/\/barodeviver.cat\/wp-content\/uploads\/2016\/04\/2016-Sant-jordi-150x150.jpg",150,150,true],"medium":["https:\/\/barodeviver.cat\/wp-content\/uploads\/2016\/04\/2016-Sant-jordi-149x300.jpg",149,300,true],"medium_large":["https:\/\/barodeviver.cat\/wp-content\/uploads\/2016\/04\/2016-Sant-jordi.jpg",768,1537,false],"large":["https:\/\/barodeviver.cat\/wp-content\/uploads\/2016\/04\/2016-Sant-jordi-511x1024.jpg",511,1024,true],"1536x1536":["https:\/\/barodeviver.cat\/wp-content\/uploads\/2016\/04\/2016-Sant-jordi.jpg",768,1536,false],"2048x2048":["https:\/\/barodeviver.cat\/wp-content\/uploads\/2016\/04\/2016-Sant-jordi.jpg",793,1587,false]},"uagb_author_info":{"display_name":"Fem Bar\u00f3 de Viver","author_link":"https:\/\/barodeviver.cat\/author\/admin"},"uagb_comment_info":0,"uagb_excerpt":"Com cada any celebrem la diada de Sant Jordi i aquest any no podr\u00eda faltar la celebraci\u00f3. Tindr\u00e1 lloc el di\u00e1: 22 d&#8217;abril de 2016 Sant Jordi a Bar\u00f3 a les 11:00 hores al Centre Civic de Bar\u00f3 de Viver. &#8211; Taula d&#8217;intercambi de llibres &#8211; Bibliomovil infantil a les 17:30\u00a0hores al Centre Civic de&hellip;","jetpack_sharing_enabled":true,"jetpack_shortlink":"https:\/\/wp.me\/p86b0a-jb","_links":{"self":[{"href":"https:\/\/barodeviver.cat\/index.php?rest_route=\/wp\/v2\/posts\/1189","targetHints":{"allow":["GET"]}}],"collection":[{"href":"https:\/\/barodeviver.cat\/index.php?rest_route=\/wp\/v2\/posts"}],"about":[{"href":"https:\/\/barodeviver.cat\/index.php?rest_route=\/wp\/v2\/types\/post"}],"author":[{"embeddable":true,"href":"https:\/\/barodeviver.cat\/index.php?rest_route=\/wp\/v2\/users\/1"}],"replies":[{"embeddable":true,"href":"https:\/\/barodeviver.cat\/index.php?rest_route=%2Fwp%2Fv2%2Fcomments&post=1189"}],"version-history":[{"count":2,"href":"https:\/\/barodeviver.cat\/index.php?rest_route=\/wp\/v2\/posts\/1189\/revisions"}],"predecessor-version":[{"id":1192,"href":"https:\/\/barodeviver.cat\/index.php?rest_route=\/wp\/v2\/posts\/1189\/revisions\/1192"}],"wp:featuredmedia":[{"embeddable":true,"href":"https:\/\/barodeviver.cat\/index.php?rest_route=\/wp\/v2\/media\/1190"}],"wp:attachment":[{"href":"https:\/\/barodeviver.cat\/index.php?rest_route=%2Fwp%2Fv2%2Fmedia&parent=1189"}],"wp:term":[{"taxonomy":"category","embeddable":true,"href":"https:\/\/barodeviver.cat\/index.php?rest_route=%2Fwp%2Fv2%2Fcategories&post=1189"},{"taxonomy":"post_tag","embeddable":true,"href":"https:\/\/barodeviver.cat\/index.php?rest_route=%2Fwp%2Fv2%2Ftags&post=1189"}],"curies":[{"name":"wp","href":"https:\/\/api.w.org\/{rel}","templated":true}]}}