{"id":1193,"date":"2016-04-26T15:04:23","date_gmt":"2016-04-26T15:04:23","guid":{"rendered":"https:\/\/barodeviver.cat\/?p=1193"},"modified":"2016-04-26T15:05:48","modified_gmt":"2016-04-26T15:05:48","slug":"totes-i-tots-fem-baro","status":"publish","type":"post","link":"https:\/\/barodeviver.cat\/?p=1193","title":{"rendered":"Totes i Tots FEM BAR\u00d3"},"content":{"rendered":"<p>La Xarxa T\u00e8cnica del barrio te invita ma\u00f1ana, a las 20.00h, en el Centro C\u00edvico a la primera sesi\u00f3n de &#8220;Totes i Tots FEM Bar\u00f3 de Viver&#8221;.<\/p>\n<p>Explicaremos que es y que hace la Xarxa T\u00e8cnica y hablaremos de los recursos y servicios a disposici\u00f3n de la comunidad.<\/p>\n<p>Hablaremos de temas relacionados con el barrio, su gente, sus fiestas, sus propuestas, su futuro.<\/p>\n<p>Te esperamos, haz o\u00edr tu voz, expl\u00edcanos tus sue\u00f1os, ven con tus propuestas, es tu momento, es ma\u00f1ana&#8230;<\/p>\n<p><a href=\"https:\/\/barodeviver.cat\/wp-content\/uploads\/2016\/04\/XARXA-T\u00c8CNICA-DE-BAR\u00d3-DE-VIVER-1.png\"><img loading=\"lazy\" decoding=\"async\" class=\"aligncenter wp-image-1195 size-large\" src=\"https:\/\/barodeviver.cat\/wp-content\/uploads\/2016\/04\/XARXA-T\u00c8CNICA-DE-BAR\u00d3-DE-VIVER-1-409x1024.png\" alt=\"XARXA T\u00c8CNICA DE BAR\u00d3 DE VIVER-1\" width=\"409\" height=\"1024\" srcset=\"https:\/\/barodeviver.cat\/wp-content\/uploads\/2016\/04\/XARXA-T\u00c8CNICA-DE-BAR\u00d3-DE-VIVER-1-409x1024.png 409w, https:\/\/barodeviver.cat\/wp-content\/uploads\/2016\/04\/XARXA-T\u00c8CNICA-DE-BAR\u00d3-DE-VIVER-1-120x300.png 120w, https:\/\/barodeviver.cat\/wp-content\/uploads\/2016\/04\/XARXA-T\u00c8CNICA-DE-BAR\u00d3-DE-VIVER-1-730x1825.png 730w, https:\/\/barodeviver.cat\/wp-content\/uploads\/2016\/04\/XARXA-T\u00c8CNICA-DE-BAR\u00d3-DE-VIVER-1.png 800w\" sizes=\"auto, (max-width: 409px) 100vw, 409px\" \/><\/a><\/p>\n<p>&nbsp;<\/p>\n","protected":false},"excerpt":{"rendered":"<p>La Xarxa T\u00e8cnica del barrio te invita ma\u00f1ana, a las 20.00h, en el Centro C\u00edvico a la primera sesi\u00f3n de &#8220;Totes i Tots FEM Bar\u00f3 de Viver&#8221;. Explicaremos que es y que hace la Xarxa T\u00e8cnica y hablaremos de los recursos y servicios a disposici\u00f3n de la comunidad. Hablaremos de temas relacionados con el barrio, [&hellip;]<\/p>\n","protected":false},"author":1,"featured_media":1194,"comment_status":"closed","ping_status":"open","sticky":false,"template":"","format":"standard","meta":{"_uag_custom_page_level_css":"","site-sidebar-layout":"default","site-content-layout":"","ast-site-content-layout":"","site-content-style":"default","site-sidebar-style":"default","ast-global-header-display":"","ast-banner-title-visibility":"","ast-main-header-display":"","ast-hfb-above-header-display":"","ast-hfb-below-header-display":"","ast-hfb-mobile-header-display":"","site-post-title":"","ast-breadcrumbs-content":"","ast-featured-img":"","footer-sml-layout":"","theme-transparent-header-meta":"","adv-header-id-meta":"","stick-header-meta":"","header-above-stick-meta":"","header-main-stick-meta":"","header-below-stick-meta":"","astra-migrate-meta-layouts":"default","ast-page-background-enabled":"default","ast-page-background-meta":{"desktop":{"background-color":"var(--ast-global-color-4)","background-image":"","background-repeat":"repeat","background-position":"center center","background-size":"auto","background-attachment":"scroll","background-type":"","background-media":"","overlay-type":"","overlay-color":"","overlay-opacity":"","overlay-gradient":""},"tablet":{"background-color":"","background-image":"","background-repeat":"repeat","background-position":"center center","background-size":"auto","background-attachment":"scroll","background-type":"","background-media":"","overlay-type":"","overlay-color":"","overlay-opacity":"","overlay-gradient":""},"mobile":{"background-color":"","background-image":"","background-repeat":"repeat","background-position":"center center","background-size":"auto","background-attachment":"scroll","background-type":"","background-media":"","overlay-type":"","overlay-color":"","overlay-opacity":"","overlay-gradient":""}},"ast-content-background-meta":{"desktop":{"background-color":"var(--ast-global-color-5)","background-image":"","background-repeat":"repeat","background-position":"center center","background-size":"auto","background-attachment":"scroll","background-type":"","background-media":"","overlay-type":"","overlay-color":"","overlay-opacity":"","overlay-gradient":""},"tablet":{"background-color":"var(--ast-global-color-5)","background-image":"","background-repeat":"repeat","background-position":"center center","background-size":"auto","background-attachment":"scroll","background-type":"","background-media":"","overlay-type":"","overlay-color":"","overlay-opacity":"","overlay-gradient":""},"mobile":{"background-color":"var(--ast-global-color-5)","background-image":"","background-repeat":"repeat","background-position":"center center","background-size":"auto","background-attachment":"scroll","background-type":"","background-media":"","overlay-type":"","overlay-color":"","overlay-opacity":"","overlay-gradient":""}},"_jetpack_newsletter_access":"","_jetpack_dont_email_post_to_subs":false,"_jetpack_newsletter_tier_id":0,"_jetpack_memberships_contains_paywalled_content":false,"_jetpack_memberships_contains_paid_content":false,"footnotes":""},"categories":[1],"tags":[],"class_list":["post-1193","post","type-post","status-publish","format-standard","has-post-thumbnail","hentry","category-blog"],"jetpack_featured_media_url":"https:\/\/barodeviver.cat\/wp-content\/uploads\/2016\/04\/xarxa-bar\u00f3-convoca-27-abril.png","uagb_featured_image_src":{"full":["https:\/\/barodeviver.cat\/wp-content\/uploads\/2016\/04\/xarxa-bar\u00f3-convoca-27-abril.png",540,810,false],"thumbnail":["https:\/\/barodeviver.cat\/wp-content\/uploads\/2016\/04\/xarxa-bar\u00f3-convoca-27-abril-150x150.png",150,150,true],"medium":["https:\/\/barodeviver.cat\/wp-content\/uploads\/2016\/04\/xarxa-bar\u00f3-convoca-27-abril-200x300.png",200,300,true],"medium_large":["https:\/\/barodeviver.cat\/wp-content\/uploads\/2016\/04\/xarxa-bar\u00f3-convoca-27-abril.png",540,810,false],"large":["https:\/\/barodeviver.cat\/wp-content\/uploads\/2016\/04\/xarxa-bar\u00f3-convoca-27-abril.png",540,810,false],"1536x1536":["https:\/\/barodeviver.cat\/wp-content\/uploads\/2016\/04\/xarxa-bar\u00f3-convoca-27-abril.png",540,810,false],"2048x2048":["https:\/\/barodeviver.cat\/wp-content\/uploads\/2016\/04\/xarxa-bar\u00f3-convoca-27-abril.png",540,810,false]},"uagb_author_info":{"display_name":"Fem Bar\u00f3 de Viver","author_link":"https:\/\/barodeviver.cat\/author\/admin"},"uagb_comment_info":0,"uagb_excerpt":"La Xarxa T\u00e8cnica del barrio te invita ma\u00f1ana, a las 20.00h, en el Centro C\u00edvico a la primera sesi\u00f3n de &#8220;Totes i Tots FEM Bar\u00f3 de Viver&#8221;. Explicaremos que es y que hace la Xarxa T\u00e8cnica y hablaremos de los recursos y servicios a disposici\u00f3n de la comunidad. Hablaremos de temas relacionados con el barrio,&hellip;","jetpack_sharing_enabled":true,"jetpack_shortlink":"https:\/\/wp.me\/p86b0a-jf","_links":{"self":[{"href":"https:\/\/barodeviver.cat\/index.php?rest_route=\/wp\/v2\/posts\/1193","targetHints":{"allow":["GET"]}}],"collection":[{"href":"https:\/\/barodeviver.cat\/index.php?rest_route=\/wp\/v2\/posts"}],"about":[{"href":"https:\/\/barodeviver.cat\/index.php?rest_route=\/wp\/v2\/types\/post"}],"author":[{"embeddable":true,"href":"https:\/\/barodeviver.cat\/index.php?rest_route=\/wp\/v2\/users\/1"}],"replies":[{"embeddable":true,"href":"https:\/\/barodeviver.cat\/index.php?rest_route=%2Fwp%2Fv2%2Fcomments&post=1193"}],"version-history":[{"count":2,"href":"https:\/\/barodeviver.cat\/index.php?rest_route=\/wp\/v2\/posts\/1193\/revisions"}],"predecessor-version":[{"id":1197,"href":"https:\/\/barodeviver.cat\/index.php?rest_route=\/wp\/v2\/posts\/1193\/revisions\/1197"}],"wp:featuredmedia":[{"embeddable":true,"href":"https:\/\/barodeviver.cat\/index.php?rest_route=\/wp\/v2\/media\/1194"}],"wp:attachment":[{"href":"https:\/\/barodeviver.cat\/index.php?rest_route=%2Fwp%2Fv2%2Fmedia&parent=1193"}],"wp:term":[{"taxonomy":"category","embeddable":true,"href":"https:\/\/barodeviver.cat\/index.php?rest_route=%2Fwp%2Fv2%2Fcategories&post=1193"},{"taxonomy":"post_tag","embeddable":true,"href":"https:\/\/barodeviver.cat\/index.php?rest_route=%2Fwp%2Fv2%2Ftags&post=1193"}],"curies":[{"name":"wp","href":"https:\/\/api.w.org\/{rel}","templated":true}]}}