{"id":1209,"date":"2016-04-29T14:24:31","date_gmt":"2016-04-29T14:24:31","guid":{"rendered":"https:\/\/barodeviver.cat\/?p=1209"},"modified":"2016-04-29T14:26:25","modified_gmt":"2016-04-29T14:26:25","slug":"segunda-sesion-totes-i-tots-fem-baro-de-viver","status":"publish","type":"post","link":"https:\/\/barodeviver.cat\/?p=1209","title":{"rendered":"Segunda sesi\u00f3n &#8220;Totes i Tots Fem Bar\u00f3 de Viver&#8221;"},"content":{"rendered":"<p>Las personas que conformamos la Xarxa T\u00e8cnica del barrio te invitamos a participar, el miercoles 4 de mayo a las 20.00h en el Centro C\u00edvico, a la segunda sesi\u00f3n de \u201cTotes i Tots FEM Bar\u00f3 de Viver\u201d.<\/p>\n<p>Seguiremos hablando de temas relacionados con el barrio, su gente, sus fiestas, sus propuestas, su futuro.<\/p>\n<div class=\"text_exposed_show\">\n<p>Te esperamos, haz o\u00edr tu voz, expl\u00edcanos tus sue\u00f1os, ven con tus propuestas, es tu momento!!!<\/p>\n<\/div>\n","protected":false},"excerpt":{"rendered":"<p>Las personas que conformamos la Xarxa T\u00e8cnica del barrio te invitamos a participar, el miercoles 4 de mayo a las 20.00h en el Centro C\u00edvico, a la segunda sesi\u00f3n de \u201cTotes i Tots FEM Bar\u00f3 de Viver\u201d. Seguiremos hablando de temas relacionados con el barrio, su gente, sus fiestas, sus propuestas, su futuro. Te esperamos, [&hellip;]<\/p>\n","protected":false},"author":1,"featured_media":1203,"comment_status":"closed","ping_status":"open","sticky":false,"template":"","format":"standard","meta":{"_uag_custom_page_level_css":"","site-sidebar-layout":"default","site-content-layout":"","ast-site-content-layout":"","site-content-style":"default","site-sidebar-style":"default","ast-global-header-display":"","ast-banner-title-visibility":"","ast-main-header-display":"","ast-hfb-above-header-display":"","ast-hfb-below-header-display":"","ast-hfb-mobile-header-display":"","site-post-title":"","ast-breadcrumbs-content":"","ast-featured-img":"","footer-sml-layout":"","theme-transparent-header-meta":"","adv-header-id-meta":"","stick-header-meta":"","header-above-stick-meta":"","header-main-stick-meta":"","header-below-stick-meta":"","astra-migrate-meta-layouts":"default","ast-page-background-enabled":"default","ast-page-background-meta":{"desktop":{"background-color":"var(--ast-global-color-4)","background-image":"","background-repeat":"repeat","background-position":"center center","background-size":"auto","background-attachment":"scroll","background-type":"","background-media":"","overlay-type":"","overlay-color":"","overlay-opacity":"","overlay-gradient":""},"tablet":{"background-color":"","background-image":"","background-repeat":"repeat","background-position":"center center","background-size":"auto","background-attachment":"scroll","background-type":"","background-media":"","overlay-type":"","overlay-color":"","overlay-opacity":"","overlay-gradient":""},"mobile":{"background-color":"","background-image":"","background-repeat":"repeat","background-position":"center center","background-size":"auto","background-attachment":"scroll","background-type":"","background-media":"","overlay-type":"","overlay-color":"","overlay-opacity":"","overlay-gradient":""}},"ast-content-background-meta":{"desktop":{"background-color":"var(--ast-global-color-5)","background-image":"","background-repeat":"repeat","background-position":"center center","background-size":"auto","background-attachment":"scroll","background-type":"","background-media":"","overlay-type":"","overlay-color":"","overlay-opacity":"","overlay-gradient":""},"tablet":{"background-color":"var(--ast-global-color-5)","background-image":"","background-repeat":"repeat","background-position":"center center","background-size":"auto","background-attachment":"scroll","background-type":"","background-media":"","overlay-type":"","overlay-color":"","overlay-opacity":"","overlay-gradient":""},"mobile":{"background-color":"var(--ast-global-color-5)","background-image":"","background-repeat":"repeat","background-position":"center center","background-size":"auto","background-attachment":"scroll","background-type":"","background-media":"","overlay-type":"","overlay-color":"","overlay-opacity":"","overlay-gradient":""}},"_jetpack_newsletter_access":"","_jetpack_dont_email_post_to_subs":false,"_jetpack_newsletter_tier_id":0,"_jetpack_memberships_contains_paywalled_content":false,"_jetpack_memberships_contains_paid_content":false,"footnotes":""},"categories":[1],"tags":[],"class_list":["post-1209","post","type-post","status-publish","format-standard","has-post-thumbnail","hentry","category-blog"],"jetpack_featured_media_url":"https:\/\/barodeviver.cat\/wp-content\/uploads\/2016\/04\/tItFEMBAR\u00d32.jpg","uagb_featured_image_src":{"full":["https:\/\/barodeviver.cat\/wp-content\/uploads\/2016\/04\/tItFEMBAR\u00d32.jpg",540,810,false],"thumbnail":["https:\/\/barodeviver.cat\/wp-content\/uploads\/2016\/04\/tItFEMBAR\u00d32-150x150.jpg",150,150,true],"medium":["https:\/\/barodeviver.cat\/wp-content\/uploads\/2016\/04\/tItFEMBAR\u00d32-200x300.jpg",200,300,true],"medium_large":["https:\/\/barodeviver.cat\/wp-content\/uploads\/2016\/04\/tItFEMBAR\u00d32.jpg",540,810,false],"large":["https:\/\/barodeviver.cat\/wp-content\/uploads\/2016\/04\/tItFEMBAR\u00d32.jpg",540,810,false],"1536x1536":["https:\/\/barodeviver.cat\/wp-content\/uploads\/2016\/04\/tItFEMBAR\u00d32.jpg",540,810,false],"2048x2048":["https:\/\/barodeviver.cat\/wp-content\/uploads\/2016\/04\/tItFEMBAR\u00d32.jpg",540,810,false]},"uagb_author_info":{"display_name":"Fem Bar\u00f3 de Viver","author_link":"https:\/\/barodeviver.cat\/author\/admin"},"uagb_comment_info":0,"uagb_excerpt":"Las personas que conformamos la Xarxa T\u00e8cnica del barrio te invitamos a participar, el miercoles 4 de mayo a las 20.00h en el Centro C\u00edvico, a la segunda sesi\u00f3n de \u201cTotes i Tots FEM Bar\u00f3 de Viver\u201d. Seguiremos hablando de temas relacionados con el barrio, su gente, sus fiestas, sus propuestas, su futuro. Te esperamos,&hellip;","jetpack_sharing_enabled":true,"jetpack_shortlink":"https:\/\/wp.me\/p86b0a-jv","_links":{"self":[{"href":"https:\/\/barodeviver.cat\/index.php?rest_route=\/wp\/v2\/posts\/1209","targetHints":{"allow":["GET"]}}],"collection":[{"href":"https:\/\/barodeviver.cat\/index.php?rest_route=\/wp\/v2\/posts"}],"about":[{"href":"https:\/\/barodeviver.cat\/index.php?rest_route=\/wp\/v2\/types\/post"}],"author":[{"embeddable":true,"href":"https:\/\/barodeviver.cat\/index.php?rest_route=\/wp\/v2\/users\/1"}],"replies":[{"embeddable":true,"href":"https:\/\/barodeviver.cat\/index.php?rest_route=%2Fwp%2Fv2%2Fcomments&post=1209"}],"version-history":[{"count":2,"href":"https:\/\/barodeviver.cat\/index.php?rest_route=\/wp\/v2\/posts\/1209\/revisions"}],"predecessor-version":[{"id":1211,"href":"https:\/\/barodeviver.cat\/index.php?rest_route=\/wp\/v2\/posts\/1209\/revisions\/1211"}],"wp:featuredmedia":[{"embeddable":true,"href":"https:\/\/barodeviver.cat\/index.php?rest_route=\/wp\/v2\/media\/1203"}],"wp:attachment":[{"href":"https:\/\/barodeviver.cat\/index.php?rest_route=%2Fwp%2Fv2%2Fmedia&parent=1209"}],"wp:term":[{"taxonomy":"category","embeddable":true,"href":"https:\/\/barodeviver.cat\/index.php?rest_route=%2Fwp%2Fv2%2Fcategories&post=1209"},{"taxonomy":"post_tag","embeddable":true,"href":"https:\/\/barodeviver.cat\/index.php?rest_route=%2Fwp%2Fv2%2Ftags&post=1209"}],"curies":[{"name":"wp","href":"https:\/\/api.w.org\/{rel}","templated":true}]}}