{"id":1212,"date":"2016-05-02T17:13:58","date_gmt":"2016-05-02T17:13:58","guid":{"rendered":"https:\/\/barodeviver.cat\/?p=1212"},"modified":"2016-05-02T17:13:58","modified_gmt":"2016-05-02T17:13:58","slug":"queridos-vecinos-y-queridas-vecinas","status":"publish","type":"post","link":"https:\/\/barodeviver.cat\/?p=1212","title":{"rendered":"QUERIDOS VECINOS Y QUERIDAS VECINAS!!!!"},"content":{"rendered":"<div>\n<p>QUERIDOS VECINOS QUERIDAS VECINAS Estamos ampliando la exposici\u00f3n fotogr\u00e1fica del barrio.<\/p>\n<p>Por ese motivo os pedimos poder recoger y exponer vuestras fotos antiguas para poder preparar ocho nuevos plafones que se a\u00f1adir\u00e1n a los nueve actuales.<\/p>\n<p>&nbsp;<\/p>\n<p>Si quer\u00e9is m\u00e1s informaciones os pod\u00e9is poner en contacto con Miguel \u00c1ngel Reyes y con Silvano Aversano del Pla de Barris.<\/p>\n<p>&nbsp;<\/p>\n<p>Nos gustar\u00eda contar con vuestra ayuda y, sobretodo, con vuestras fotos hist\u00f3ricas.<\/p>\n<p>&nbsp;<\/p>\n<p><strong><em>Muchas gracias<\/em><\/strong><\/div>\n<div><strong><em>\u00a0<\/em><\/strong><\/div>\n<div><strong><em>Estimats ve\u00efns i ve\u00efnes<br \/>\n<\/em><\/strong><\/div>\n<div><strong><em>Estem ampliant la exposici\u00f3 fotogr\u00e0fica del barri.<br \/>\n<\/em><\/strong><\/div>\n<div><strong><em>Per aquest motiu us demanem poder recollir i exposar les vostres fotos antigues per a preparar vuit nous plafons que s&#8217;afegiran als nous existents,<br \/>\n<\/em><\/strong><\/div>\n<div><strong><em>Si voleu m\u00e9s informacions us podeu posar en contacte amb en Miguel Angel Reyes i amb en Silvano Aversano del Pla de Barris.<br \/>\n<\/em><\/strong><\/div>\n<div><strong><em>Ens agradaria comptar amb la vostra ajuda i, sobretot, amb les vostres fotos hist\u00f2riques.<br \/>\n<\/em><\/strong><\/div>\n<div><strong><em>Moltes gr\u00e0cies<\/em><\/strong><\/div>\n","protected":false},"excerpt":{"rendered":"<p>QUERIDOS VECINOS QUERIDAS VECINAS Estamos ampliando la exposici\u00f3n fotogr\u00e1fica del barrio. Por ese motivo os pedimos poder recoger y exponer vuestras fotos antiguas para poder preparar ocho nuevos plafones que se a\u00f1adir\u00e1n a los nueve actuales. &nbsp; Si quer\u00e9is m\u00e1s informaciones os pod\u00e9is poner en contacto con Miguel \u00c1ngel Reyes y con Silvano Aversano del [&hellip;]<\/p>\n","protected":false},"author":1,"featured_media":1214,"comment_status":"closed","ping_status":"open","sticky":false,"template":"","format":"standard","meta":{"_uag_custom_page_level_css":"","site-sidebar-layout":"default","site-content-layout":"","ast-site-content-layout":"","site-content-style":"default","site-sidebar-style":"default","ast-global-header-display":"","ast-banner-title-visibility":"","ast-main-header-display":"","ast-hfb-above-header-display":"","ast-hfb-below-header-display":"","ast-hfb-mobile-header-display":"","site-post-title":"","ast-breadcrumbs-content":"","ast-featured-img":"","footer-sml-layout":"","theme-transparent-header-meta":"","adv-header-id-meta":"","stick-header-meta":"","header-above-stick-meta":"","header-main-stick-meta":"","header-below-stick-meta":"","astra-migrate-meta-layouts":"default","ast-page-background-enabled":"default","ast-page-background-meta":{"desktop":{"background-color":"var(--ast-global-color-4)","background-image":"","background-repeat":"repeat","background-position":"center center","background-size":"auto","background-attachment":"scroll","background-type":"","background-media":"","overlay-type":"","overlay-color":"","overlay-opacity":"","overlay-gradient":""},"tablet":{"background-color":"","background-image":"","background-repeat":"repeat","background-position":"center center","background-size":"auto","background-attachment":"scroll","background-type":"","background-media":"","overlay-type":"","overlay-color":"","overlay-opacity":"","overlay-gradient":""},"mobile":{"background-color":"","background-image":"","background-repeat":"repeat","background-position":"center center","background-size":"auto","background-attachment":"scroll","background-type":"","background-media":"","overlay-type":"","overlay-color":"","overlay-opacity":"","overlay-gradient":""}},"ast-content-background-meta":{"desktop":{"background-color":"var(--ast-global-color-5)","background-image":"","background-repeat":"repeat","background-position":"center center","background-size":"auto","background-attachment":"scroll","background-type":"","background-media":"","overlay-type":"","overlay-color":"","overlay-opacity":"","overlay-gradient":""},"tablet":{"background-color":"var(--ast-global-color-5)","background-image":"","background-repeat":"repeat","background-position":"center center","background-size":"auto","background-attachment":"scroll","background-type":"","background-media":"","overlay-type":"","overlay-color":"","overlay-opacity":"","overlay-gradient":""},"mobile":{"background-color":"var(--ast-global-color-5)","background-image":"","background-repeat":"repeat","background-position":"center center","background-size":"auto","background-attachment":"scroll","background-type":"","background-media":"","overlay-type":"","overlay-color":"","overlay-opacity":"","overlay-gradient":""}},"_jetpack_newsletter_access":"","_jetpack_dont_email_post_to_subs":false,"_jetpack_newsletter_tier_id":0,"_jetpack_memberships_contains_paywalled_content":false,"_jetpack_memberships_contains_paid_content":false,"footnotes":""},"categories":[1],"tags":[],"class_list":["post-1212","post","type-post","status-publish","format-standard","has-post-thumbnail","hentry","category-blog"],"jetpack_featured_media_url":"https:\/\/barodeviver.cat\/wp-content\/uploads\/2016\/05\/Bar\u00f3-de-viver-parla-en-imatges1.jpg","uagb_featured_image_src":{"full":["https:\/\/barodeviver.cat\/wp-content\/uploads\/2016\/05\/Bar\u00f3-de-viver-parla-en-imatges1.jpg",1587,2245,false],"thumbnail":["https:\/\/barodeviver.cat\/wp-content\/uploads\/2016\/05\/Bar\u00f3-de-viver-parla-en-imatges1-150x150.jpg",150,150,true],"medium":["https:\/\/barodeviver.cat\/wp-content\/uploads\/2016\/05\/Bar\u00f3-de-viver-parla-en-imatges1-212x300.jpg",212,300,true],"medium_large":["https:\/\/barodeviver.cat\/wp-content\/uploads\/2016\/05\/Bar\u00f3-de-viver-parla-en-imatges1.jpg",768,1086,false],"large":["https:\/\/barodeviver.cat\/wp-content\/uploads\/2016\/05\/Bar\u00f3-de-viver-parla-en-imatges1-723x1024.jpg",723,1024,true],"1536x1536":["https:\/\/barodeviver.cat\/wp-content\/uploads\/2016\/05\/Bar\u00f3-de-viver-parla-en-imatges1.jpg",1086,1536,false],"2048x2048":["https:\/\/barodeviver.cat\/wp-content\/uploads\/2016\/05\/Bar\u00f3-de-viver-parla-en-imatges1.jpg",1448,2048,false]},"uagb_author_info":{"display_name":"Fem Bar\u00f3 de Viver","author_link":"https:\/\/barodeviver.cat\/author\/admin"},"uagb_comment_info":0,"uagb_excerpt":"QUERIDOS VECINOS QUERIDAS VECINAS Estamos ampliando la exposici\u00f3n fotogr\u00e1fica del barrio. Por ese motivo os pedimos poder recoger y exponer vuestras fotos antiguas para poder preparar ocho nuevos plafones que se a\u00f1adir\u00e1n a los nueve actuales. &nbsp; Si quer\u00e9is m\u00e1s informaciones os pod\u00e9is poner en contacto con Miguel \u00c1ngel Reyes y con Silvano Aversano del&hellip;","jetpack_sharing_enabled":true,"jetpack_shortlink":"https:\/\/wp.me\/p86b0a-jy","_links":{"self":[{"href":"https:\/\/barodeviver.cat\/index.php?rest_route=\/wp\/v2\/posts\/1212","targetHints":{"allow":["GET"]}}],"collection":[{"href":"https:\/\/barodeviver.cat\/index.php?rest_route=\/wp\/v2\/posts"}],"about":[{"href":"https:\/\/barodeviver.cat\/index.php?rest_route=\/wp\/v2\/types\/post"}],"author":[{"embeddable":true,"href":"https:\/\/barodeviver.cat\/index.php?rest_route=\/wp\/v2\/users\/1"}],"replies":[{"embeddable":true,"href":"https:\/\/barodeviver.cat\/index.php?rest_route=%2Fwp%2Fv2%2Fcomments&post=1212"}],"version-history":[{"count":1,"href":"https:\/\/barodeviver.cat\/index.php?rest_route=\/wp\/v2\/posts\/1212\/revisions"}],"predecessor-version":[{"id":1215,"href":"https:\/\/barodeviver.cat\/index.php?rest_route=\/wp\/v2\/posts\/1212\/revisions\/1215"}],"wp:featuredmedia":[{"embeddable":true,"href":"https:\/\/barodeviver.cat\/index.php?rest_route=\/wp\/v2\/media\/1214"}],"wp:attachment":[{"href":"https:\/\/barodeviver.cat\/index.php?rest_route=%2Fwp%2Fv2%2Fmedia&parent=1212"}],"wp:term":[{"taxonomy":"category","embeddable":true,"href":"https:\/\/barodeviver.cat\/index.php?rest_route=%2Fwp%2Fv2%2Fcategories&post=1212"},{"taxonomy":"post_tag","embeddable":true,"href":"https:\/\/barodeviver.cat\/index.php?rest_route=%2Fwp%2Fv2%2Ftags&post=1212"}],"curies":[{"name":"wp","href":"https:\/\/api.w.org\/{rel}","templated":true}]}}