{"id":1216,"date":"2016-05-05T18:24:14","date_gmt":"2016-05-05T18:24:14","guid":{"rendered":"https:\/\/barodeviver.cat\/?p=1216"},"modified":"2016-05-05T18:31:15","modified_gmt":"2016-05-05T18:31:15","slug":"el-rebost-solidari-bon-pastor-baro-de-viver-organitza-un-taller-de-cuina-noticia-del-28042016-publicada-en-btv","status":"publish","type":"post","link":"https:\/\/barodeviver.cat\/?p=1216","title":{"rendered":"El Rebost Solidari Bon Pastor \u2013 Bar\u00f3 de Viver organitza un taller de cuina. Noticia del 28\/04\/2016 publicada en BTV"},"content":{"rendered":"<h2>El Rebost Solidari Bon Pastor \u2013 Bar\u00f3 de Viver organitza un taller de cuina<\/h2>\n<p class=\"notranscripcio\">El Rebost d&#8217;aliments del Bon Pastor i Bar\u00f3 de Viver incrementa la seva tasca solid\u00e0ria. Els coordinadors del centre, l&#8217;Associaci\u00f3 de Ve\u00efns del Bon Pastor, han organitzat tallers de cuina per als usuaris per ensenyar-los receptes fetes amb els aliments que els donen.<\/p>\n<p>El Rebost Solidari Bon Pastor \u2013 Bar\u00f3 de Viver, engegat el maig de 2014, ha creat un <strong>projecte social anomenat Endavant.tal per fomentar l\u2019alimentaci\u00f3 saludable<\/strong>. Segons els responsables de l\u2019equipament, algunes fam\u00edlies usu\u00e0ries del servei tenen una alimentaci\u00f3 desestructurada per l\u2019escassetat de productes que consumeixen. Per aix\u00f2, van decidir organitzar uns tallers de cuina.<\/p>\n<p>L\u2019Associaci\u00f3 de Ve\u00efns del Bon Pastor, juntament amb una nutricionista del CAP del Bon Pastor, una cuinera i els serveis socials del territori, imparteix quatre <strong>sessions te\u00f2riques i pr\u00e0ctiques de cuina<\/strong> als usuaris. Les trobades, cada dimarts, es fan al Centre C\u00edvic de Bar\u00f3 de Viver i tenen la intenci\u00f3 d\u2019ensenyar-los a elaborar plats saludables i equilibrats amb els aliments que reben del rebost.<\/p>\n<p>L\u2019entitat t\u00e9 la intenci\u00f3 de repetir els tallers de cuina a la tardor i ampliar-los a altres persones de la comunitat que ho necessitin.<\/p>\n<p>Aqui deixu el enlla\u00e7 del video que ha fet Barcelona Televisi\u00f3.<\/p>\n<p><a href=\"http:\/\/www.btv.cat\/btvnoticies\/2016\/04\/28\/rebost-solidari-bon-pastor-baro-de-viver-organitza-taller-cuina-usuaris\/\" target=\"_blank\" rel=\"noopener\">http:\/\/www.btv.cat\/btvnoticies\/2016\/04\/28\/rebost-solidari-bon-pastor-baro-de-viver-organitza-taller-cuina-usuaris\/<\/a><\/p>\n<p>&nbsp;<\/p>\n","protected":false},"excerpt":{"rendered":"<p>El Rebost Solidari Bon Pastor \u2013 Bar\u00f3 de Viver organitza un taller de cuina El Rebost d&#8217;aliments del Bon Pastor i Bar\u00f3 de Viver incrementa la seva tasca solid\u00e0ria. Els coordinadors del centre, l&#8217;Associaci\u00f3 de Ve\u00efns del Bon Pastor, han organitzat tallers de cuina per als usuaris per ensenyar-los receptes fetes amb els aliments que [&hellip;]<\/p>\n","protected":false},"author":1,"featured_media":1218,"comment_status":"closed","ping_status":"open","sticky":false,"template":"","format":"standard","meta":{"_uag_custom_page_level_css":"","site-sidebar-layout":"default","site-content-layout":"","ast-site-content-layout":"","site-content-style":"default","site-sidebar-style":"default","ast-global-header-display":"","ast-banner-title-visibility":"","ast-main-header-display":"","ast-hfb-above-header-display":"","ast-hfb-below-header-display":"","ast-hfb-mobile-header-display":"","site-post-title":"","ast-breadcrumbs-content":"","ast-featured-img":"","footer-sml-layout":"","theme-transparent-header-meta":"","adv-header-id-meta":"","stick-header-meta":"","header-above-stick-meta":"","header-main-stick-meta":"","header-below-stick-meta":"","astra-migrate-meta-layouts":"default","ast-page-background-enabled":"default","ast-page-background-meta":{"desktop":{"background-color":"var(--ast-global-color-4)","background-image":"","background-repeat":"repeat","background-position":"center center","background-size":"auto","background-attachment":"scroll","background-type":"","background-media":"","overlay-type":"","overlay-color":"","overlay-opacity":"","overlay-gradient":""},"tablet":{"background-color":"","background-image":"","background-repeat":"repeat","background-position":"center center","background-size":"auto","background-attachment":"scroll","background-type":"","background-media":"","overlay-type":"","overlay-color":"","overlay-opacity":"","overlay-gradient":""},"mobile":{"background-color":"","background-image":"","background-repeat":"repeat","background-position":"center center","background-size":"auto","background-attachment":"scroll","background-type":"","background-media":"","overlay-type":"","overlay-color":"","overlay-opacity":"","overlay-gradient":""}},"ast-content-background-meta":{"desktop":{"background-color":"var(--ast-global-color-5)","background-image":"","background-repeat":"repeat","background-position":"center center","background-size":"auto","background-attachment":"scroll","background-type":"","background-media":"","overlay-type":"","overlay-color":"","overlay-opacity":"","overlay-gradient":""},"tablet":{"background-color":"var(--ast-global-color-5)","background-image":"","background-repeat":"repeat","background-position":"center center","background-size":"auto","background-attachment":"scroll","background-type":"","background-media":"","overlay-type":"","overlay-color":"","overlay-opacity":"","overlay-gradient":""},"mobile":{"background-color":"var(--ast-global-color-5)","background-image":"","background-repeat":"repeat","background-position":"center center","background-size":"auto","background-attachment":"scroll","background-type":"","background-media":"","overlay-type":"","overlay-color":"","overlay-opacity":"","overlay-gradient":""}},"_jetpack_newsletter_access":"","_jetpack_dont_email_post_to_subs":false,"_jetpack_newsletter_tier_id":0,"_jetpack_memberships_contains_paywalled_content":false,"_jetpack_memberships_contains_paid_content":false,"footnotes":""},"categories":[1],"tags":[],"class_list":["post-1216","post","type-post","status-publish","format-standard","has-post-thumbnail","hentry","category-blog"],"jetpack_featured_media_url":"https:\/\/barodeviver.cat\/wp-content\/uploads\/2016\/05\/Imagen-noticia-Rebost-daliments-BP-y-BDV.jpg","uagb_featured_image_src":{"full":["https:\/\/barodeviver.cat\/wp-content\/uploads\/2016\/05\/Imagen-noticia-Rebost-daliments-BP-y-BDV.jpg",1363,739,false],"thumbnail":["https:\/\/barodeviver.cat\/wp-content\/uploads\/2016\/05\/Imagen-noticia-Rebost-daliments-BP-y-BDV-150x150.jpg",150,150,true],"medium":["https:\/\/barodeviver.cat\/wp-content\/uploads\/2016\/05\/Imagen-noticia-Rebost-daliments-BP-y-BDV-300x162.jpg",300,162,true],"medium_large":["https:\/\/barodeviver.cat\/wp-content\/uploads\/2016\/05\/Imagen-noticia-Rebost-daliments-BP-y-BDV.jpg",768,416,false],"large":["https:\/\/barodeviver.cat\/wp-content\/uploads\/2016\/05\/Imagen-noticia-Rebost-daliments-BP-y-BDV-1024x555.jpg",1024,555,true],"1536x1536":["https:\/\/barodeviver.cat\/wp-content\/uploads\/2016\/05\/Imagen-noticia-Rebost-daliments-BP-y-BDV.jpg",1363,739,false],"2048x2048":["https:\/\/barodeviver.cat\/wp-content\/uploads\/2016\/05\/Imagen-noticia-Rebost-daliments-BP-y-BDV.jpg",1363,739,false]},"uagb_author_info":{"display_name":"Fem Bar\u00f3 de Viver","author_link":"https:\/\/barodeviver.cat\/author\/admin"},"uagb_comment_info":0,"uagb_excerpt":"El Rebost Solidari Bon Pastor \u2013 Bar\u00f3 de Viver organitza un taller de cuina El Rebost d&#8217;aliments del Bon Pastor i Bar\u00f3 de Viver incrementa la seva tasca solid\u00e0ria. Els coordinadors del centre, l&#8217;Associaci\u00f3 de Ve\u00efns del Bon Pastor, han organitzat tallers de cuina per als usuaris per ensenyar-los receptes fetes amb els aliments que&hellip;","jetpack_sharing_enabled":true,"jetpack_shortlink":"https:\/\/wp.me\/p86b0a-jC","_links":{"self":[{"href":"https:\/\/barodeviver.cat\/index.php?rest_route=\/wp\/v2\/posts\/1216","targetHints":{"allow":["GET"]}}],"collection":[{"href":"https:\/\/barodeviver.cat\/index.php?rest_route=\/wp\/v2\/posts"}],"about":[{"href":"https:\/\/barodeviver.cat\/index.php?rest_route=\/wp\/v2\/types\/post"}],"author":[{"embeddable":true,"href":"https:\/\/barodeviver.cat\/index.php?rest_route=\/wp\/v2\/users\/1"}],"replies":[{"embeddable":true,"href":"https:\/\/barodeviver.cat\/index.php?rest_route=%2Fwp%2Fv2%2Fcomments&post=1216"}],"version-history":[{"count":1,"href":"https:\/\/barodeviver.cat\/index.php?rest_route=\/wp\/v2\/posts\/1216\/revisions"}],"predecessor-version":[{"id":1217,"href":"https:\/\/barodeviver.cat\/index.php?rest_route=\/wp\/v2\/posts\/1216\/revisions\/1217"}],"wp:featuredmedia":[{"embeddable":true,"href":"https:\/\/barodeviver.cat\/index.php?rest_route=\/wp\/v2\/media\/1218"}],"wp:attachment":[{"href":"https:\/\/barodeviver.cat\/index.php?rest_route=%2Fwp%2Fv2%2Fmedia&parent=1216"}],"wp:term":[{"taxonomy":"category","embeddable":true,"href":"https:\/\/barodeviver.cat\/index.php?rest_route=%2Fwp%2Fv2%2Fcategories&post=1216"},{"taxonomy":"post_tag","embeddable":true,"href":"https:\/\/barodeviver.cat\/index.php?rest_route=%2Fwp%2Fv2%2Ftags&post=1216"}],"curies":[{"name":"wp","href":"https:\/\/api.w.org\/{rel}","templated":true}]}}