{"id":1223,"date":"2016-05-05T19:06:24","date_gmt":"2016-05-05T19:06:24","guid":{"rendered":"https:\/\/barodeviver.cat\/?p=1223"},"modified":"2016-05-05T19:06:24","modified_gmt":"2016-05-05T19:06:24","slug":"funky-training-llega-a-baro-de-viver-el-proximo-dia-14-de-maig-de-2016-2","status":"publish","type":"post","link":"https:\/\/barodeviver.cat\/?p=1223","title":{"rendered":"Funky Training llega a Bar\u00f3 de Viver!! El pr\u00f3ximo d\u00eda 14 de maig de 2016"},"content":{"rendered":"<p><strong>Funky Training llega a Bar\u00f3 de Viver!! El pr\u00f3ximo d\u00eda 14 de maig de 2016<\/strong><\/p>\n<p>Como dijimos, este mes habr\u00edan sorpresas&#8230; Pues as\u00ed es!<\/p>\n<p>Para la Jam de Mayo disfrutaremos de m\u00fasica en directo junto a un gran referente del Funk&#8230;<\/p>\n<p>\u00c9l es Ivan Makvel | The Sleepers Recordz.<\/p>\n<p>Nos presenta su nuevo &#8221;Live Music Showcase &amp; Talkbox&#8221;.<br \/>\nUn show lleno de energia que nos contagiar\u00e1 de todos sus ritmos para que no paremos de bailar!<\/p>\n<p>Como siempre tambi\u00e9n tendremos la presencia de nuestro Dj Frescogui.<\/p>\n<p><strong>\u00b7\u00b7\u00b7\u00b7\u00b7\u00b7\u00b7\u00b7\u00b7\u00b7\u00b7\u00b7\u00b7\u00b7\u00b7\u00b7\u00b7\u00b7\u00b7\u00b7\u00b7\u00b7\u00b7\u00b7\u00b7\u00b7<wbr \/>\u00b7\u00b7\u00b7\u00b7\u00b7\u00b7\u00b7\u00b7\u00b7\u00b7\u00b7\u00b7\u00b7\u00b7\u00b7\u00b7\u00b7\u00b7\u00b7\u00b7\u00b7\u00b7\u00b7\u00b7\u00b7\u00b7<wbr \/>\u00b7\u00b7\u00b7\u00b7\u00b7\u00b7\u00b7\u00b7\u00b7\u00b7\u00b7\u00b7\u00b7\u00b7\u00b7\u00b7\u00b7\u00b7\u00b7\u00b7\u00b7\u00b7\u00b7\u00b7\u00b7\u00b7<wbr \/>\u00b7\u00b7\u00b7\u00b7\u00b7\u00b7\u00b7\u00b7\u00b7\u00b7\u00b7\u00b7\u00b7\u00b7\u00b7\u00b7\u00b7\u00b7\u00b7\u00b7\u00b7\u00b7\u00b7\u00b7\u00b7<\/strong><span class=\"text_exposed_show\"><\/p>\n<p>S\u00e1bado 14 de Mayo<br \/>\n17h a 21h<br \/>\nCentre C\u00edvic Bar\u00f3 de Viver<br \/>\nPara todos los p\u00fablicos<br \/>\nEntrada GRATUITA<\/span><\/p>\n","protected":false},"excerpt":{"rendered":"<p>Funky Training llega a Bar\u00f3 de Viver!! El pr\u00f3ximo d\u00eda 14 de maig de 2016 Como dijimos, este mes habr\u00edan sorpresas&#8230; Pues as\u00ed es! Para la Jam de Mayo disfrutaremos de m\u00fasica en directo junto a un gran referente del Funk&#8230; \u00c9l es Ivan Makvel | The Sleepers Recordz. Nos presenta su nuevo &#8221;Live Music [&hellip;]<\/p>\n","protected":false},"author":1,"featured_media":1221,"comment_status":"closed","ping_status":"open","sticky":false,"template":"","format":"standard","meta":{"_uag_custom_page_level_css":"","site-sidebar-layout":"default","site-content-layout":"","ast-site-content-layout":"","site-content-style":"default","site-sidebar-style":"default","ast-global-header-display":"","ast-banner-title-visibility":"","ast-main-header-display":"","ast-hfb-above-header-display":"","ast-hfb-below-header-display":"","ast-hfb-mobile-header-display":"","site-post-title":"","ast-breadcrumbs-content":"","ast-featured-img":"","footer-sml-layout":"","theme-transparent-header-meta":"","adv-header-id-meta":"","stick-header-meta":"","header-above-stick-meta":"","header-main-stick-meta":"","header-below-stick-meta":"","astra-migrate-meta-layouts":"default","ast-page-background-enabled":"default","ast-page-background-meta":{"desktop":{"background-color":"var(--ast-global-color-4)","background-image":"","background-repeat":"repeat","background-position":"center center","background-size":"auto","background-attachment":"scroll","background-type":"","background-media":"","overlay-type":"","overlay-color":"","overlay-opacity":"","overlay-gradient":""},"tablet":{"background-color":"","background-image":"","background-repeat":"repeat","background-position":"center center","background-size":"auto","background-attachment":"scroll","background-type":"","background-media":"","overlay-type":"","overlay-color":"","overlay-opacity":"","overlay-gradient":""},"mobile":{"background-color":"","background-image":"","background-repeat":"repeat","background-position":"center center","background-size":"auto","background-attachment":"scroll","background-type":"","background-media":"","overlay-type":"","overlay-color":"","overlay-opacity":"","overlay-gradient":""}},"ast-content-background-meta":{"desktop":{"background-color":"var(--ast-global-color-5)","background-image":"","background-repeat":"repeat","background-position":"center center","background-size":"auto","background-attachment":"scroll","background-type":"","background-media":"","overlay-type":"","overlay-color":"","overlay-opacity":"","overlay-gradient":""},"tablet":{"background-color":"var(--ast-global-color-5)","background-image":"","background-repeat":"repeat","background-position":"center center","background-size":"auto","background-attachment":"scroll","background-type":"","background-media":"","overlay-type":"","overlay-color":"","overlay-opacity":"","overlay-gradient":""},"mobile":{"background-color":"var(--ast-global-color-5)","background-image":"","background-repeat":"repeat","background-position":"center center","background-size":"auto","background-attachment":"scroll","background-type":"","background-media":"","overlay-type":"","overlay-color":"","overlay-opacity":"","overlay-gradient":""}},"_jetpack_newsletter_access":"","_jetpack_dont_email_post_to_subs":false,"_jetpack_newsletter_tier_id":0,"_jetpack_memberships_contains_paywalled_content":false,"_jetpack_memberships_contains_paid_content":false,"footnotes":""},"categories":[1],"tags":[],"class_list":["post-1223","post","type-post","status-publish","format-standard","has-post-thumbnail","hentry","category-blog"],"jetpack_featured_media_url":"https:\/\/barodeviver.cat\/wp-content\/uploads\/2016\/05\/A6.jpg","uagb_featured_image_src":{"full":["https:\/\/barodeviver.cat\/wp-content\/uploads\/2016\/05\/A6.jpg",1240,1754,false],"thumbnail":["https:\/\/barodeviver.cat\/wp-content\/uploads\/2016\/05\/A6-150x150.jpg",150,150,true],"medium":["https:\/\/barodeviver.cat\/wp-content\/uploads\/2016\/05\/A6-212x300.jpg",212,300,true],"medium_large":["https:\/\/barodeviver.cat\/wp-content\/uploads\/2016\/05\/A6.jpg",768,1086,false],"large":["https:\/\/barodeviver.cat\/wp-content\/uploads\/2016\/05\/A6-723x1024.jpg",723,1024,true],"1536x1536":["https:\/\/barodeviver.cat\/wp-content\/uploads\/2016\/05\/A6.jpg",1086,1536,false],"2048x2048":["https:\/\/barodeviver.cat\/wp-content\/uploads\/2016\/05\/A6.jpg",1240,1754,false]},"uagb_author_info":{"display_name":"Fem Bar\u00f3 de Viver","author_link":"https:\/\/barodeviver.cat\/author\/admin"},"uagb_comment_info":0,"uagb_excerpt":"Funky Training llega a Bar\u00f3 de Viver!! El pr\u00f3ximo d\u00eda 14 de maig de 2016 Como dijimos, este mes habr\u00edan sorpresas&#8230; Pues as\u00ed es! Para la Jam de Mayo disfrutaremos de m\u00fasica en directo junto a un gran referente del Funk&#8230; \u00c9l es Ivan Makvel | The Sleepers Recordz. Nos presenta su nuevo &#8221;Live Music&hellip;","jetpack_sharing_enabled":true,"jetpack_shortlink":"https:\/\/wp.me\/p86b0a-jJ","_links":{"self":[{"href":"https:\/\/barodeviver.cat\/index.php?rest_route=\/wp\/v2\/posts\/1223","targetHints":{"allow":["GET"]}}],"collection":[{"href":"https:\/\/barodeviver.cat\/index.php?rest_route=\/wp\/v2\/posts"}],"about":[{"href":"https:\/\/barodeviver.cat\/index.php?rest_route=\/wp\/v2\/types\/post"}],"author":[{"embeddable":true,"href":"https:\/\/barodeviver.cat\/index.php?rest_route=\/wp\/v2\/users\/1"}],"replies":[{"embeddable":true,"href":"https:\/\/barodeviver.cat\/index.php?rest_route=%2Fwp%2Fv2%2Fcomments&post=1223"}],"version-history":[{"count":1,"href":"https:\/\/barodeviver.cat\/index.php?rest_route=\/wp\/v2\/posts\/1223\/revisions"}],"predecessor-version":[{"id":1224,"href":"https:\/\/barodeviver.cat\/index.php?rest_route=\/wp\/v2\/posts\/1223\/revisions\/1224"}],"wp:featuredmedia":[{"embeddable":true,"href":"https:\/\/barodeviver.cat\/index.php?rest_route=\/wp\/v2\/media\/1221"}],"wp:attachment":[{"href":"https:\/\/barodeviver.cat\/index.php?rest_route=%2Fwp%2Fv2%2Fmedia&parent=1223"}],"wp:term":[{"taxonomy":"category","embeddable":true,"href":"https:\/\/barodeviver.cat\/index.php?rest_route=%2Fwp%2Fv2%2Fcategories&post=1223"},{"taxonomy":"post_tag","embeddable":true,"href":"https:\/\/barodeviver.cat\/index.php?rest_route=%2Fwp%2Fv2%2Ftags&post=1223"}],"curies":[{"name":"wp","href":"https:\/\/api.w.org\/{rel}","templated":true}]}}