{"id":1244,"date":"2016-05-26T11:28:42","date_gmt":"2016-05-26T11:28:42","guid":{"rendered":"https:\/\/barodeviver.cat\/?p=1244"},"modified":"2016-05-26T11:39:59","modified_gmt":"2016-05-26T11:39:59","slug":"lajuntament-invertira-20-milions-deuros-al-bon-pastor-i-baro-de-viver-aquesta-legislatura-noticia-25052016-publicada-a-btv","status":"publish","type":"post","link":"https:\/\/barodeviver.cat\/?p=1244","title":{"rendered":"L\u2019Ajuntament invertir\u00e0 20 milions d\u2019euros al Bon Pastor i Bar\u00f3 de Viver aquesta legislatura. Noticia 25\/05\/2016 publicada a BTV"},"content":{"rendered":"<h2 class=\"notranscripcio\"><strong>L\u2019Ajuntament invertir\u00e0 20 milions d\u2019euros al Bon Pastor i Bar\u00f3 de Viver aquesta legislatura.<\/strong><\/h2>\n<p class=\"notranscripcio\">El Bon Pastor i Bar\u00f3 de Viver s\u00f3n dos dels barris de l&#8217;eix Bes\u00f2s on l&#8217;Ajuntament comen\u00e7ar\u00e0 a executar el nou Pla de barris. La inversi\u00f3 prevista \u00e9s d&#8217;uns 10 milions d&#8217;euros per barri i servir\u00e0 per reactivar i impulsar l&#8217;economia de l&#8217;entorn, afrontar d\u00e8ficits urban\u00edstics de la zona i millorar les condicions de vida dels ve\u00efns.<\/p>\n<p>El Pla de barris servir\u00e0 per millorar els problemes derivats de la concentraci\u00f3 en una mateixa zona de<strong>ve\u00efns amb nivells de renda baixos<\/strong>, dels<strong> d\u00e8ficits urban\u00edstics <\/strong>de la zona o de l\u2019<strong>habitatge de qualitat baixa<\/strong>. Actualment, el Bon Pastor t\u00e9 uns 13.000 habitants, dels quals gaireb\u00e9 un miler estan aturats. I Bar\u00f3 de Viver t\u00e9 2.500 habitants amb unes 170 persones en situaci\u00f3 d\u2019atur. Per a aquests barris, l\u2019Ajuntament ha presentat un projecte d\u2019actuaci\u00f3 basat en tres \u00e0mbits:<\/p>\n<p><strong>F\u00e0brica.<\/strong> \u00c9s el projecte que t\u00e9 l\u2019objectiu d\u2019<strong>activar els pol\u00edgons industrials i millorar l\u2019entorn.<\/strong> La idea \u00e9s reurbanitzar, il\u00b7luminar i netejar les zones industrials amb l\u2019objectiu de fer-les m\u00e9s atractives. D\u2019aquesta manera s\u2019hi podrien establir empreses noves. La voluntat \u00e9s atraure activitats vinculades a la innovaci\u00f3 i donar cabuda a iniciatives industrials vinculades amb l\u2019economia social. Tamb\u00e9 a cooperatives que fomentin activitats relacionades amb l\u2019economia circular i verda.<\/p>\n<p><strong>Barri \u00e9s escola.<\/strong> \u00c9s un projecte d\u2019educaci\u00f3 integral que t\u00e9 l\u2019objectiu de<strong> millorar els centres educatius p\u00fablics del barri<\/strong>. L\u2019<strong>Escola Bernat de Bo\u00efl <\/strong>es transformar\u00e0 en un institut escola i incorpor\u00e0 els quatre cursos de l\u2019ESO al centre. D\u2019altra banda, l\u2019<strong>Institut Crist\u00f2fol Colom <\/strong>es convertir\u00e0 en la primera <strong>\u201cescola de la segona oportunitat\u201d<\/strong> de la ciutat. El centre oferir\u00e0 cicles formatius per a alumnes que han deixat d\u2019estudiar durant l\u2019ESO i combinar\u00e0 la formaci\u00f3 amb les pr\u00e0ctiques en empresa. L\u2019objectiu ser\u00e0 oferir una formaci\u00f3 professionalitzadora aprofitant la vinculaci\u00f3 del barri amb el pol\u00edgon industrial.<\/p>\n<p><strong>Mou-te.<\/strong> Aquest projecte servir\u00e0 per refor\u00e7ar la connectivitat i la<strong> mobilitat amb els barris ve\u00efns, amb la ciutat i amb el riu.<\/strong><\/p>\n<p>Ja s\u2019ha creat una taula de treball formada per t\u00e8cnics, ve\u00efns i agents del Pla de barris. A partir de la setmana que ve aquesta taula de treball comen\u00e7ar\u00e0 a elaborar el pla de treball amb l\u2019objectiu d\u2019iniciar els projectes aquest any.<\/p>\n<p>&nbsp;<\/p>\n<p>Aqui deixu el enlla\u00e7 del video que ha fet Barcelona Televisi\u00f3.<\/p>\n<p><a href=\"http:\/\/www.btv.cat\/btvnoticies\/2016\/05\/25\/pla-barris-bon-pastor-baro-viver\/\" target=\"_blank\" rel=\"noopener\">http:\/\/www.btv.cat\/btvnoticies\/2016\/05\/25\/pla-barris-bon-pastor-baro-viver\/<\/a><\/p>\n","protected":false},"excerpt":{"rendered":"<p>L\u2019Ajuntament invertir\u00e0 20 milions d\u2019euros al Bon Pastor i Bar\u00f3 de Viver aquesta legislatura. El Bon Pastor i Bar\u00f3 de Viver s\u00f3n dos dels barris de l&#8217;eix Bes\u00f2s on l&#8217;Ajuntament comen\u00e7ar\u00e0 a executar el nou Pla de barris. La inversi\u00f3 prevista \u00e9s d&#8217;uns 10 milions d&#8217;euros per barri i servir\u00e0 per reactivar i impulsar l&#8217;economia [&hellip;]<\/p>\n","protected":false},"author":1,"featured_media":1245,"comment_status":"closed","ping_status":"open","sticky":false,"template":"","format":"standard","meta":{"_uag_custom_page_level_css":"","site-sidebar-layout":"default","site-content-layout":"","ast-site-content-layout":"","site-content-style":"default","site-sidebar-style":"default","ast-global-header-display":"","ast-banner-title-visibility":"","ast-main-header-display":"","ast-hfb-above-header-display":"","ast-hfb-below-header-display":"","ast-hfb-mobile-header-display":"","site-post-title":"","ast-breadcrumbs-content":"","ast-featured-img":"","footer-sml-layout":"","theme-transparent-header-meta":"","adv-header-id-meta":"","stick-header-meta":"","header-above-stick-meta":"","header-main-stick-meta":"","header-below-stick-meta":"","astra-migrate-meta-layouts":"default","ast-page-background-enabled":"default","ast-page-background-meta":{"desktop":{"background-color":"var(--ast-global-color-4)","background-image":"","background-repeat":"repeat","background-position":"center center","background-size":"auto","background-attachment":"scroll","background-type":"","background-media":"","overlay-type":"","overlay-color":"","overlay-opacity":"","overlay-gradient":""},"tablet":{"background-color":"","background-image":"","background-repeat":"repeat","background-position":"center center","background-size":"auto","background-attachment":"scroll","background-type":"","background-media":"","overlay-type":"","overlay-color":"","overlay-opacity":"","overlay-gradient":""},"mobile":{"background-color":"","background-image":"","background-repeat":"repeat","background-position":"center center","background-size":"auto","background-attachment":"scroll","background-type":"","background-media":"","overlay-type":"","overlay-color":"","overlay-opacity":"","overlay-gradient":""}},"ast-content-background-meta":{"desktop":{"background-color":"var(--ast-global-color-5)","background-image":"","background-repeat":"repeat","background-position":"center center","background-size":"auto","background-attachment":"scroll","background-type":"","background-media":"","overlay-type":"","overlay-color":"","overlay-opacity":"","overlay-gradient":""},"tablet":{"background-color":"var(--ast-global-color-5)","background-image":"","background-repeat":"repeat","background-position":"center center","background-size":"auto","background-attachment":"scroll","background-type":"","background-media":"","overlay-type":"","overlay-color":"","overlay-opacity":"","overlay-gradient":""},"mobile":{"background-color":"var(--ast-global-color-5)","background-image":"","background-repeat":"repeat","background-position":"center center","background-size":"auto","background-attachment":"scroll","background-type":"","background-media":"","overlay-type":"","overlay-color":"","overlay-opacity":"","overlay-gradient":""}},"_jetpack_newsletter_access":"","_jetpack_dont_email_post_to_subs":false,"_jetpack_newsletter_tier_id":0,"_jetpack_memberships_contains_paywalled_content":false,"_jetpack_memberships_contains_paid_content":false,"footnotes":""},"categories":[1],"tags":[],"class_list":["post-1244","post","type-post","status-publish","format-standard","has-post-thumbnail","hentry","category-blog"],"jetpack_featured_media_url":"https:\/\/barodeviver.cat\/wp-content\/uploads\/2016\/05\/noticia-btv-25.05.2016.jpg","uagb_featured_image_src":{"full":["https:\/\/barodeviver.cat\/wp-content\/uploads\/2016\/05\/noticia-btv-25.05.2016.jpg",1291,735,false],"thumbnail":["https:\/\/barodeviver.cat\/wp-content\/uploads\/2016\/05\/noticia-btv-25.05.2016-150x150.jpg",150,150,true],"medium":["https:\/\/barodeviver.cat\/wp-content\/uploads\/2016\/05\/noticia-btv-25.05.2016-300x170.jpg",300,170,true],"medium_large":["https:\/\/barodeviver.cat\/wp-content\/uploads\/2016\/05\/noticia-btv-25.05.2016.jpg",768,437,false],"large":["https:\/\/barodeviver.cat\/wp-content\/uploads\/2016\/05\/noticia-btv-25.05.2016-1024x582.jpg",1024,582,true],"1536x1536":["https:\/\/barodeviver.cat\/wp-content\/uploads\/2016\/05\/noticia-btv-25.05.2016.jpg",1291,735,false],"2048x2048":["https:\/\/barodeviver.cat\/wp-content\/uploads\/2016\/05\/noticia-btv-25.05.2016.jpg",1291,735,false]},"uagb_author_info":{"display_name":"Fem Bar\u00f3 de Viver","author_link":"https:\/\/barodeviver.cat\/author\/admin"},"uagb_comment_info":0,"uagb_excerpt":"L\u2019Ajuntament invertir\u00e0 20 milions d\u2019euros al Bon Pastor i Bar\u00f3 de Viver aquesta legislatura. El Bon Pastor i Bar\u00f3 de Viver s\u00f3n dos dels barris de l&#8217;eix Bes\u00f2s on l&#8217;Ajuntament comen\u00e7ar\u00e0 a executar el nou Pla de barris. La inversi\u00f3 prevista \u00e9s d&#8217;uns 10 milions d&#8217;euros per barri i servir\u00e0 per reactivar i impulsar l&#8217;economia&hellip;","jetpack_sharing_enabled":true,"jetpack_shortlink":"https:\/\/wp.me\/p86b0a-k4","_links":{"self":[{"href":"https:\/\/barodeviver.cat\/index.php?rest_route=\/wp\/v2\/posts\/1244","targetHints":{"allow":["GET"]}}],"collection":[{"href":"https:\/\/barodeviver.cat\/index.php?rest_route=\/wp\/v2\/posts"}],"about":[{"href":"https:\/\/barodeviver.cat\/index.php?rest_route=\/wp\/v2\/types\/post"}],"author":[{"embeddable":true,"href":"https:\/\/barodeviver.cat\/index.php?rest_route=\/wp\/v2\/users\/1"}],"replies":[{"embeddable":true,"href":"https:\/\/barodeviver.cat\/index.php?rest_route=%2Fwp%2Fv2%2Fcomments&post=1244"}],"version-history":[{"count":2,"href":"https:\/\/barodeviver.cat\/index.php?rest_route=\/wp\/v2\/posts\/1244\/revisions"}],"predecessor-version":[{"id":1247,"href":"https:\/\/barodeviver.cat\/index.php?rest_route=\/wp\/v2\/posts\/1244\/revisions\/1247"}],"wp:featuredmedia":[{"embeddable":true,"href":"https:\/\/barodeviver.cat\/index.php?rest_route=\/wp\/v2\/media\/1245"}],"wp:attachment":[{"href":"https:\/\/barodeviver.cat\/index.php?rest_route=%2Fwp%2Fv2%2Fmedia&parent=1244"}],"wp:term":[{"taxonomy":"category","embeddable":true,"href":"https:\/\/barodeviver.cat\/index.php?rest_route=%2Fwp%2Fv2%2Fcategories&post=1244"},{"taxonomy":"post_tag","embeddable":true,"href":"https:\/\/barodeviver.cat\/index.php?rest_route=%2Fwp%2Fv2%2Ftags&post=1244"}],"curies":[{"name":"wp","href":"https:\/\/api.w.org\/{rel}","templated":true}]}}