{"id":1259,"date":"2016-06-13T20:22:48","date_gmt":"2016-06-13T20:22:48","guid":{"rendered":"https:\/\/barodeviver.cat\/?p=1259"},"modified":"2016-06-13T20:22:48","modified_gmt":"2016-06-13T20:22:48","slug":"festa-major-a-baro-de-viver","status":"publish","type":"post","link":"https:\/\/barodeviver.cat\/?p=1259","title":{"rendered":"FESTA MAJOR A BAR\u00d3 DE VIVER!!!"},"content":{"rendered":"<div>Un any m\u00e9s&#8230;FESTA MAJOR A BAR\u00d3 DE VIVER!!!<\/div>\n<div><\/div>\n<div>Aquest dijous a partir de les 19.00 comen\u00e7a la festa Major de Bar\u00f3 de Viver 2016.<\/div>\n<div><\/div>\n<div>La cita \u00e9s al Centre C\u00edvic amb la inauguraci\u00f3 de l&#8217;exposici\u00f3 &#8220;Bar\u00f3 de Viver parla en imatges, segona part&#8221; i un Pica-Pica inspirat en la hist\u00f2ria de Bar\u00f3 de Viver, elaborat per ve\u00efns, ve\u00efnes i pels<br \/>\ngrups de cuina del Centre C\u00edvic Bar\u00f3 de Viver.<\/div>\n<div><\/div>\n<div>Aquest any la Festa Major 2016 ha estat promoguda i organitzada per un grup de ve\u00efns i ve\u00efnes del barri els quals, a t\u00edtol personal o com a entitat, han volgut posar el seu temps, les seves idees i el seu entusiasme a disposici\u00f3 d&#8217;una feina col\u00b7lectiva, el fruit de la qual esperem gaudir entre tots i totes.<\/div>\n<div><\/div>\n<div>Us volem convidar a unir-vos a aquest grup, per continuar treballant pel nostre barri i les nostres fam\u00edlies.<\/div>\n<div><\/div>\n<div>Perqu\u00e8 fer la festa, \u00e9s part de la festa.<\/div>\n<div><\/div>\n<div>Totes i Tots Fem Bar\u00f3!<\/div>\n<div><\/div>\n<div><a href=\"https:\/\/barodeviver.cat\/wp-content\/uploads\/2016\/06\/LlibretOK.page1_.jpg\" target=\"_blank\"><img loading=\"lazy\" decoding=\"async\" class=\"aligncenter wp-image-1250 size-large\" src=\"https:\/\/barodeviver.cat\/wp-content\/uploads\/2016\/06\/LlibretOK.page1_-721x1024.jpg\" alt=\"LlibretOK.page1\" width=\"721\" height=\"1024\" srcset=\"https:\/\/barodeviver.cat\/wp-content\/uploads\/2016\/06\/LlibretOK.page1_-721x1024.jpg 721w, https:\/\/barodeviver.cat\/wp-content\/uploads\/2016\/06\/LlibretOK.page1_-211x300.jpg 211w, https:\/\/barodeviver.cat\/wp-content\/uploads\/2016\/06\/LlibretOK.page1_-1070x1518.jpg 1070w, https:\/\/barodeviver.cat\/wp-content\/uploads\/2016\/06\/LlibretOK.page1_.jpg 1748w\" sizes=\"auto, (max-width: 721px) 100vw, 721px\" \/><\/a> <a href=\"https:\/\/barodeviver.cat\/wp-content\/uploads\/2016\/06\/LlibretOK.page2_.jpg\" target=\"_blank\"><img loading=\"lazy\" decoding=\"async\" class=\"aligncenter wp-image-1251 size-large\" src=\"https:\/\/barodeviver.cat\/wp-content\/uploads\/2016\/06\/LlibretOK.page2_-721x1024.jpg\" alt=\"LlibretOK.page2\" width=\"721\" height=\"1024\" srcset=\"https:\/\/barodeviver.cat\/wp-content\/uploads\/2016\/06\/LlibretOK.page2_-721x1024.jpg 721w, https:\/\/barodeviver.cat\/wp-content\/uploads\/2016\/06\/LlibretOK.page2_-211x300.jpg 211w, https:\/\/barodeviver.cat\/wp-content\/uploads\/2016\/06\/LlibretOK.page2_-1070x1518.jpg 1070w, https:\/\/barodeviver.cat\/wp-content\/uploads\/2016\/06\/LlibretOK.page2_.jpg 1748w\" sizes=\"auto, (max-width: 721px) 100vw, 721px\" \/><\/a> <a href=\"https:\/\/barodeviver.cat\/wp-content\/uploads\/2016\/06\/LlibretOK.page3_.jpg\" target=\"_blank\"><img loading=\"lazy\" decoding=\"async\" class=\"aligncenter wp-image-1252 size-large\" src=\"https:\/\/barodeviver.cat\/wp-content\/uploads\/2016\/06\/LlibretOK.page3_-721x1024.jpg\" alt=\"LlibretOK.page3\" width=\"721\" height=\"1024\" srcset=\"https:\/\/barodeviver.cat\/wp-content\/uploads\/2016\/06\/LlibretOK.page3_-721x1024.jpg 721w, https:\/\/barodeviver.cat\/wp-content\/uploads\/2016\/06\/LlibretOK.page3_-211x300.jpg 211w, https:\/\/barodeviver.cat\/wp-content\/uploads\/2016\/06\/LlibretOK.page3_-1070x1518.jpg 1070w, https:\/\/barodeviver.cat\/wp-content\/uploads\/2016\/06\/LlibretOK.page3_.jpg 1748w\" sizes=\"auto, (max-width: 721px) 100vw, 721px\" \/><\/a> <a href=\"https:\/\/barodeviver.cat\/wp-content\/uploads\/2016\/06\/LlibretOK.page4_.jpg\" target=\"_blank\"><img loading=\"lazy\" decoding=\"async\" class=\"aligncenter wp-image-1253 size-large\" src=\"https:\/\/barodeviver.cat\/wp-content\/uploads\/2016\/06\/LlibretOK.page4_-721x1024.jpg\" alt=\"LlibretOK.page4\" width=\"721\" height=\"1024\" srcset=\"https:\/\/barodeviver.cat\/wp-content\/uploads\/2016\/06\/LlibretOK.page4_-721x1024.jpg 721w, https:\/\/barodeviver.cat\/wp-content\/uploads\/2016\/06\/LlibretOK.page4_-211x300.jpg 211w, https:\/\/barodeviver.cat\/wp-content\/uploads\/2016\/06\/LlibretOK.page4_-1070x1518.jpg 1070w, https:\/\/barodeviver.cat\/wp-content\/uploads\/2016\/06\/LlibretOK.page4_.jpg 1748w\" sizes=\"auto, (max-width: 721px) 100vw, 721px\" \/><\/a> <a href=\"https:\/\/barodeviver.cat\/wp-content\/uploads\/2016\/06\/LlibretOK.page5_.jpg\" target=\"_blank\"><img loading=\"lazy\" decoding=\"async\" class=\"aligncenter wp-image-1254 size-large\" src=\"https:\/\/barodeviver.cat\/wp-content\/uploads\/2016\/06\/LlibretOK.page5_-721x1024.jpg\" alt=\"LlibretOK.page5\" width=\"721\" height=\"1024\" srcset=\"https:\/\/barodeviver.cat\/wp-content\/uploads\/2016\/06\/LlibretOK.page5_-721x1024.jpg 721w, https:\/\/barodeviver.cat\/wp-content\/uploads\/2016\/06\/LlibretOK.page5_-211x300.jpg 211w, https:\/\/barodeviver.cat\/wp-content\/uploads\/2016\/06\/LlibretOK.page5_-1070x1518.jpg 1070w, https:\/\/barodeviver.cat\/wp-content\/uploads\/2016\/06\/LlibretOK.page5_.jpg 1748w\" sizes=\"auto, (max-width: 721px) 100vw, 721px\" \/><\/a> <a href=\"https:\/\/barodeviver.cat\/wp-content\/uploads\/2016\/06\/LlibretOK.page6_.jpg\" target=\"_blank\"><img loading=\"lazy\" decoding=\"async\" class=\"aligncenter wp-image-1255 size-large\" src=\"https:\/\/barodeviver.cat\/wp-content\/uploads\/2016\/06\/LlibretOK.page6_-721x1024.jpg\" alt=\"LlibretOK.page6\" width=\"721\" height=\"1024\" srcset=\"https:\/\/barodeviver.cat\/wp-content\/uploads\/2016\/06\/LlibretOK.page6_-721x1024.jpg 721w, https:\/\/barodeviver.cat\/wp-content\/uploads\/2016\/06\/LlibretOK.page6_-211x300.jpg 211w, https:\/\/barodeviver.cat\/wp-content\/uploads\/2016\/06\/LlibretOK.page6_-1070x1518.jpg 1070w, https:\/\/barodeviver.cat\/wp-content\/uploads\/2016\/06\/LlibretOK.page6_.jpg 1748w\" sizes=\"auto, (max-width: 721px) 100vw, 721px\" \/><\/a> <a href=\"https:\/\/barodeviver.cat\/wp-content\/uploads\/2016\/06\/LlibretOK.page7_.jpg\" target=\"_blank\"><img loading=\"lazy\" decoding=\"async\" class=\"aligncenter wp-image-1256 size-large\" src=\"https:\/\/barodeviver.cat\/wp-content\/uploads\/2016\/06\/LlibretOK.page7_-721x1024.jpg\" alt=\"LlibretOK.page7\" width=\"721\" height=\"1024\" srcset=\"https:\/\/barodeviver.cat\/wp-content\/uploads\/2016\/06\/LlibretOK.page7_-721x1024.jpg 721w, https:\/\/barodeviver.cat\/wp-content\/uploads\/2016\/06\/LlibretOK.page7_-211x300.jpg 211w, https:\/\/barodeviver.cat\/wp-content\/uploads\/2016\/06\/LlibretOK.page7_-1070x1518.jpg 1070w, https:\/\/barodeviver.cat\/wp-content\/uploads\/2016\/06\/LlibretOK.page7_.jpg 1748w\" sizes=\"auto, (max-width: 721px) 100vw, 721px\" \/><\/a> <a href=\"https:\/\/barodeviver.cat\/wp-content\/uploads\/2016\/06\/LlibretOK.page8_.jpg\" target=\"_blank\"><img loading=\"lazy\" decoding=\"async\" class=\"aligncenter wp-image-1257 size-large\" src=\"https:\/\/barodeviver.cat\/wp-content\/uploads\/2016\/06\/LlibretOK.page8_-721x1024.jpg\" alt=\"LlibretOK.page8\" width=\"721\" height=\"1024\" srcset=\"https:\/\/barodeviver.cat\/wp-content\/uploads\/2016\/06\/LlibretOK.page8_-721x1024.jpg 721w, https:\/\/barodeviver.cat\/wp-content\/uploads\/2016\/06\/LlibretOK.page8_-211x300.jpg 211w, https:\/\/barodeviver.cat\/wp-content\/uploads\/2016\/06\/LlibretOK.page8_-1070x1518.jpg 1070w, https:\/\/barodeviver.cat\/wp-content\/uploads\/2016\/06\/LlibretOK.page8_.jpg 1748w\" sizes=\"auto, (max-width: 721px) 100vw, 721px\" \/><\/a><\/div>\n","protected":false},"excerpt":{"rendered":"<p>Un any m\u00e9s&#8230;FESTA MAJOR A BAR\u00d3 DE VIVER!!! Aquest dijous a partir de les 19.00 comen\u00e7a la festa Major de Bar\u00f3 de Viver 2016. La cita \u00e9s al Centre C\u00edvic amb la inauguraci\u00f3 de l&#8217;exposici\u00f3 &#8220;Bar\u00f3 de Viver parla en imatges, segona part&#8221; i un Pica-Pica inspirat en la hist\u00f2ria de Bar\u00f3 de Viver, elaborat [&hellip;]<\/p>\n","protected":false},"author":1,"featured_media":1250,"comment_status":"closed","ping_status":"open","sticky":false,"template":"","format":"standard","meta":{"_uag_custom_page_level_css":"","site-sidebar-layout":"default","site-content-layout":"","ast-site-content-layout":"","site-content-style":"default","site-sidebar-style":"default","ast-global-header-display":"","ast-banner-title-visibility":"","ast-main-header-display":"","ast-hfb-above-header-display":"","ast-hfb-below-header-display":"","ast-hfb-mobile-header-display":"","site-post-title":"","ast-breadcrumbs-content":"","ast-featured-img":"","footer-sml-layout":"","theme-transparent-header-meta":"","adv-header-id-meta":"","stick-header-meta":"","header-above-stick-meta":"","header-main-stick-meta":"","header-below-stick-meta":"","astra-migrate-meta-layouts":"default","ast-page-background-enabled":"default","ast-page-background-meta":{"desktop":{"background-color":"var(--ast-global-color-4)","background-image":"","background-repeat":"repeat","background-position":"center center","background-size":"auto","background-attachment":"scroll","background-type":"","background-media":"","overlay-type":"","overlay-color":"","overlay-opacity":"","overlay-gradient":""},"tablet":{"background-color":"","background-image":"","background-repeat":"repeat","background-position":"center center","background-size":"auto","background-attachment":"scroll","background-type":"","background-media":"","overlay-type":"","overlay-color":"","overlay-opacity":"","overlay-gradient":""},"mobile":{"background-color":"","background-image":"","background-repeat":"repeat","background-position":"center center","background-size":"auto","background-attachment":"scroll","background-type":"","background-media":"","overlay-type":"","overlay-color":"","overlay-opacity":"","overlay-gradient":""}},"ast-content-background-meta":{"desktop":{"background-color":"var(--ast-global-color-5)","background-image":"","background-repeat":"repeat","background-position":"center center","background-size":"auto","background-attachment":"scroll","background-type":"","background-media":"","overlay-type":"","overlay-color":"","overlay-opacity":"","overlay-gradient":""},"tablet":{"background-color":"var(--ast-global-color-5)","background-image":"","background-repeat":"repeat","background-position":"center center","background-size":"auto","background-attachment":"scroll","background-type":"","background-media":"","overlay-type":"","overlay-color":"","overlay-opacity":"","overlay-gradient":""},"mobile":{"background-color":"var(--ast-global-color-5)","background-image":"","background-repeat":"repeat","background-position":"center center","background-size":"auto","background-attachment":"scroll","background-type":"","background-media":"","overlay-type":"","overlay-color":"","overlay-opacity":"","overlay-gradient":""}},"_jetpack_newsletter_access":"","_jetpack_dont_email_post_to_subs":false,"_jetpack_newsletter_tier_id":0,"_jetpack_memberships_contains_paywalled_content":false,"_jetpack_memberships_contains_paid_content":false,"footnotes":""},"categories":[1],"tags":[],"class_list":["post-1259","post","type-post","status-publish","format-standard","has-post-thumbnail","hentry","category-blog"],"jetpack_featured_media_url":"https:\/\/barodeviver.cat\/wp-content\/uploads\/2016\/06\/LlibretOK.page1_.jpg","uagb_featured_image_src":{"full":["https:\/\/barodeviver.cat\/wp-content\/uploads\/2016\/06\/LlibretOK.page1_.jpg",1748,2480,false],"thumbnail":["https:\/\/barodeviver.cat\/wp-content\/uploads\/2016\/06\/LlibretOK.page1_-150x150.jpg",150,150,true],"medium":["https:\/\/barodeviver.cat\/wp-content\/uploads\/2016\/06\/LlibretOK.page1_-211x300.jpg",211,300,true],"medium_large":["https:\/\/barodeviver.cat\/wp-content\/uploads\/2016\/06\/LlibretOK.page1_.jpg",768,1090,false],"large":["https:\/\/barodeviver.cat\/wp-content\/uploads\/2016\/06\/LlibretOK.page1_-721x1024.jpg",721,1024,true],"1536x1536":["https:\/\/barodeviver.cat\/wp-content\/uploads\/2016\/06\/LlibretOK.page1_.jpg",1083,1536,false],"2048x2048":["https:\/\/barodeviver.cat\/wp-content\/uploads\/2016\/06\/LlibretOK.page1_.jpg",1444,2048,false]},"uagb_author_info":{"display_name":"Fem Bar\u00f3 de Viver","author_link":"https:\/\/barodeviver.cat\/author\/admin"},"uagb_comment_info":0,"uagb_excerpt":"Un any m\u00e9s&#8230;FESTA MAJOR A BAR\u00d3 DE VIVER!!! Aquest dijous a partir de les 19.00 comen\u00e7a la festa Major de Bar\u00f3 de Viver 2016. La cita \u00e9s al Centre C\u00edvic amb la inauguraci\u00f3 de l&#8217;exposici\u00f3 &#8220;Bar\u00f3 de Viver parla en imatges, segona part&#8221; i un Pica-Pica inspirat en la hist\u00f2ria de Bar\u00f3 de Viver, elaborat&hellip;","jetpack_sharing_enabled":true,"jetpack_shortlink":"https:\/\/wp.me\/p86b0a-kj","_links":{"self":[{"href":"https:\/\/barodeviver.cat\/index.php?rest_route=\/wp\/v2\/posts\/1259","targetHints":{"allow":["GET"]}}],"collection":[{"href":"https:\/\/barodeviver.cat\/index.php?rest_route=\/wp\/v2\/posts"}],"about":[{"href":"https:\/\/barodeviver.cat\/index.php?rest_route=\/wp\/v2\/types\/post"}],"author":[{"embeddable":true,"href":"https:\/\/barodeviver.cat\/index.php?rest_route=\/wp\/v2\/users\/1"}],"replies":[{"embeddable":true,"href":"https:\/\/barodeviver.cat\/index.php?rest_route=%2Fwp%2Fv2%2Fcomments&post=1259"}],"version-history":[{"count":1,"href":"https:\/\/barodeviver.cat\/index.php?rest_route=\/wp\/v2\/posts\/1259\/revisions"}],"predecessor-version":[{"id":1260,"href":"https:\/\/barodeviver.cat\/index.php?rest_route=\/wp\/v2\/posts\/1259\/revisions\/1260"}],"wp:featuredmedia":[{"embeddable":true,"href":"https:\/\/barodeviver.cat\/index.php?rest_route=\/wp\/v2\/media\/1250"}],"wp:attachment":[{"href":"https:\/\/barodeviver.cat\/index.php?rest_route=%2Fwp%2Fv2%2Fmedia&parent=1259"}],"wp:term":[{"taxonomy":"category","embeddable":true,"href":"https:\/\/barodeviver.cat\/index.php?rest_route=%2Fwp%2Fv2%2Fcategories&post=1259"},{"taxonomy":"post_tag","embeddable":true,"href":"https:\/\/barodeviver.cat\/index.php?rest_route=%2Fwp%2Fv2%2Ftags&post=1259"}],"curies":[{"name":"wp","href":"https:\/\/api.w.org\/{rel}","templated":true}]}}