{"id":1263,"date":"2016-10-05T16:40:08","date_gmt":"2016-10-05T16:40:08","guid":{"rendered":"https:\/\/barodeviver.cat\/?p=1263"},"modified":"2016-10-05T16:40:08","modified_gmt":"2016-10-05T16:40:08","slug":"200-families-de-baro-de-viver-reclamen-un-ascensor-als-seus-habitatges-des-de-fa-mes-de-20-anys-noticia-del-02102016-publicada-a-btv","status":"publish","type":"post","link":"https:\/\/barodeviver.cat\/?p=1263","title":{"rendered":"200 fam\u00edlies de Bar\u00f3 de Viver reclamen un ascensor als seus habitatges des de fa m\u00e9s de 20 anys. Noticia del 02\/10\/2016 publicada a BTV."},"content":{"rendered":"<h2><strong>200 FAM\u00cdLIES DE BAR\u00d3 DE VIVER RECLAMEN UN ASCENSOR ALS SEUS HABITATGES DES DE FA M\u00c9S DE 20 ANYS.<\/strong><\/h2>\n<p class=\"notranscripcio\">Prop de 200 fam\u00edlies de Bar\u00f3 de Viver fa m\u00e9s de dues d\u00e8cades que s&#8217;esperen per tenir un ascensor al bloc de pisos on viuen. Es tracta dels edificis de la tercera i quarta fase de reforma del barri, que van tenir lloc a principis dels anys 90.<\/p>\n<p>Han passat m\u00e9s de 20 anys des que el Patronat Municipal de l\u2019Habitatge va construir els pisos de la tercera i quarta fase que va servir per reallotjar els ve\u00efns de les cases barates de Bar\u00f3 de Viver. En total van ser <strong>21 escales de ve\u00efns de planta baixa m\u00e9s tres plantes<\/strong>. Es van planificar als anys 80 i, llavors, la normativa no obligava a instal\u00b7lar-hi ascensors. <strong>Uns 23 anys m\u00e9s tard aquelles fam\u00edlies encara no han pogut instal\u00b7lar els ascensors a les seves finques<\/strong>. Des de fa anys molts d\u2019aquests residents, conjuntament amb l\u2019associaci\u00f3 de ve\u00efns, reclamen a l\u2019Ajuntament ajudes per afrontar el cost de la instal\u00b7laci\u00f3 d\u2019ascensors. Moltes d\u2019aquestes persones s\u00f3n grans, n\u2019hi ha que estan malaltes, altres tenen problemes de mobilitat i algunes fa anys que no surten al carrer a causa de no poder pujar i baixar escales. Finalment, <strong>el primer ascensor s\u2019instal\u00b7lar\u00e0 els propers mesos. Es posar\u00e0 a l\u2019escala del carrer de Quito n. 1<\/strong>. Els 12 propietaris dels pisos han trigat uns dos anys a posar-se d\u2019acord i recollir tota la documentaci\u00f3 que es requereix per sol\u00b7licitar els ajuts p\u00fablics per a la instal\u00b7laci\u00f3 d\u2019ascensors.<\/p>\n<p>Segons ha informat l\u2019Ajuntament, les comunitats que decideixen instal\u00b7lar ascensor es poden acollir a la convocat\u00f2ria d\u2019ajudes espec\u00edfica que s\u2019ha convocat per a Bar\u00f3 de Viver. <strong>Aquesta convocat\u00f2ria preveu una subvenci\u00f3 del 60 % del cost de les obres, que gestiona el Consorci de l\u2019Habitatge de Barcelona. L\u2019altre 40 % de la inversi\u00f3 que s\u2019ha de fer va a c\u00e0rrec de la comunitat de propietaris<\/strong>. A m\u00e9s, es preveuen ajuts per a les fam\u00edlies propiet\u00e0ries de fins al 100 % del cost de les obres, en funci\u00f3 dels ingressos de la unitat familiar. <strong>Si la unitat familiar t\u00e9 uns ingressos de fins a 2,5 vegades l\u2019IRSC (aproximadament uns 25.000 \u20ac bruts anuals), l\u2019ajut ser\u00e0 del 100 %.<\/strong> L\u2019ascensor que s\u2019instal\u00b7lar\u00e0 els propers mesos al carrer de Quito n.1 ser\u00e0 interior i s\u2019instal\u00b7lar\u00e0 al forat de l\u2019escala, ja que \u00e9s prou ampla. De les 21 escales que esperen ascensor, a vuit hi ha la possibilitat d\u2019instal\u00b7lar-n\u2019hi un d\u2019interior. A la resta, s\u2019haur\u00e0 d\u2019estudiar la manera d\u2019adequar-ne un, que segurament haur\u00e0 de ser exterior i s\u2019haur\u00e0 de col\u00b7locar a la fa\u00e7ana.<\/p>\n<p>&nbsp;<\/p>\n<p>Aqui deixu el enlla\u00e7 del video que ha fet Barcelona Televisi\u00f3.<\/p>\n<p><a href=\"http:\/\/www.btv.cat\/btvnoticies\/2016\/10\/02\/200-families-baro-de-viver-reclamen-ascensor-habitatges\/#None\" target=\"_blank\" rel=\"noopener\">http:\/\/www.btv.cat\/btvnoticies\/2016\/10\/02\/200-families-baro-de-viver-reclamen-ascensor-habitatges\/#None<\/a><\/p>\n","protected":false},"excerpt":{"rendered":"<p>200 FAM\u00cdLIES DE BAR\u00d3 DE VIVER RECLAMEN UN ASCENSOR ALS SEUS HABITATGES DES DE FA M\u00c9S DE 20 ANYS. Prop de 200 fam\u00edlies de Bar\u00f3 de Viver fa m\u00e9s de dues d\u00e8cades que s&#8217;esperen per tenir un ascensor al bloc de pisos on viuen. Es tracta dels edificis de la tercera i quarta fase de [&hellip;]<\/p>\n","protected":false},"author":1,"featured_media":1264,"comment_status":"closed","ping_status":"open","sticky":false,"template":"","format":"standard","meta":{"_uag_custom_page_level_css":"","site-sidebar-layout":"default","site-content-layout":"","ast-site-content-layout":"","site-content-style":"default","site-sidebar-style":"default","ast-global-header-display":"","ast-banner-title-visibility":"","ast-main-header-display":"","ast-hfb-above-header-display":"","ast-hfb-below-header-display":"","ast-hfb-mobile-header-display":"","site-post-title":"","ast-breadcrumbs-content":"","ast-featured-img":"","footer-sml-layout":"","theme-transparent-header-meta":"","adv-header-id-meta":"","stick-header-meta":"","header-above-stick-meta":"","header-main-stick-meta":"","header-below-stick-meta":"","astra-migrate-meta-layouts":"default","ast-page-background-enabled":"default","ast-page-background-meta":{"desktop":{"background-color":"var(--ast-global-color-4)","background-image":"","background-repeat":"repeat","background-position":"center center","background-size":"auto","background-attachment":"scroll","background-type":"","background-media":"","overlay-type":"","overlay-color":"","overlay-opacity":"","overlay-gradient":""},"tablet":{"background-color":"","background-image":"","background-repeat":"repeat","background-position":"center center","background-size":"auto","background-attachment":"scroll","background-type":"","background-media":"","overlay-type":"","overlay-color":"","overlay-opacity":"","overlay-gradient":""},"mobile":{"background-color":"","background-image":"","background-repeat":"repeat","background-position":"center center","background-size":"auto","background-attachment":"scroll","background-type":"","background-media":"","overlay-type":"","overlay-color":"","overlay-opacity":"","overlay-gradient":""}},"ast-content-background-meta":{"desktop":{"background-color":"var(--ast-global-color-5)","background-image":"","background-repeat":"repeat","background-position":"center center","background-size":"auto","background-attachment":"scroll","background-type":"","background-media":"","overlay-type":"","overlay-color":"","overlay-opacity":"","overlay-gradient":""},"tablet":{"background-color":"var(--ast-global-color-5)","background-image":"","background-repeat":"repeat","background-position":"center center","background-size":"auto","background-attachment":"scroll","background-type":"","background-media":"","overlay-type":"","overlay-color":"","overlay-opacity":"","overlay-gradient":""},"mobile":{"background-color":"var(--ast-global-color-5)","background-image":"","background-repeat":"repeat","background-position":"center center","background-size":"auto","background-attachment":"scroll","background-type":"","background-media":"","overlay-type":"","overlay-color":"","overlay-opacity":"","overlay-gradient":""}},"_jetpack_newsletter_access":"","_jetpack_dont_email_post_to_subs":false,"_jetpack_newsletter_tier_id":0,"_jetpack_memberships_contains_paywalled_content":false,"_jetpack_memberships_contains_paid_content":false,"footnotes":""},"categories":[1],"tags":[],"class_list":["post-1263","post","type-post","status-publish","format-standard","has-post-thumbnail","hentry","category-blog"],"jetpack_featured_media_url":"https:\/\/barodeviver.cat\/wp-content\/uploads\/2016\/10\/imagen-noticia-ascensores-BdV.jpg","uagb_featured_image_src":{"full":["https:\/\/barodeviver.cat\/wp-content\/uploads\/2016\/10\/imagen-noticia-ascensores-BdV.jpg",1600,900,false],"thumbnail":["https:\/\/barodeviver.cat\/wp-content\/uploads\/2016\/10\/imagen-noticia-ascensores-BdV-150x150.jpg",150,150,true],"medium":["https:\/\/barodeviver.cat\/wp-content\/uploads\/2016\/10\/imagen-noticia-ascensores-BdV-300x168.jpg",300,168,true],"medium_large":["https:\/\/barodeviver.cat\/wp-content\/uploads\/2016\/10\/imagen-noticia-ascensores-BdV.jpg",768,432,false],"large":["https:\/\/barodeviver.cat\/wp-content\/uploads\/2016\/10\/imagen-noticia-ascensores-BdV-1024x576.jpg",1024,576,true],"1536x1536":["https:\/\/barodeviver.cat\/wp-content\/uploads\/2016\/10\/imagen-noticia-ascensores-BdV.jpg",1536,864,false],"2048x2048":["https:\/\/barodeviver.cat\/wp-content\/uploads\/2016\/10\/imagen-noticia-ascensores-BdV.jpg",1600,900,false]},"uagb_author_info":{"display_name":"Fem Bar\u00f3 de Viver","author_link":"https:\/\/barodeviver.cat\/author\/admin"},"uagb_comment_info":0,"uagb_excerpt":"200 FAM\u00cdLIES DE BAR\u00d3 DE VIVER RECLAMEN UN ASCENSOR ALS SEUS HABITATGES DES DE FA M\u00c9S DE 20 ANYS. Prop de 200 fam\u00edlies de Bar\u00f3 de Viver fa m\u00e9s de dues d\u00e8cades que s&#8217;esperen per tenir un ascensor al bloc de pisos on viuen. Es tracta dels edificis de la tercera i quarta fase de&hellip;","jetpack_sharing_enabled":true,"jetpack_shortlink":"https:\/\/wp.me\/p86b0a-kn","_links":{"self":[{"href":"https:\/\/barodeviver.cat\/index.php?rest_route=\/wp\/v2\/posts\/1263","targetHints":{"allow":["GET"]}}],"collection":[{"href":"https:\/\/barodeviver.cat\/index.php?rest_route=\/wp\/v2\/posts"}],"about":[{"href":"https:\/\/barodeviver.cat\/index.php?rest_route=\/wp\/v2\/types\/post"}],"author":[{"embeddable":true,"href":"https:\/\/barodeviver.cat\/index.php?rest_route=\/wp\/v2\/users\/1"}],"replies":[{"embeddable":true,"href":"https:\/\/barodeviver.cat\/index.php?rest_route=%2Fwp%2Fv2%2Fcomments&post=1263"}],"version-history":[{"count":1,"href":"https:\/\/barodeviver.cat\/index.php?rest_route=\/wp\/v2\/posts\/1263\/revisions"}],"predecessor-version":[{"id":1265,"href":"https:\/\/barodeviver.cat\/index.php?rest_route=\/wp\/v2\/posts\/1263\/revisions\/1265"}],"wp:featuredmedia":[{"embeddable":true,"href":"https:\/\/barodeviver.cat\/index.php?rest_route=\/wp\/v2\/media\/1264"}],"wp:attachment":[{"href":"https:\/\/barodeviver.cat\/index.php?rest_route=%2Fwp%2Fv2%2Fmedia&parent=1263"}],"wp:term":[{"taxonomy":"category","embeddable":true,"href":"https:\/\/barodeviver.cat\/index.php?rest_route=%2Fwp%2Fv2%2Fcategories&post=1263"},{"taxonomy":"post_tag","embeddable":true,"href":"https:\/\/barodeviver.cat\/index.php?rest_route=%2Fwp%2Fv2%2Ftags&post=1263"}],"curies":[{"name":"wp","href":"https:\/\/api.w.org\/{rel}","templated":true}]}}