{"id":1273,"date":"2016-10-27T17:45:06","date_gmt":"2016-10-27T17:45:06","guid":{"rendered":"https:\/\/barodeviver.cat\/?p=1273"},"modified":"2016-10-27T17:45:06","modified_gmt":"2016-10-27T17:45:06","slug":"castanadahalloween-a-baro-de-viver","status":"publish","type":"post","link":"https:\/\/barodeviver.cat\/?p=1273","title":{"rendered":"Casta\u00f1ada\/Halloween a Bar\u00f3 de Viver"},"content":{"rendered":"<h3><strong>Casta\u00f1ada\/Halloween a Bar\u00f3 de Viver<\/strong><\/h3>\n<div><\/div>\n<div>Les entitats ve\u00efnals i moltes persones volunt\u00e0ries de Bar\u00f3 de Viver han treballat plegades per aconseguir muntar un T\u00fanel del Terror&#8230;que fa por&#8230;<\/div>\n<div><\/div>\n<div>Us esperem dem\u00e0, divendres 28 d&#8217;octubre de 2016, a partir de les 17.30 hores a l&#8217;AAVV del c\/ Guayaquil.<\/div>\n<div><\/div>\n<div>Castanyes, maquillatge i carbasses ens acompanyaran al llarg de la tarda de festa i germanor terror\u00edfica&#8230;ahahahahahaha<\/div>\n","protected":false},"excerpt":{"rendered":"<p>Casta\u00f1ada\/Halloween a Bar\u00f3 de Viver Les entitats ve\u00efnals i moltes persones volunt\u00e0ries de Bar\u00f3 de Viver han treballat plegades per aconseguir muntar un T\u00fanel del Terror&#8230;que fa por&#8230; Us esperem dem\u00e0, divendres 28 d&#8217;octubre de 2016, a partir de les 17.30 hores a l&#8217;AAVV del c\/ Guayaquil. Castanyes, maquillatge i carbasses ens acompanyaran al llarg [&hellip;]<\/p>\n","protected":false},"author":1,"featured_media":1274,"comment_status":"closed","ping_status":"open","sticky":false,"template":"","format":"standard","meta":{"_uag_custom_page_level_css":"","site-sidebar-layout":"default","site-content-layout":"","ast-site-content-layout":"","site-content-style":"default","site-sidebar-style":"default","ast-global-header-display":"","ast-banner-title-visibility":"","ast-main-header-display":"","ast-hfb-above-header-display":"","ast-hfb-below-header-display":"","ast-hfb-mobile-header-display":"","site-post-title":"","ast-breadcrumbs-content":"","ast-featured-img":"","footer-sml-layout":"","theme-transparent-header-meta":"","adv-header-id-meta":"","stick-header-meta":"","header-above-stick-meta":"","header-main-stick-meta":"","header-below-stick-meta":"","astra-migrate-meta-layouts":"default","ast-page-background-enabled":"default","ast-page-background-meta":{"desktop":{"background-color":"var(--ast-global-color-4)","background-image":"","background-repeat":"repeat","background-position":"center center","background-size":"auto","background-attachment":"scroll","background-type":"","background-media":"","overlay-type":"","overlay-color":"","overlay-opacity":"","overlay-gradient":""},"tablet":{"background-color":"","background-image":"","background-repeat":"repeat","background-position":"center center","background-size":"auto","background-attachment":"scroll","background-type":"","background-media":"","overlay-type":"","overlay-color":"","overlay-opacity":"","overlay-gradient":""},"mobile":{"background-color":"","background-image":"","background-repeat":"repeat","background-position":"center center","background-size":"auto","background-attachment":"scroll","background-type":"","background-media":"","overlay-type":"","overlay-color":"","overlay-opacity":"","overlay-gradient":""}},"ast-content-background-meta":{"desktop":{"background-color":"var(--ast-global-color-5)","background-image":"","background-repeat":"repeat","background-position":"center center","background-size":"auto","background-attachment":"scroll","background-type":"","background-media":"","overlay-type":"","overlay-color":"","overlay-opacity":"","overlay-gradient":""},"tablet":{"background-color":"var(--ast-global-color-5)","background-image":"","background-repeat":"repeat","background-position":"center center","background-size":"auto","background-attachment":"scroll","background-type":"","background-media":"","overlay-type":"","overlay-color":"","overlay-opacity":"","overlay-gradient":""},"mobile":{"background-color":"var(--ast-global-color-5)","background-image":"","background-repeat":"repeat","background-position":"center center","background-size":"auto","background-attachment":"scroll","background-type":"","background-media":"","overlay-type":"","overlay-color":"","overlay-opacity":"","overlay-gradient":""}},"_jetpack_newsletter_access":"","_jetpack_dont_email_post_to_subs":false,"_jetpack_newsletter_tier_id":0,"_jetpack_memberships_contains_paywalled_content":false,"_jetpack_memberships_contains_paid_content":false,"footnotes":""},"categories":[1],"tags":[],"class_list":["post-1273","post","type-post","status-publish","format-standard","has-post-thumbnail","hentry","category-blog"],"jetpack_featured_media_url":"https:\/\/barodeviver.cat\/wp-content\/uploads\/2016\/10\/t\u00fanel-bdv.jpg","uagb_featured_image_src":{"full":["https:\/\/barodeviver.cat\/wp-content\/uploads\/2016\/10\/t\u00fanel-bdv.jpg",833,614,false],"thumbnail":["https:\/\/barodeviver.cat\/wp-content\/uploads\/2016\/10\/t\u00fanel-bdv-150x150.jpg",150,150,true],"medium":["https:\/\/barodeviver.cat\/wp-content\/uploads\/2016\/10\/t\u00fanel-bdv-300x221.jpg",300,221,true],"medium_large":["https:\/\/barodeviver.cat\/wp-content\/uploads\/2016\/10\/t\u00fanel-bdv.jpg",768,566,false],"large":["https:\/\/barodeviver.cat\/wp-content\/uploads\/2016\/10\/t\u00fanel-bdv.jpg",833,614,false],"1536x1536":["https:\/\/barodeviver.cat\/wp-content\/uploads\/2016\/10\/t\u00fanel-bdv.jpg",833,614,false],"2048x2048":["https:\/\/barodeviver.cat\/wp-content\/uploads\/2016\/10\/t\u00fanel-bdv.jpg",833,614,false]},"uagb_author_info":{"display_name":"Fem Bar\u00f3 de Viver","author_link":"https:\/\/barodeviver.cat\/author\/admin"},"uagb_comment_info":0,"uagb_excerpt":"Casta\u00f1ada\/Halloween a Bar\u00f3 de Viver Les entitats ve\u00efnals i moltes persones volunt\u00e0ries de Bar\u00f3 de Viver han treballat plegades per aconseguir muntar un T\u00fanel del Terror&#8230;que fa por&#8230; Us esperem dem\u00e0, divendres 28 d&#8217;octubre de 2016, a partir de les 17.30 hores a l&#8217;AAVV del c\/ Guayaquil. Castanyes, maquillatge i carbasses ens acompanyaran al llarg&hellip;","jetpack_sharing_enabled":true,"jetpack_shortlink":"https:\/\/wp.me\/p86b0a-kx","_links":{"self":[{"href":"https:\/\/barodeviver.cat\/index.php?rest_route=\/wp\/v2\/posts\/1273","targetHints":{"allow":["GET"]}}],"collection":[{"href":"https:\/\/barodeviver.cat\/index.php?rest_route=\/wp\/v2\/posts"}],"about":[{"href":"https:\/\/barodeviver.cat\/index.php?rest_route=\/wp\/v2\/types\/post"}],"author":[{"embeddable":true,"href":"https:\/\/barodeviver.cat\/index.php?rest_route=\/wp\/v2\/users\/1"}],"replies":[{"embeddable":true,"href":"https:\/\/barodeviver.cat\/index.php?rest_route=%2Fwp%2Fv2%2Fcomments&post=1273"}],"version-history":[{"count":1,"href":"https:\/\/barodeviver.cat\/index.php?rest_route=\/wp\/v2\/posts\/1273\/revisions"}],"predecessor-version":[{"id":1275,"href":"https:\/\/barodeviver.cat\/index.php?rest_route=\/wp\/v2\/posts\/1273\/revisions\/1275"}],"wp:featuredmedia":[{"embeddable":true,"href":"https:\/\/barodeviver.cat\/index.php?rest_route=\/wp\/v2\/media\/1274"}],"wp:attachment":[{"href":"https:\/\/barodeviver.cat\/index.php?rest_route=%2Fwp%2Fv2%2Fmedia&parent=1273"}],"wp:term":[{"taxonomy":"category","embeddable":true,"href":"https:\/\/barodeviver.cat\/index.php?rest_route=%2Fwp%2Fv2%2Fcategories&post=1273"},{"taxonomy":"post_tag","embeddable":true,"href":"https:\/\/barodeviver.cat\/index.php?rest_route=%2Fwp%2Fv2%2Ftags&post=1273"}],"curies":[{"name":"wp","href":"https:\/\/api.w.org\/{rel}","templated":true}]}}