{"id":1310,"date":"2016-12-02T20:02:07","date_gmt":"2016-12-02T20:02:07","guid":{"rendered":"https:\/\/barodeviver.cat\/?p=1310"},"modified":"2016-12-02T20:02:07","modified_gmt":"2016-12-02T20:02:07","slug":"mas-que-un-club-de-lucha-una-familia-noticia-publicada-en-el-periodico-de-catalunya-el-dia-01122016","status":"publish","type":"post","link":"https:\/\/barodeviver.cat\/?p=1310","title":{"rendered":"M\u00e1s que un club de lucha, una familia. Noticia publicada en el Peri\u00f3dico de Catalunya el dia 01\/12\/2016"},"content":{"rendered":"<div class=\"unit c100\">\n<div class=\"comp ep-noticia-detalle\">\n<h1 class=\"titulo\">M\u00e1s que un club de lucha, una familia<\/h1>\n<h2 class=\"subtitulo\">El gimnasio de Bar\u00f3 de Viver es el espacio de relaci\u00f3n y ocio para muchos vecinos del aislado barrio.<\/h2>\n<\/div>\n<\/div>\n<div class=\"unit c75 last\">\n<div class=\"comp cuerpo-noticia\">\n<p><strong>&#8220;Primero somos personas y luego luchadores&#8221;<\/strong>. No es una cita de Muhammad Ali, sino lo que contesta <strong>Iv\u00e1n Coll,<\/strong> de <strong>11 a\u00f1os,<\/strong>cuando se le pregunta por su deporte favorito. El peque\u00f1o entrena en el <strong>Club de Lucha de Bar\u00f3 de Viver <\/strong>pr\u00e1cticamente cada d\u00eda. \u201cPara ser campe\u00f3n ol\u00edmpico\u201d, explica con ilusi\u00f3n. El gimnasio es uno de los pocos espacios de relaci\u00f3n del barrio. &#8220;<strong>Por aqu\u00ed han pasado el 90% de los vecinos&#8221;<\/strong>, detalla el maestro nacional de lucha libre ol\u00edmpica y principal instructor\u00a0del club <strong>Roberto Cano<\/strong>.<\/p>\n<h3>DEPORTE REY<\/h3>\n<p>La lucha en Bar\u00f3 de Viver es algo hist\u00f3rico. La instituci\u00f3n <strong>funciona desde 1962<\/strong> y es la \u00fanica entidad que nunca se ha disuelto en el barrio de apenas<strong> 2.400 habitantes<\/strong>. Sobre el tapiz entrenan diariamente chicos de cinco a\u00f1os con apenas un metro y 30 cent\u00edmetros de altura y adultos que rondan los 40 a\u00f1os y m\u00e1s de cien kilos de peso. <strong>Siempre juntos<\/strong>. \u201cVendr\u00eda por el simple hecho de mirar qu\u00e9 hacen\u201d, confiesa <strong>Isaac Barrios<\/strong>, un joven de 28 a\u00f1os que baja cada semana desde Girona para entrenar junto a Robert, como todos\u00a0llaman a Cano.<\/p>\n<div class=\"complementos\">\n<div class=\"comp ep-galeria\">\n<div id=\"carousel3\" class=\"carousel\">\n<div class=\"flex-viewport\">\n<div class=\"thumb\">\n<div class=\"cred\">\n<p><strong>&#8220;Vienes, te liberas y dejas de estar en la calle&#8221;<\/strong>, cuenta <strong>Jonathan Garc\u00eda<\/strong>, quien a sus 16 a\u00f1os ya sabe lo que se puede encontrar fuera. Su compa\u00f1ero Barrios explica: &#8220;Cuando era joven me met\u00eda en muchas peleas y<strong> me llegaron a encerrar en un centro de menores<\/strong>, hasta que a los 18 a\u00f1os descubr\u00ed las artes marciales mixtas (MMA)\u00a0y<strong> dej\u00e9 la vida callejera para estar en el gimnasio<\/strong>\u201d, recuerda. \u201cLa lucha saca a los chavales de los malos entornos y a la vez aprenden un poco de disciplina, en lugar de delinquir, fumar o meterse droga en el parque\u201d, a\u00f1ade mientras mira a los j\u00f3venes que le rodean.<\/p>\n<\/div>\n<\/div>\n<\/div>\n<\/div>\n<\/div>\n<\/div>\n<h3>EL REFERENTE<\/h3>\n<p>Cano ha crecido desde los siete a\u00f1os con el ch\u00e1ndal puesto y ya acumula 47 a\u00f1os en el mismo deporte. Su\u00a0curr\u00edculum\u00a0infunde respeto: 16 veces campe\u00f3n de Espa\u00f1a y m\u00e1s de 150 veces internacional. Pero lo que m\u00e1s le gusta explicar como entrenador \u201cson los fracasos, esas son las verdaderas experiencias\u201d. \u201c<strong>Ense\u00f1amos a comportarse y mantener el respeto, se gane o se pierda<\/strong>\u201d, porque ante todo son<strong> &#8220;una familia&#8221;<\/strong>, asegura.<\/p>\n<p>\u00c9l\u00a0no ve ni un euro: &#8220;<strong>Es pura devoci\u00f3n&#8221;<\/strong>. Y si ve a un chaval en la calle porque no puede pagar la cuota de 15 euros mensuales, pues se lo trae y le dice:\u00a0&#8220;T\u00fa entrena,\u00a0que <strong>ya me preocupar\u00e9 yo del pago<\/strong>\u201d.\u00a0Ello no quita que sea una de las almas m\u00e1s reivindicativas del centro:<strong> &#8220;He llevado el nombre de Bar\u00f3 de Viver por todo el mundo y ahora lucho\u00a0por la reforma del centro&#8221;<\/strong>. La instalaci\u00f3n actual se hizo cuando en los 90\u00a0se construyeron las rondas. Desde entonces pr\u00e1cticamente todo est\u00e1 de origen. Ahora esperan como agua de mayo la promesa de tener lista la reforma para marzo gracias al plan de barrios municipal. El fr\u00edo se hace notar y<strong> la humedad de la ribera del Bes\u00f3s<\/strong> ya cala bajo la chapa de un mil\u00edmetro que hay como tejado.<\/p>\n<\/div>\n<\/div>\n<p>&nbsp;<\/p>\n<p><a href=\"https:\/\/barodeviver.cat\/wp-content\/uploads\/2016\/12\/zentauroepp36476716-barcelona-2016-club-lluita-baro-viver-project161201142834-1480599105974.jpg\" target=\"_blank\"><img loading=\"lazy\" decoding=\"async\" class=\"aligncenter wp-image-1315 size-medium\" src=\"https:\/\/barodeviver.cat\/wp-content\/uploads\/2016\/12\/zentauroepp36476716-barcelona-2016-club-lluita-baro-viver-project161201142834-1480599105974-300x168.jpg\" alt=\"Barcelona  30 11 2016  Club de lluita Baro de Viver  Projecte social al barri a partir de la lluita  Roberto Cano entrenador del club  Foto  Robert Ramos\" width=\"300\" height=\"168\" srcset=\"https:\/\/barodeviver.cat\/wp-content\/uploads\/2016\/12\/zentauroepp36476716-barcelona-2016-club-lluita-baro-viver-project161201142834-1480599105974-300x168.jpg 300w, https:\/\/barodeviver.cat\/wp-content\/uploads\/2016\/12\/zentauroepp36476716-barcelona-2016-club-lluita-baro-viver-project161201142834-1480599105974-768x429.jpg 768w, https:\/\/barodeviver.cat\/wp-content\/uploads\/2016\/12\/zentauroepp36476716-barcelona-2016-club-lluita-baro-viver-project161201142834-1480599105974-1024x572.jpg 1024w, https:\/\/barodeviver.cat\/wp-content\/uploads\/2016\/12\/zentauroepp36476716-barcelona-2016-club-lluita-baro-viver-project161201142834-1480599105974-730x408.jpg 730w, https:\/\/barodeviver.cat\/wp-content\/uploads\/2016\/12\/zentauroepp36476716-barcelona-2016-club-lluita-baro-viver-project161201142834-1480599105974-1070x597.jpg 1070w, https:\/\/barodeviver.cat\/wp-content\/uploads\/2016\/12\/zentauroepp36476716-barcelona-2016-club-lluita-baro-viver-project161201142834-1480599105974.jpg 1200w\" sizes=\"auto, (max-width: 300px) 100vw, 300px\" \/><\/a><\/p>\n<p><img loading=\"lazy\" decoding=\"async\" class=\"alignleft wp-image-1317 size-medium\" src=\"https:\/\/barodeviver.cat\/wp-content\/uploads\/2016\/12\/zentauroepp36476721-barcelona-2016-club-lluita-baro-viver-project161201142806-1480599105938-300x168.jpg\" alt=\"Barcelona  30 11 2016  Club de lluita Baro de Viver  Projecte social al barri a partir de la lluita   Foto  Robert Ramos\" width=\"300\" height=\"168\" srcset=\"https:\/\/barodeviver.cat\/wp-content\/uploads\/2016\/12\/zentauroepp36476721-barcelona-2016-club-lluita-baro-viver-project161201142806-1480599105938-300x168.jpg 300w, https:\/\/barodeviver.cat\/wp-content\/uploads\/2016\/12\/zentauroepp36476721-barcelona-2016-club-lluita-baro-viver-project161201142806-1480599105938-768x429.jpg 768w, https:\/\/barodeviver.cat\/wp-content\/uploads\/2016\/12\/zentauroepp36476721-barcelona-2016-club-lluita-baro-viver-project161201142806-1480599105938-1024x572.jpg 1024w, https:\/\/barodeviver.cat\/wp-content\/uploads\/2016\/12\/zentauroepp36476721-barcelona-2016-club-lluita-baro-viver-project161201142806-1480599105938-730x408.jpg 730w, https:\/\/barodeviver.cat\/wp-content\/uploads\/2016\/12\/zentauroepp36476721-barcelona-2016-club-lluita-baro-viver-project161201142806-1480599105938-1070x597.jpg 1070w, https:\/\/barodeviver.cat\/wp-content\/uploads\/2016\/12\/zentauroepp36476721-barcelona-2016-club-lluita-baro-viver-project161201142806-1480599105938.jpg 1200w\" sizes=\"auto, (max-width: 300px) 100vw, 300px\" \/><img loading=\"lazy\" decoding=\"async\" class=\"aligncenter wp-image-1316 size-medium\" src=\"https:\/\/barodeviver.cat\/wp-content\/uploads\/2016\/12\/zentauroepp36476720-barcelona-2016-club-lluita-baro-viver-project161201142818-1480599105937-300x168.jpg\" alt=\"Barcelona  30 11 2016  Club de lluita Baro de Viver  Projecte social al barri a partir de la lluita  Roberto Cano entrenador del club  Foto  Robert Ramos\" width=\"300\" height=\"168\" srcset=\"https:\/\/barodeviver.cat\/wp-content\/uploads\/2016\/12\/zentauroepp36476720-barcelona-2016-club-lluita-baro-viver-project161201142818-1480599105937-300x168.jpg 300w, https:\/\/barodeviver.cat\/wp-content\/uploads\/2016\/12\/zentauroepp36476720-barcelona-2016-club-lluita-baro-viver-project161201142818-1480599105937-768x429.jpg 768w, https:\/\/barodeviver.cat\/wp-content\/uploads\/2016\/12\/zentauroepp36476720-barcelona-2016-club-lluita-baro-viver-project161201142818-1480599105937-1024x572.jpg 1024w, https:\/\/barodeviver.cat\/wp-content\/uploads\/2016\/12\/zentauroepp36476720-barcelona-2016-club-lluita-baro-viver-project161201142818-1480599105937-730x408.jpg 730w, https:\/\/barodeviver.cat\/wp-content\/uploads\/2016\/12\/zentauroepp36476720-barcelona-2016-club-lluita-baro-viver-project161201142818-1480599105937-1070x597.jpg 1070w, https:\/\/barodeviver.cat\/wp-content\/uploads\/2016\/12\/zentauroepp36476720-barcelona-2016-club-lluita-baro-viver-project161201142818-1480599105937.jpg 1200w\" sizes=\"auto, (max-width: 300px) 100vw, 300px\" \/><\/p>\n<p><a href=\"https:\/\/barodeviver.cat\/wp-content\/uploads\/2016\/12\/zentauroepp36476717-barcelona-2016-club-lluita-baro-viver-project161201142845-1480599105939.jpg\" target=\"_blank\"><img loading=\"lazy\" decoding=\"async\" class=\"wp-image-1311 size-medium alignleft\" src=\"https:\/\/barodeviver.cat\/wp-content\/uploads\/2016\/12\/zentauroepp36476717-barcelona-2016-club-lluita-baro-viver-project161201142845-1480599105939-300x168.jpg\" alt=\"Barcelona  30 11 2016  Club de lluita Baro de Viver  Projecte social al barri a partir de la lluita  Roberto Cano entrenador del club  Foto  Robert Ramos\" width=\"300\" height=\"168\" srcset=\"https:\/\/barodeviver.cat\/wp-content\/uploads\/2016\/12\/zentauroepp36476717-barcelona-2016-club-lluita-baro-viver-project161201142845-1480599105939-300x168.jpg 300w, https:\/\/barodeviver.cat\/wp-content\/uploads\/2016\/12\/zentauroepp36476717-barcelona-2016-club-lluita-baro-viver-project161201142845-1480599105939-768x429.jpg 768w, https:\/\/barodeviver.cat\/wp-content\/uploads\/2016\/12\/zentauroepp36476717-barcelona-2016-club-lluita-baro-viver-project161201142845-1480599105939-1024x572.jpg 1024w, https:\/\/barodeviver.cat\/wp-content\/uploads\/2016\/12\/zentauroepp36476717-barcelona-2016-club-lluita-baro-viver-project161201142845-1480599105939-730x408.jpg 730w, https:\/\/barodeviver.cat\/wp-content\/uploads\/2016\/12\/zentauroepp36476717-barcelona-2016-club-lluita-baro-viver-project161201142845-1480599105939-1070x597.jpg 1070w, https:\/\/barodeviver.cat\/wp-content\/uploads\/2016\/12\/zentauroepp36476717-barcelona-2016-club-lluita-baro-viver-project161201142845-1480599105939.jpg 1200w\" sizes=\"auto, (max-width: 300px) 100vw, 300px\" \/><\/a><\/p>\n<p>&nbsp;<\/p>\n<p>&nbsp;<\/p>\n<p>&nbsp;<\/p>\n<p>&nbsp;<\/p>\n<p>&nbsp;<\/p>\n<p>Enlace de la noticia en la pagina web del diario El Periodico de Catalunya<\/p>\n<p>http:\/\/www.elperiodico.com\/es\/noticias\/barcelona\/mas-que-club-lucha-una-familia-5665204<\/p>\n<p>&nbsp;<\/p>\n<p>&nbsp;<\/p>\n","protected":false},"excerpt":{"rendered":"<p>M\u00e1s que un club de lucha, una familia El gimnasio de Bar\u00f3 de Viver es el espacio de relaci\u00f3n y ocio para muchos vecinos del aislado barrio. &#8220;Primero somos personas y luego luchadores&#8221;. No es una cita de Muhammad Ali, sino lo que contesta Iv\u00e1n Coll, de 11 a\u00f1os,cuando se le pregunta por su deporte [&hellip;]<\/p>\n","protected":false},"author":1,"featured_media":1311,"comment_status":"closed","ping_status":"open","sticky":false,"template":"","format":"standard","meta":{"_uag_custom_page_level_css":"","site-sidebar-layout":"default","site-content-layout":"","ast-site-content-layout":"","site-content-style":"default","site-sidebar-style":"default","ast-global-header-display":"","ast-banner-title-visibility":"","ast-main-header-display":"","ast-hfb-above-header-display":"","ast-hfb-below-header-display":"","ast-hfb-mobile-header-display":"","site-post-title":"","ast-breadcrumbs-content":"","ast-featured-img":"","footer-sml-layout":"","theme-transparent-header-meta":"","adv-header-id-meta":"","stick-header-meta":"","header-above-stick-meta":"","header-main-stick-meta":"","header-below-stick-meta":"","astra-migrate-meta-layouts":"default","ast-page-background-enabled":"default","ast-page-background-meta":{"desktop":{"background-color":"var(--ast-global-color-4)","background-image":"","background-repeat":"repeat","background-position":"center center","background-size":"auto","background-attachment":"scroll","background-type":"","background-media":"","overlay-type":"","overlay-color":"","overlay-opacity":"","overlay-gradient":""},"tablet":{"background-color":"","background-image":"","background-repeat":"repeat","background-position":"center center","background-size":"auto","background-attachment":"scroll","background-type":"","background-media":"","overlay-type":"","overlay-color":"","overlay-opacity":"","overlay-gradient":""},"mobile":{"background-color":"","background-image":"","background-repeat":"repeat","background-position":"center center","background-size":"auto","background-attachment":"scroll","background-type":"","background-media":"","overlay-type":"","overlay-color":"","overlay-opacity":"","overlay-gradient":""}},"ast-content-background-meta":{"desktop":{"background-color":"var(--ast-global-color-5)","background-image":"","background-repeat":"repeat","background-position":"center center","background-size":"auto","background-attachment":"scroll","background-type":"","background-media":"","overlay-type":"","overlay-color":"","overlay-opacity":"","overlay-gradient":""},"tablet":{"background-color":"var(--ast-global-color-5)","background-image":"","background-repeat":"repeat","background-position":"center center","background-size":"auto","background-attachment":"scroll","background-type":"","background-media":"","overlay-type":"","overlay-color":"","overlay-opacity":"","overlay-gradient":""},"mobile":{"background-color":"var(--ast-global-color-5)","background-image":"","background-repeat":"repeat","background-position":"center center","background-size":"auto","background-attachment":"scroll","background-type":"","background-media":"","overlay-type":"","overlay-color":"","overlay-opacity":"","overlay-gradient":""}},"_jetpack_newsletter_access":"","_jetpack_dont_email_post_to_subs":false,"_jetpack_newsletter_tier_id":0,"_jetpack_memberships_contains_paywalled_content":false,"_jetpack_memberships_contains_paid_content":false,"footnotes":""},"categories":[1],"tags":[],"class_list":["post-1310","post","type-post","status-publish","format-standard","has-post-thumbnail","hentry","category-blog"],"jetpack_featured_media_url":"https:\/\/barodeviver.cat\/wp-content\/uploads\/2016\/12\/zentauroepp36476717-barcelona-2016-club-lluita-baro-viver-project161201142845-1480599105939.jpg","uagb_featured_image_src":{"full":["https:\/\/barodeviver.cat\/wp-content\/uploads\/2016\/12\/zentauroepp36476717-barcelona-2016-club-lluita-baro-viver-project161201142845-1480599105939.jpg",1200,670,false],"thumbnail":["https:\/\/barodeviver.cat\/wp-content\/uploads\/2016\/12\/zentauroepp36476717-barcelona-2016-club-lluita-baro-viver-project161201142845-1480599105939-150x150.jpg",150,150,true],"medium":["https:\/\/barodeviver.cat\/wp-content\/uploads\/2016\/12\/zentauroepp36476717-barcelona-2016-club-lluita-baro-viver-project161201142845-1480599105939-300x168.jpg",300,168,true],"medium_large":["https:\/\/barodeviver.cat\/wp-content\/uploads\/2016\/12\/zentauroepp36476717-barcelona-2016-club-lluita-baro-viver-project161201142845-1480599105939-768x429.jpg",768,429,true],"large":["https:\/\/barodeviver.cat\/wp-content\/uploads\/2016\/12\/zentauroepp36476717-barcelona-2016-club-lluita-baro-viver-project161201142845-1480599105939-1024x572.jpg",1024,572,true],"1536x1536":["https:\/\/barodeviver.cat\/wp-content\/uploads\/2016\/12\/zentauroepp36476717-barcelona-2016-club-lluita-baro-viver-project161201142845-1480599105939.jpg",1200,670,false],"2048x2048":["https:\/\/barodeviver.cat\/wp-content\/uploads\/2016\/12\/zentauroepp36476717-barcelona-2016-club-lluita-baro-viver-project161201142845-1480599105939.jpg",1200,670,false]},"uagb_author_info":{"display_name":"Fem Bar\u00f3 de Viver","author_link":"https:\/\/barodeviver.cat\/author\/admin"},"uagb_comment_info":0,"uagb_excerpt":"M\u00e1s que un club de lucha, una familia El gimnasio de Bar\u00f3 de Viver es el espacio de relaci\u00f3n y ocio para muchos vecinos del aislado barrio. &#8220;Primero somos personas y luego luchadores&#8221;. No es una cita de Muhammad Ali, sino lo que contesta Iv\u00e1n Coll, de 11 a\u00f1os,cuando se le pregunta por su deporte&hellip;","jetpack_sharing_enabled":true,"jetpack_shortlink":"https:\/\/wp.me\/p86b0a-l8","_links":{"self":[{"href":"https:\/\/barodeviver.cat\/index.php?rest_route=\/wp\/v2\/posts\/1310","targetHints":{"allow":["GET"]}}],"collection":[{"href":"https:\/\/barodeviver.cat\/index.php?rest_route=\/wp\/v2\/posts"}],"about":[{"href":"https:\/\/barodeviver.cat\/index.php?rest_route=\/wp\/v2\/types\/post"}],"author":[{"embeddable":true,"href":"https:\/\/barodeviver.cat\/index.php?rest_route=\/wp\/v2\/users\/1"}],"replies":[{"embeddable":true,"href":"https:\/\/barodeviver.cat\/index.php?rest_route=%2Fwp%2Fv2%2Fcomments&post=1310"}],"version-history":[{"count":10,"href":"https:\/\/barodeviver.cat\/index.php?rest_route=\/wp\/v2\/posts\/1310\/revisions"}],"predecessor-version":[{"id":1324,"href":"https:\/\/barodeviver.cat\/index.php?rest_route=\/wp\/v2\/posts\/1310\/revisions\/1324"}],"wp:featuredmedia":[{"embeddable":true,"href":"https:\/\/barodeviver.cat\/index.php?rest_route=\/wp\/v2\/media\/1311"}],"wp:attachment":[{"href":"https:\/\/barodeviver.cat\/index.php?rest_route=%2Fwp%2Fv2%2Fmedia&parent=1310"}],"wp:term":[{"taxonomy":"category","embeddable":true,"href":"https:\/\/barodeviver.cat\/index.php?rest_route=%2Fwp%2Fv2%2Fcategories&post=1310"},{"taxonomy":"post_tag","embeddable":true,"href":"https:\/\/barodeviver.cat\/index.php?rest_route=%2Fwp%2Fv2%2Ftags&post=1310"}],"curies":[{"name":"wp","href":"https:\/\/api.w.org\/{rel}","templated":true}]}}