{"id":1389,"date":"2017-01-23T15:58:07","date_gmt":"2017-01-23T14:58:07","guid":{"rendered":"https:\/\/barodeviver.cat\/?p=1389"},"modified":"2017-01-23T16:37:18","modified_gmt":"2017-01-23T15:37:18","slug":"calendari-solidari","status":"publish","type":"post","link":"https:\/\/barodeviver.cat\/?p=1389","title":{"rendered":"Calendari Solidari"},"content":{"rendered":"<div align=\"justify\">Sabies que des de l&#8217;Associaci\u00f3 de Comerciants del Bon Pastor conjuntament amb el Mercat del Bon Pastor i l&#8217;Ajuntament de Barcelona \u00a0tenim en marxa una campanya solid\u00e0ria de recollida d\u2019aliments, per omplir el Banc d&#8217;Aliments del Bon Pastor?<br \/>\nSi vens als comer\u00e7os associats o al Mercat abans de que acabi el gener i ens portes un aliment de primera necessitat \u00a0t\u2019emportar\u00e0s aquest calendari.<br \/>\nAnima&#8217;t a participar!<\/div>\n<div align=\"justify\"><\/div>\n<div align=\"justify\"><\/div>\n<div align=\"justify\">\u00bfSab\u00edas que desde la Asociaci\u00f3n de Comerciantes del Bon Pastor conjuntamente con el Mercado del Bon Pastor y el Ayuntamiento de Barcelona tenemos en marcha una campa\u00f1a solidaria de recogida de alimentos, para llenar el Banco de Alimentos del Bon Pastor?<br \/>\nSi te acercas a los comercios asociados o al Mercado antes de que acabe enero y nos traes un alimento de primera necesidad te llevar\u00e1s este calendario.<br \/>\n\u00a1An\u00edmate a participar!<\/div>\n<div align=\"justify\"><\/div>\n<div align=\"justify\"><\/div>\n<div align=\"justify\"><img loading=\"lazy\" decoding=\"async\" class=\"aligncenter size-large wp-image-1395\" src=\"https:\/\/barodeviver.cat\/wp-content\/uploads\/2017\/01\/2-1024x743.png\" alt=\"\" width=\"730\" height=\"530\" srcset=\"https:\/\/barodeviver.cat\/wp-content\/uploads\/2017\/01\/2-1024x743.png 1024w, https:\/\/barodeviver.cat\/wp-content\/uploads\/2017\/01\/2-300x218.png 300w, https:\/\/barodeviver.cat\/wp-content\/uploads\/2017\/01\/2-768x557.png 768w, https:\/\/barodeviver.cat\/wp-content\/uploads\/2017\/01\/2-730x530.png 730w, https:\/\/barodeviver.cat\/wp-content\/uploads\/2017\/01\/2-1070x776.png 1070w, https:\/\/barodeviver.cat\/wp-content\/uploads\/2017\/01\/2.png 1166w\" sizes=\"auto, (max-width: 730px) 100vw, 730px\" \/><\/div>\n<div align=\"justify\">Podeu trobar m\u00e9s informaci\u00f3 al seg\u00fcent enlla\u00e7 \/ Pod\u00e9is encontrar m\u00e1s informaci\u00f3n en el siguiente enlace:<a href=\"https:\/\/barodeviver.cat\/wp-content\/uploads\/2017\/01\/portada-calendari-bonpastor17.pdf\" target=\"_blank\">\u00a0portada-calendari-bonpastor17.pdf<\/a><\/div>\n","protected":false},"excerpt":{"rendered":"<p>Sabies que des de l&#8217;Associaci\u00f3 de Comerciants del Bon Pastor conjuntament amb el Mercat del Bon Pastor i l&#8217;Ajuntament de Barcelona \u00a0tenim en marxa una campanya solid\u00e0ria de recollida d\u2019aliments, per omplir el Banc d&#8217;Aliments del Bon Pastor? Si vens als comer\u00e7os associats o al Mercat abans de que acabi el gener i ens portes [&hellip;]<\/p>\n","protected":false},"author":1,"featured_media":1394,"comment_status":"closed","ping_status":"open","sticky":false,"template":"","format":"standard","meta":{"_uag_custom_page_level_css":"","site-sidebar-layout":"default","site-content-layout":"","ast-site-content-layout":"","site-content-style":"default","site-sidebar-style":"default","ast-global-header-display":"","ast-banner-title-visibility":"","ast-main-header-display":"","ast-hfb-above-header-display":"","ast-hfb-below-header-display":"","ast-hfb-mobile-header-display":"","site-post-title":"","ast-breadcrumbs-content":"","ast-featured-img":"","footer-sml-layout":"","theme-transparent-header-meta":"","adv-header-id-meta":"","stick-header-meta":"","header-above-stick-meta":"","header-main-stick-meta":"","header-below-stick-meta":"","astra-migrate-meta-layouts":"default","ast-page-background-enabled":"default","ast-page-background-meta":{"desktop":{"background-color":"var(--ast-global-color-4)","background-image":"","background-repeat":"repeat","background-position":"center center","background-size":"auto","background-attachment":"scroll","background-type":"","background-media":"","overlay-type":"","overlay-color":"","overlay-opacity":"","overlay-gradient":""},"tablet":{"background-color":"","background-image":"","background-repeat":"repeat","background-position":"center center","background-size":"auto","background-attachment":"scroll","background-type":"","background-media":"","overlay-type":"","overlay-color":"","overlay-opacity":"","overlay-gradient":""},"mobile":{"background-color":"","background-image":"","background-repeat":"repeat","background-position":"center center","background-size":"auto","background-attachment":"scroll","background-type":"","background-media":"","overlay-type":"","overlay-color":"","overlay-opacity":"","overlay-gradient":""}},"ast-content-background-meta":{"desktop":{"background-color":"var(--ast-global-color-5)","background-image":"","background-repeat":"repeat","background-position":"center center","background-size":"auto","background-attachment":"scroll","background-type":"","background-media":"","overlay-type":"","overlay-color":"","overlay-opacity":"","overlay-gradient":""},"tablet":{"background-color":"var(--ast-global-color-5)","background-image":"","background-repeat":"repeat","background-position":"center center","background-size":"auto","background-attachment":"scroll","background-type":"","background-media":"","overlay-type":"","overlay-color":"","overlay-opacity":"","overlay-gradient":""},"mobile":{"background-color":"var(--ast-global-color-5)","background-image":"","background-repeat":"repeat","background-position":"center center","background-size":"auto","background-attachment":"scroll","background-type":"","background-media":"","overlay-type":"","overlay-color":"","overlay-opacity":"","overlay-gradient":""}},"_jetpack_newsletter_access":"","_jetpack_dont_email_post_to_subs":true,"_jetpack_newsletter_tier_id":0,"_jetpack_memberships_contains_paywalled_content":false,"_jetpack_memberships_contains_paid_content":false,"footnotes":""},"categories":[1],"tags":[],"class_list":["post-1389","post","type-post","status-publish","format-standard","has-post-thumbnail","hentry","category-blog"],"jetpack_featured_media_url":"https:\/\/barodeviver.cat\/wp-content\/uploads\/2017\/01\/1.png","uagb_featured_image_src":{"full":["https:\/\/barodeviver.cat\/wp-content\/uploads\/2017\/01\/1.png",1110,707,false],"thumbnail":["https:\/\/barodeviver.cat\/wp-content\/uploads\/2017\/01\/1-150x150.png",150,150,true],"medium":["https:\/\/barodeviver.cat\/wp-content\/uploads\/2017\/01\/1-300x191.png",300,191,true],"medium_large":["https:\/\/barodeviver.cat\/wp-content\/uploads\/2017\/01\/1-768x489.png",768,489,true],"large":["https:\/\/barodeviver.cat\/wp-content\/uploads\/2017\/01\/1-1024x652.png",1024,652,true],"1536x1536":["https:\/\/barodeviver.cat\/wp-content\/uploads\/2017\/01\/1.png",1110,707,false],"2048x2048":["https:\/\/barodeviver.cat\/wp-content\/uploads\/2017\/01\/1.png",1110,707,false]},"uagb_author_info":{"display_name":"Fem Bar\u00f3 de Viver","author_link":"https:\/\/barodeviver.cat\/author\/admin"},"uagb_comment_info":0,"uagb_excerpt":"Sabies que des de l&#8217;Associaci\u00f3 de Comerciants del Bon Pastor conjuntament amb el Mercat del Bon Pastor i l&#8217;Ajuntament de Barcelona \u00a0tenim en marxa una campanya solid\u00e0ria de recollida d\u2019aliments, per omplir el Banc d&#8217;Aliments del Bon Pastor? Si vens als comer\u00e7os associats o al Mercat abans de que acabi el gener i ens portes&hellip;","jetpack_sharing_enabled":true,"jetpack_shortlink":"https:\/\/wp.me\/p86b0a-mp","_links":{"self":[{"href":"https:\/\/barodeviver.cat\/index.php?rest_route=\/wp\/v2\/posts\/1389","targetHints":{"allow":["GET"]}}],"collection":[{"href":"https:\/\/barodeviver.cat\/index.php?rest_route=\/wp\/v2\/posts"}],"about":[{"href":"https:\/\/barodeviver.cat\/index.php?rest_route=\/wp\/v2\/types\/post"}],"author":[{"embeddable":true,"href":"https:\/\/barodeviver.cat\/index.php?rest_route=\/wp\/v2\/users\/1"}],"replies":[{"embeddable":true,"href":"https:\/\/barodeviver.cat\/index.php?rest_route=%2Fwp%2Fv2%2Fcomments&post=1389"}],"version-history":[{"count":4,"href":"https:\/\/barodeviver.cat\/index.php?rest_route=\/wp\/v2\/posts\/1389\/revisions"}],"predecessor-version":[{"id":1397,"href":"https:\/\/barodeviver.cat\/index.php?rest_route=\/wp\/v2\/posts\/1389\/revisions\/1397"}],"wp:featuredmedia":[{"embeddable":true,"href":"https:\/\/barodeviver.cat\/index.php?rest_route=\/wp\/v2\/media\/1394"}],"wp:attachment":[{"href":"https:\/\/barodeviver.cat\/index.php?rest_route=%2Fwp%2Fv2%2Fmedia&parent=1389"}],"wp:term":[{"taxonomy":"category","embeddable":true,"href":"https:\/\/barodeviver.cat\/index.php?rest_route=%2Fwp%2Fv2%2Fcategories&post=1389"},{"taxonomy":"post_tag","embeddable":true,"href":"https:\/\/barodeviver.cat\/index.php?rest_route=%2Fwp%2Fv2%2Ftags&post=1389"}],"curies":[{"name":"wp","href":"https:\/\/api.w.org\/{rel}","templated":true}]}}