{"id":1493,"date":"2017-03-01T09:44:33","date_gmt":"2017-03-01T08:44:33","guid":{"rendered":"https:\/\/barodeviver.cat\/?p=1493"},"modified":"2017-03-01T09:44:33","modified_gmt":"2017-03-01T08:44:33","slug":"presentacio-del-cartell-bon-viver-de-les-arts-2017","status":"publish","type":"post","link":"https:\/\/barodeviver.cat\/?p=1493","title":{"rendered":"Presentaci\u00f3 del Cartell Bon Viver de les Arts 2017"},"content":{"rendered":"<p>Un any m\u00e9s tenim el plaer de poder celebrar el Festival Bon Viver de les Arts on podreu gaudir de diferents activitats i exposicions durant dues setmanes. Us animem a participar a totes les activitats programades per a fomentar la cohesi\u00f3 social, l\u2019associacionisme i la implicaci\u00f3 de totes les persones. Tindrem activitats de tem\u00e0tiques diverses, com per exemple, la batukada, el \u201cGospel Solidari\u201d i, la participaci\u00f3 una vegada m\u00e9s, del monologuista Toni Cano amb la seva esperada actuaci\u00f3.<br \/>\nTotes aquestes activitats seran organitzades per BP &#038; BV Comunicaci\u00f3 i Cultura i gr\u00e0cies a la col\u2022laboraci\u00f3 de diferents institucions, entitats i persones, les quals s\u00f3n:<br \/>\nToni Cano, Dimonis BonPasFoc, Sambar\u00f3, Bum Bon Pastor Bon Pas de Ball, ACATHI, Orchi, Crew12 TRV, The Real BP Crew,Lady New Style, David Barrag\u00e1n, Gabriel C\u00f3rdoba, Carlos del Pozo, 3 Son Multitud, AmparaNoies, Jacarand\u00e0, Tarann\u00e0 Teatral, Centre Cultural Andaluz BdV, La Xixa Teatre, Servei de Dinamitzaci\u00f3 Juvenil Franja, Biblioteca BP, Espai Via Barcino, Centre C\u00edvic BdV i BP, Casal de Gent Gran BdV y BP, Resid\u00e8ncia BP, Escola Bernat de B\u00f6il, Espai Jove Garcilaso, Ateneu L&#8217;Harmonia, Sabilana, Impremta BP, La F\u00e0bric@ Cooperativa, Pla de Barris, Districte de Sant Andreu.   Moltes gr\u00e0cies a:   AVV BP, Banc del Temps del BP, Rebost Solidari BP i BdV, Amics de la gent gran, Cafeteria Eli, Cafeteria Nuri, Mercat del Bon Pastor, Poliesportiu BP,  Fabra i Coats.<\/p>\n","protected":false},"excerpt":{"rendered":"<p>Un any m\u00e9s tenim el plaer de poder celebrar el Festival Bon Viver de les Arts on podreu gaudir de diferents activitats i exposicions durant dues setmanes. Us animem a participar a totes les activitats programades per a fomentar la cohesi\u00f3 social, l\u2019associacionisme i la implicaci\u00f3 de totes les persones. Tindrem activitats de tem\u00e0tiques diverses, [&hellip;]<\/p>\n","protected":false},"author":1,"featured_media":1494,"comment_status":"closed","ping_status":"open","sticky":false,"template":"","format":"standard","meta":{"_uag_custom_page_level_css":"","site-sidebar-layout":"default","site-content-layout":"","ast-site-content-layout":"","site-content-style":"default","site-sidebar-style":"default","ast-global-header-display":"","ast-banner-title-visibility":"","ast-main-header-display":"","ast-hfb-above-header-display":"","ast-hfb-below-header-display":"","ast-hfb-mobile-header-display":"","site-post-title":"","ast-breadcrumbs-content":"","ast-featured-img":"","footer-sml-layout":"","theme-transparent-header-meta":"","adv-header-id-meta":"","stick-header-meta":"","header-above-stick-meta":"","header-main-stick-meta":"","header-below-stick-meta":"","astra-migrate-meta-layouts":"default","ast-page-background-enabled":"default","ast-page-background-meta":{"desktop":{"background-color":"var(--ast-global-color-4)","background-image":"","background-repeat":"repeat","background-position":"center center","background-size":"auto","background-attachment":"scroll","background-type":"","background-media":"","overlay-type":"","overlay-color":"","overlay-opacity":"","overlay-gradient":""},"tablet":{"background-color":"","background-image":"","background-repeat":"repeat","background-position":"center center","background-size":"auto","background-attachment":"scroll","background-type":"","background-media":"","overlay-type":"","overlay-color":"","overlay-opacity":"","overlay-gradient":""},"mobile":{"background-color":"","background-image":"","background-repeat":"repeat","background-position":"center center","background-size":"auto","background-attachment":"scroll","background-type":"","background-media":"","overlay-type":"","overlay-color":"","overlay-opacity":"","overlay-gradient":""}},"ast-content-background-meta":{"desktop":{"background-color":"var(--ast-global-color-5)","background-image":"","background-repeat":"repeat","background-position":"center center","background-size":"auto","background-attachment":"scroll","background-type":"","background-media":"","overlay-type":"","overlay-color":"","overlay-opacity":"","overlay-gradient":""},"tablet":{"background-color":"var(--ast-global-color-5)","background-image":"","background-repeat":"repeat","background-position":"center center","background-size":"auto","background-attachment":"scroll","background-type":"","background-media":"","overlay-type":"","overlay-color":"","overlay-opacity":"","overlay-gradient":""},"mobile":{"background-color":"var(--ast-global-color-5)","background-image":"","background-repeat":"repeat","background-position":"center center","background-size":"auto","background-attachment":"scroll","background-type":"","background-media":"","overlay-type":"","overlay-color":"","overlay-opacity":"","overlay-gradient":""}},"_jetpack_newsletter_access":"","_jetpack_dont_email_post_to_subs":false,"_jetpack_newsletter_tier_id":0,"_jetpack_memberships_contains_paywalled_content":false,"_jetpack_memberships_contains_paid_content":false,"footnotes":""},"categories":[1],"tags":[],"class_list":["post-1493","post","type-post","status-publish","format-standard","has-post-thumbnail","hentry","category-blog"],"jetpack_featured_media_url":"https:\/\/barodeviver.cat\/wp-content\/uploads\/2017\/03\/CARTELL-BVA_2017.jpg","uagb_featured_image_src":{"full":["https:\/\/barodeviver.cat\/wp-content\/uploads\/2017\/03\/CARTELL-BVA_2017.jpg",1462,2067,false],"thumbnail":["https:\/\/barodeviver.cat\/wp-content\/uploads\/2017\/03\/CARTELL-BVA_2017-150x150.jpg",150,150,true],"medium":["https:\/\/barodeviver.cat\/wp-content\/uploads\/2017\/03\/CARTELL-BVA_2017-212x300.jpg",212,300,true],"medium_large":["https:\/\/barodeviver.cat\/wp-content\/uploads\/2017\/03\/CARTELL-BVA_2017-768x1086.jpg",768,1086,true],"large":["https:\/\/barodeviver.cat\/wp-content\/uploads\/2017\/03\/CARTELL-BVA_2017-724x1024.jpg",724,1024,true],"1536x1536":["https:\/\/barodeviver.cat\/wp-content\/uploads\/2017\/03\/CARTELL-BVA_2017.jpg",1086,1536,false],"2048x2048":["https:\/\/barodeviver.cat\/wp-content\/uploads\/2017\/03\/CARTELL-BVA_2017.jpg",1449,2048,false]},"uagb_author_info":{"display_name":"Fem Bar\u00f3 de Viver","author_link":"https:\/\/barodeviver.cat\/author\/admin"},"uagb_comment_info":0,"uagb_excerpt":"Un any m\u00e9s tenim el plaer de poder celebrar el Festival Bon Viver de les Arts on podreu gaudir de diferents activitats i exposicions durant dues setmanes. Us animem a participar a totes les activitats programades per a fomentar la cohesi\u00f3 social, l\u2019associacionisme i la implicaci\u00f3 de totes les persones. Tindrem activitats de tem\u00e0tiques diverses,&hellip;","jetpack_sharing_enabled":true,"jetpack_shortlink":"https:\/\/wp.me\/p86b0a-o5","_links":{"self":[{"href":"https:\/\/barodeviver.cat\/index.php?rest_route=\/wp\/v2\/posts\/1493","targetHints":{"allow":["GET"]}}],"collection":[{"href":"https:\/\/barodeviver.cat\/index.php?rest_route=\/wp\/v2\/posts"}],"about":[{"href":"https:\/\/barodeviver.cat\/index.php?rest_route=\/wp\/v2\/types\/post"}],"author":[{"embeddable":true,"href":"https:\/\/barodeviver.cat\/index.php?rest_route=\/wp\/v2\/users\/1"}],"replies":[{"embeddable":true,"href":"https:\/\/barodeviver.cat\/index.php?rest_route=%2Fwp%2Fv2%2Fcomments&post=1493"}],"version-history":[{"count":2,"href":"https:\/\/barodeviver.cat\/index.php?rest_route=\/wp\/v2\/posts\/1493\/revisions"}],"predecessor-version":[{"id":1496,"href":"https:\/\/barodeviver.cat\/index.php?rest_route=\/wp\/v2\/posts\/1493\/revisions\/1496"}],"wp:featuredmedia":[{"embeddable":true,"href":"https:\/\/barodeviver.cat\/index.php?rest_route=\/wp\/v2\/media\/1494"}],"wp:attachment":[{"href":"https:\/\/barodeviver.cat\/index.php?rest_route=%2Fwp%2Fv2%2Fmedia&parent=1493"}],"wp:term":[{"taxonomy":"category","embeddable":true,"href":"https:\/\/barodeviver.cat\/index.php?rest_route=%2Fwp%2Fv2%2Fcategories&post=1493"},{"taxonomy":"post_tag","embeddable":true,"href":"https:\/\/barodeviver.cat\/index.php?rest_route=%2Fwp%2Fv2%2Ftags&post=1493"}],"curies":[{"name":"wp","href":"https:\/\/api.w.org\/{rel}","templated":true}]}}