{"id":1518,"date":"2017-03-03T23:21:18","date_gmt":"2017-03-03T22:21:18","guid":{"rendered":"https:\/\/barodeviver.cat\/?p=1518"},"modified":"2017-03-03T23:23:25","modified_gmt":"2017-03-03T22:23:25","slug":"inauguracio-bonviver-darts","status":"publish","type":"post","link":"https:\/\/barodeviver.cat\/?p=1518","title":{"rendered":"Inauguraci\u00f3 BonViver d&#8217;Arts"},"content":{"rendered":"<p class=\"normal\" style=\"text-align: justify;\">El proper dia 11 comen\u00e7a el festival del Bon Viver de les Arts i ho fem per la porta gran les 17.00h a la Pla\u00e7a Orfila amb l\u2019obertura de la Batukada a c\u00e0rrec dels Dimonis Bon Pasfoc i Sambar\u00f3 i a les 18.00 a l\u2019Ateneu l\u2019Harmonia amb un espectacle de ball, teatre i un ric pica-pica final.<\/p>\n<p class=\"normal\" style=\"text-align: justify;\">Podeu trobar tota la informaci\u00f3 de les diferents activitats i exposicions que es celebraran al festival, al programa que us adjuntem a continuaci\u00f3.<\/p>\n<p class=\"normal\" style=\"text-align: justify;\"><img loading=\"lazy\" decoding=\"async\" class=\"aligncenter size-large wp-image-1519\" src=\"https:\/\/barodeviver.cat\/wp-content\/uploads\/2017\/03\/Programa-BVA-2017_dia-11-de-mar\u00e7-478x1024.jpg\" alt=\"\" width=\"478\" height=\"1024\" srcset=\"https:\/\/barodeviver.cat\/wp-content\/uploads\/2017\/03\/Programa-BVA-2017_dia-11-de-mar\u00e7-478x1024.jpg 478w, https:\/\/barodeviver.cat\/wp-content\/uploads\/2017\/03\/Programa-BVA-2017_dia-11-de-mar\u00e7-140x300.jpg 140w, https:\/\/barodeviver.cat\/wp-content\/uploads\/2017\/03\/Programa-BVA-2017_dia-11-de-mar\u00e7-768x1644.jpg 768w, https:\/\/barodeviver.cat\/wp-content\/uploads\/2017\/03\/Programa-BVA-2017_dia-11-de-mar\u00e7-730x1563.jpg 730w, https:\/\/barodeviver.cat\/wp-content\/uploads\/2017\/03\/Programa-BVA-2017_dia-11-de-mar\u00e7-1070x2291.jpg 1070w, https:\/\/barodeviver.cat\/wp-content\/uploads\/2017\/03\/Programa-BVA-2017_dia-11-de-mar\u00e7.jpg 1135w\" sizes=\"auto, (max-width: 478px) 100vw, 478px\" \/><\/p>\n<p class=\"normal\" style=\"text-align: justify;\">S\u2019han programat activitats de diferents tipus, com teatre, art, sevillanes, fotografia, mon\u00f2legs, m\u00fasica, dansa o pintura, i tamb\u00e9 es realitzaran varies exposicions.<\/p>\n<p class=\"normal\" style=\"text-align: justify;\">Mes informaci\u00f3 de la programaci\u00f3 a:<\/p>\n<p><a href=\"https:\/\/barodeviver.cat\/bon-viver-darts-2017\/\" target=\"_blank\">https:\/\/barodeviver.cat\/bon-viver-darts-2017\/<\/a><\/p>\n","protected":false},"excerpt":{"rendered":"<p>El proper dia 11 comen\u00e7a el festival del Bon Viver de les Arts i ho fem per la porta gran les 17.00h a la Pla\u00e7a Orfila amb l\u2019obertura de la Batukada a c\u00e0rrec dels Dimonis Bon Pasfoc i Sambar\u00f3 i a les 18.00 a l\u2019Ateneu l\u2019Harmonia amb un espectacle de ball, teatre i un ric [&hellip;]<\/p>\n","protected":false},"author":1,"featured_media":1494,"comment_status":"closed","ping_status":"open","sticky":false,"template":"","format":"standard","meta":{"_uag_custom_page_level_css":"","site-sidebar-layout":"default","site-content-layout":"","ast-site-content-layout":"","site-content-style":"default","site-sidebar-style":"default","ast-global-header-display":"","ast-banner-title-visibility":"","ast-main-header-display":"","ast-hfb-above-header-display":"","ast-hfb-below-header-display":"","ast-hfb-mobile-header-display":"","site-post-title":"","ast-breadcrumbs-content":"","ast-featured-img":"","footer-sml-layout":"","theme-transparent-header-meta":"","adv-header-id-meta":"","stick-header-meta":"","header-above-stick-meta":"","header-main-stick-meta":"","header-below-stick-meta":"","astra-migrate-meta-layouts":"default","ast-page-background-enabled":"default","ast-page-background-meta":{"desktop":{"background-color":"var(--ast-global-color-4)","background-image":"","background-repeat":"repeat","background-position":"center center","background-size":"auto","background-attachment":"scroll","background-type":"","background-media":"","overlay-type":"","overlay-color":"","overlay-opacity":"","overlay-gradient":""},"tablet":{"background-color":"","background-image":"","background-repeat":"repeat","background-position":"center center","background-size":"auto","background-attachment":"scroll","background-type":"","background-media":"","overlay-type":"","overlay-color":"","overlay-opacity":"","overlay-gradient":""},"mobile":{"background-color":"","background-image":"","background-repeat":"repeat","background-position":"center center","background-size":"auto","background-attachment":"scroll","background-type":"","background-media":"","overlay-type":"","overlay-color":"","overlay-opacity":"","overlay-gradient":""}},"ast-content-background-meta":{"desktop":{"background-color":"var(--ast-global-color-5)","background-image":"","background-repeat":"repeat","background-position":"center center","background-size":"auto","background-attachment":"scroll","background-type":"","background-media":"","overlay-type":"","overlay-color":"","overlay-opacity":"","overlay-gradient":""},"tablet":{"background-color":"var(--ast-global-color-5)","background-image":"","background-repeat":"repeat","background-position":"center center","background-size":"auto","background-attachment":"scroll","background-type":"","background-media":"","overlay-type":"","overlay-color":"","overlay-opacity":"","overlay-gradient":""},"mobile":{"background-color":"var(--ast-global-color-5)","background-image":"","background-repeat":"repeat","background-position":"center center","background-size":"auto","background-attachment":"scroll","background-type":"","background-media":"","overlay-type":"","overlay-color":"","overlay-opacity":"","overlay-gradient":""}},"_jetpack_newsletter_access":"","_jetpack_dont_email_post_to_subs":true,"_jetpack_newsletter_tier_id":0,"_jetpack_memberships_contains_paywalled_content":false,"_jetpack_memberships_contains_paid_content":false,"footnotes":""},"categories":[1],"tags":[],"class_list":["post-1518","post","type-post","status-publish","format-standard","has-post-thumbnail","hentry","category-blog"],"jetpack_featured_media_url":"https:\/\/barodeviver.cat\/wp-content\/uploads\/2017\/03\/CARTELL-BVA_2017.jpg","uagb_featured_image_src":{"full":["https:\/\/barodeviver.cat\/wp-content\/uploads\/2017\/03\/CARTELL-BVA_2017.jpg",1462,2067,false],"thumbnail":["https:\/\/barodeviver.cat\/wp-content\/uploads\/2017\/03\/CARTELL-BVA_2017-150x150.jpg",150,150,true],"medium":["https:\/\/barodeviver.cat\/wp-content\/uploads\/2017\/03\/CARTELL-BVA_2017-212x300.jpg",212,300,true],"medium_large":["https:\/\/barodeviver.cat\/wp-content\/uploads\/2017\/03\/CARTELL-BVA_2017-768x1086.jpg",768,1086,true],"large":["https:\/\/barodeviver.cat\/wp-content\/uploads\/2017\/03\/CARTELL-BVA_2017-724x1024.jpg",724,1024,true],"1536x1536":["https:\/\/barodeviver.cat\/wp-content\/uploads\/2017\/03\/CARTELL-BVA_2017.jpg",1086,1536,false],"2048x2048":["https:\/\/barodeviver.cat\/wp-content\/uploads\/2017\/03\/CARTELL-BVA_2017.jpg",1449,2048,false]},"uagb_author_info":{"display_name":"Fem Bar\u00f3 de Viver","author_link":"https:\/\/barodeviver.cat\/author\/admin"},"uagb_comment_info":0,"uagb_excerpt":"El proper dia 11 comen\u00e7a el festival del Bon Viver de les Arts i ho fem per la porta gran les 17.00h a la Pla\u00e7a Orfila amb l\u2019obertura de la Batukada a c\u00e0rrec dels Dimonis Bon Pasfoc i Sambar\u00f3 i a les 18.00 a l\u2019Ateneu l\u2019Harmonia amb un espectacle de ball, teatre i un ric&hellip;","jetpack_sharing_enabled":true,"jetpack_shortlink":"https:\/\/wp.me\/p86b0a-ou","_links":{"self":[{"href":"https:\/\/barodeviver.cat\/index.php?rest_route=\/wp\/v2\/posts\/1518","targetHints":{"allow":["GET"]}}],"collection":[{"href":"https:\/\/barodeviver.cat\/index.php?rest_route=\/wp\/v2\/posts"}],"about":[{"href":"https:\/\/barodeviver.cat\/index.php?rest_route=\/wp\/v2\/types\/post"}],"author":[{"embeddable":true,"href":"https:\/\/barodeviver.cat\/index.php?rest_route=\/wp\/v2\/users\/1"}],"replies":[{"embeddable":true,"href":"https:\/\/barodeviver.cat\/index.php?rest_route=%2Fwp%2Fv2%2Fcomments&post=1518"}],"version-history":[{"count":2,"href":"https:\/\/barodeviver.cat\/index.php?rest_route=\/wp\/v2\/posts\/1518\/revisions"}],"predecessor-version":[{"id":1521,"href":"https:\/\/barodeviver.cat\/index.php?rest_route=\/wp\/v2\/posts\/1518\/revisions\/1521"}],"wp:featuredmedia":[{"embeddable":true,"href":"https:\/\/barodeviver.cat\/index.php?rest_route=\/wp\/v2\/media\/1494"}],"wp:attachment":[{"href":"https:\/\/barodeviver.cat\/index.php?rest_route=%2Fwp%2Fv2%2Fmedia&parent=1518"}],"wp:term":[{"taxonomy":"category","embeddable":true,"href":"https:\/\/barodeviver.cat\/index.php?rest_route=%2Fwp%2Fv2%2Fcategories&post=1518"},{"taxonomy":"post_tag","embeddable":true,"href":"https:\/\/barodeviver.cat\/index.php?rest_route=%2Fwp%2Fv2%2Ftags&post=1518"}],"curies":[{"name":"wp","href":"https:\/\/api.w.org\/{rel}","templated":true}]}}