{"id":1525,"date":"2017-03-06T17:06:40","date_gmt":"2017-03-06T16:06:40","guid":{"rendered":"https:\/\/barodeviver.cat\/?p=1525"},"modified":"2017-03-06T17:06:40","modified_gmt":"2017-03-06T16:06:40","slug":"monolegs-solidaris-al-bonviver-darts-2017","status":"publish","type":"post","link":"https:\/\/barodeviver.cat\/?p=1525","title":{"rendered":"Mon\u00f2legs Solidaris al BonViver d&#8217;Arts 2017"},"content":{"rendered":"<p class=\"normal\" style=\"text-align: justify;\">Un any m\u00e9s comptem amb la col\u00b7laboraci\u00f3 del nostre ve\u00ed i company Toni Cano que participar\u00e0 en el festival amb el seus Mon\u00f2legs Solidaris, amb la col\u00b7laboraci\u00f3 de David Barrag\u00e1n, Gabriel C\u00f3rdoba y Carlos del Pozo. Podeu comprar les entrades de forma anticipada a diferents punts de venda en cadascun dels barris, els quals s\u00f3n:<\/p>\n<p class=\"normal\" style=\"text-align: justify;\">BON PASTOR: Cafeteria Eli \u00b7 Mercat del Bon Pastor \u00b7 Cafeteria Nuri<br \/>\nBAR\u00d3 DE VIVER: Centre C\u00edvic Bar\u00f3 de Viver (Dimatrs i dijous de 17:00h a 20:00h)<br \/>\nTRINITAT VELLA: Espai Via Barcino (Dilluns i dimecres de 17:00h a 20:00h)<\/p>\n<p class=\"normal\" style=\"text-align: justify;\">Les entrades s\u00f3n a 6\u20ac, dels quals solament 1\u20ac d&#8217;aquests ser\u00e0 destinat a la gesti\u00f3 de l&#8217;espectacle, ja que els altres 5\u20ac restants es destinaran a dues organitzacions solid\u00e0ries.<\/p>\n<p class=\"normal\" style=\"text-align: justify;\">La primera organitzaci\u00f3 \u00e9s Amics de la Gent Gran, la qual col\u00b7labora per millorar la qualitat de vida de les persones d&#8217;avan\u00e7ada edat dels nostres barris, amb la creaci\u00f3 del projecte La Bufanda de la Iaia. La segona organitzaci\u00f3 \u00e9s Bopart, que col\u00b7labora amb el barri i li d\u00f3na vida mitjan\u00e7ant la creaci\u00f3 de cartells colorits pel barri centrats en la tem\u00e0tica de la tercera edat.<\/p>\n","protected":false},"excerpt":{"rendered":"<p>Un any m\u00e9s comptem amb la col\u00b7laboraci\u00f3 del nostre ve\u00ed i company Toni Cano que participar\u00e0 en el festival amb el seus Mon\u00f2legs Solidaris, amb la col\u00b7laboraci\u00f3 de David Barrag\u00e1n, Gabriel C\u00f3rdoba y Carlos del Pozo. Podeu comprar les entrades de forma anticipada a diferents punts de venda en cadascun dels barris, els quals s\u00f3n: [&hellip;]<\/p>\n","protected":false},"author":1,"featured_media":1526,"comment_status":"closed","ping_status":"open","sticky":false,"template":"","format":"standard","meta":{"_uag_custom_page_level_css":"","site-sidebar-layout":"default","site-content-layout":"","ast-site-content-layout":"","site-content-style":"default","site-sidebar-style":"default","ast-global-header-display":"","ast-banner-title-visibility":"","ast-main-header-display":"","ast-hfb-above-header-display":"","ast-hfb-below-header-display":"","ast-hfb-mobile-header-display":"","site-post-title":"","ast-breadcrumbs-content":"","ast-featured-img":"","footer-sml-layout":"","theme-transparent-header-meta":"","adv-header-id-meta":"","stick-header-meta":"","header-above-stick-meta":"","header-main-stick-meta":"","header-below-stick-meta":"","astra-migrate-meta-layouts":"default","ast-page-background-enabled":"default","ast-page-background-meta":{"desktop":{"background-color":"var(--ast-global-color-4)","background-image":"","background-repeat":"repeat","background-position":"center center","background-size":"auto","background-attachment":"scroll","background-type":"","background-media":"","overlay-type":"","overlay-color":"","overlay-opacity":"","overlay-gradient":""},"tablet":{"background-color":"","background-image":"","background-repeat":"repeat","background-position":"center center","background-size":"auto","background-attachment":"scroll","background-type":"","background-media":"","overlay-type":"","overlay-color":"","overlay-opacity":"","overlay-gradient":""},"mobile":{"background-color":"","background-image":"","background-repeat":"repeat","background-position":"center center","background-size":"auto","background-attachment":"scroll","background-type":"","background-media":"","overlay-type":"","overlay-color":"","overlay-opacity":"","overlay-gradient":""}},"ast-content-background-meta":{"desktop":{"background-color":"var(--ast-global-color-5)","background-image":"","background-repeat":"repeat","background-position":"center center","background-size":"auto","background-attachment":"scroll","background-type":"","background-media":"","overlay-type":"","overlay-color":"","overlay-opacity":"","overlay-gradient":""},"tablet":{"background-color":"var(--ast-global-color-5)","background-image":"","background-repeat":"repeat","background-position":"center center","background-size":"auto","background-attachment":"scroll","background-type":"","background-media":"","overlay-type":"","overlay-color":"","overlay-opacity":"","overlay-gradient":""},"mobile":{"background-color":"var(--ast-global-color-5)","background-image":"","background-repeat":"repeat","background-position":"center center","background-size":"auto","background-attachment":"scroll","background-type":"","background-media":"","overlay-type":"","overlay-color":"","overlay-opacity":"","overlay-gradient":""}},"_jetpack_newsletter_access":"","_jetpack_dont_email_post_to_subs":false,"_jetpack_newsletter_tier_id":0,"_jetpack_memberships_contains_paywalled_content":false,"_jetpack_memberships_contains_paid_content":false,"footnotes":""},"categories":[1],"tags":[],"class_list":["post-1525","post","type-post","status-publish","format-standard","has-post-thumbnail","hentry","category-blog"],"jetpack_featured_media_url":"https:\/\/barodeviver.cat\/wp-content\/uploads\/2017\/03\/GalaBonPastor.jpg","uagb_featured_image_src":{"full":["https:\/\/barodeviver.cat\/wp-content\/uploads\/2017\/03\/GalaBonPastor.jpg",454,640,false],"thumbnail":["https:\/\/barodeviver.cat\/wp-content\/uploads\/2017\/03\/GalaBonPastor-150x150.jpg",150,150,true],"medium":["https:\/\/barodeviver.cat\/wp-content\/uploads\/2017\/03\/GalaBonPastor-213x300.jpg",213,300,true],"medium_large":["https:\/\/barodeviver.cat\/wp-content\/uploads\/2017\/03\/GalaBonPastor.jpg",454,640,false],"large":["https:\/\/barodeviver.cat\/wp-content\/uploads\/2017\/03\/GalaBonPastor.jpg",454,640,false],"1536x1536":["https:\/\/barodeviver.cat\/wp-content\/uploads\/2017\/03\/GalaBonPastor.jpg",454,640,false],"2048x2048":["https:\/\/barodeviver.cat\/wp-content\/uploads\/2017\/03\/GalaBonPastor.jpg",454,640,false]},"uagb_author_info":{"display_name":"Fem Bar\u00f3 de Viver","author_link":"https:\/\/barodeviver.cat\/author\/admin"},"uagb_comment_info":0,"uagb_excerpt":"Un any m\u00e9s comptem amb la col\u00b7laboraci\u00f3 del nostre ve\u00ed i company Toni Cano que participar\u00e0 en el festival amb el seus Mon\u00f2legs Solidaris, amb la col\u00b7laboraci\u00f3 de David Barrag\u00e1n, Gabriel C\u00f3rdoba y Carlos del Pozo. Podeu comprar les entrades de forma anticipada a diferents punts de venda en cadascun dels barris, els quals s\u00f3n:&hellip;","jetpack_sharing_enabled":true,"jetpack_shortlink":"https:\/\/wp.me\/p86b0a-oB","_links":{"self":[{"href":"https:\/\/barodeviver.cat\/index.php?rest_route=\/wp\/v2\/posts\/1525","targetHints":{"allow":["GET"]}}],"collection":[{"href":"https:\/\/barodeviver.cat\/index.php?rest_route=\/wp\/v2\/posts"}],"about":[{"href":"https:\/\/barodeviver.cat\/index.php?rest_route=\/wp\/v2\/types\/post"}],"author":[{"embeddable":true,"href":"https:\/\/barodeviver.cat\/index.php?rest_route=\/wp\/v2\/users\/1"}],"replies":[{"embeddable":true,"href":"https:\/\/barodeviver.cat\/index.php?rest_route=%2Fwp%2Fv2%2Fcomments&post=1525"}],"version-history":[{"count":1,"href":"https:\/\/barodeviver.cat\/index.php?rest_route=\/wp\/v2\/posts\/1525\/revisions"}],"predecessor-version":[{"id":1527,"href":"https:\/\/barodeviver.cat\/index.php?rest_route=\/wp\/v2\/posts\/1525\/revisions\/1527"}],"wp:featuredmedia":[{"embeddable":true,"href":"https:\/\/barodeviver.cat\/index.php?rest_route=\/wp\/v2\/media\/1526"}],"wp:attachment":[{"href":"https:\/\/barodeviver.cat\/index.php?rest_route=%2Fwp%2Fv2%2Fmedia&parent=1525"}],"wp:term":[{"taxonomy":"category","embeddable":true,"href":"https:\/\/barodeviver.cat\/index.php?rest_route=%2Fwp%2Fv2%2Fcategories&post=1525"},{"taxonomy":"post_tag","embeddable":true,"href":"https:\/\/barodeviver.cat\/index.php?rest_route=%2Fwp%2Fv2%2Ftags&post=1525"}],"curies":[{"name":"wp","href":"https:\/\/api.w.org\/{rel}","templated":true}]}}