{"id":1624,"date":"2017-05-23T15:20:47","date_gmt":"2017-05-23T14:20:47","guid":{"rendered":"https:\/\/barodeviver.cat\/?p=1624"},"modified":"2017-05-23T15:20:47","modified_gmt":"2017-05-23T14:20:47","slug":"baro-de-viver-celebra-la-mostra-final-del-programa-amics-i-circ-noticia-publicada-a-la-web-del-ajuntament-de-barcelona","status":"publish","type":"post","link":"https:\/\/barodeviver.cat\/?p=1624","title":{"rendered":"Bar\u00f3 de Viver celebra la mostra final del programa Amics i Circ. Noticia publicada a la web del ajuntament de Barcelona."},"content":{"rendered":"<p>Divendres 26 de Maig de 2017<\/p>\n<p>Lloc: Pla\u00e7a Bar\u00f3 de Viver (davant del Centre C\u00edvic de Bar\u00f3 de Viver)<\/p>\n<div id=\"zone-content\" class=\"grid\">\n<div id=\"main\">\n<div class=\"region region-content\">\n<div id=\"block-system-main\" class=\"block block-system clearfix\">\n<div class=\"block-inner\">\n<div class=\"content\">\n<div id=\"detall-noticies\">\n<div class=\"col-0 post_509740\">\n<p><strong>Desenes d&#8217;infants es donaran cita a partir de les 9:30 a la pla\u00e7a Bar\u00f3 de Viver per participar en els tallers i demostrar les habilitats aconseguides en els darrers mesos gr\u00e0cies a aquest programa.<\/strong><\/p>\n<p>El programa Amics i Circ del Pla de Barris arriba el proper divendres amb una gran exhibici\u00f3 i molts tallers a la pla\u00e7a Bar\u00f3 de Viver per donar a con\u00e8ixer els resultats d\u2019aquest pioner programa en el qual s\u2019han implicat desenes de preadolescents en risc d\u2019exclusi\u00f3 social.<\/p>\n<p>La programaci\u00f3 que se seguir\u00e0 \u00e9s la seg\u00fcent:<\/p>\n<p><strong>9:30 h<\/strong> Inici dels tallers oberts de circ a la Pla\u00e7a amb els infants de l\u2019escola la Maquinista (96 infants)<\/p>\n<p><strong>10:30 h<\/strong> Arriben infants escola Bar\u00f3 de Viver i Bernat de Bo\u00efl<\/p>\n<p><strong>10:45 h<\/strong> Comen\u00e7a l\u2019exhibici\u00f3 d\u2019Amics i Circ (a l\u2019interior del centre c\u00edvic)<\/p>\n<p><strong>11:15 h<\/strong> Fi de la Mostra, marxen els infants de la Maquinista<\/p>\n<p><strong>11:30 h<\/strong> Tallers oberts per als infants de Bar\u00f3 de Viver i Bernat de Bo\u00efl (73 infants)<\/p>\n<p><strong>12:30 h<\/strong> Finalitzaci\u00f3 de l\u2019activitat<\/p>\n<p>L\u2019objectiu d\u2019Amics i Circ\u00a0 \u00e9s promoure la salut mental, f\u00edsica i social dels preadolescents en risc d\u2019exclusi\u00f3 social mitjan\u00e7ant dues estrat\u00e8gies: l\u2019acompanyament educatiu dels preadolescents per voluntariat universitari (mentors) i la promoci\u00f3 de l\u2019activitat f\u00edsica i art\u00edstica mitjan\u00e7ant la participaci\u00f3 en tallers de circ.<\/p>\n<\/div>\n<div class=\"col-1\">\n<div class=\"photo-galleria\">\n<div class=\"galleria-container notouch\">\n<div class=\"galleria-stage\">\n<div class=\"galleria-images\">\n<div class=\"galleria-image\"><\/div>\n<div class=\"galleria-image\">\u00a0M\u00e9s informaci\u00f3 a:<\/div>\n<div class=\"galleria-image\"><a href=\"http:\/\/ajuntament.barcelona.cat\/santandreu\/ca\/noticia\/barze-de-viver-celebra-divendres-26-la-mostra-final-del-programa-amics-i-circ\" target=\"_blank\" rel=\"noopener noreferrer\">http:\/\/ajuntament.barcelona.cat\/santandreu\/ca\/noticia\/barze-de-viver-celebra-divendres-26-la-mostra-final-del-programa-amics-i-circ\u00a0<\/a><\/div>\n<div class=\"galleria-image\"><\/div>\n<div class=\"galleria-image\"><\/div>\n<\/div>\n<div class=\"galleria-counter\"><span class=\"galleria-current\">1<\/span> \/ <span class=\"galleria-total\">1<\/span><\/div>\n<div class=\"galleria-image-nav\"><\/div>\n<\/div>\n<div class=\"galleria-tooltip\"><\/div>\n<\/div>\n<\/div>\n<div class=\"realted-links\"><\/div>\n<\/div>\n<\/div>\n<\/div>\n<\/div>\n<\/div>\n<\/div>\n<\/div>\n<\/div>\n<footer id=\"footer\">\n<div id=\"zone-footer-wrapper\" class=\"zone-wrapper\"><\/div>\n<\/footer>\n","protected":false},"excerpt":{"rendered":"<p>Divendres 26 de Maig de 2017 Lloc: Pla\u00e7a Bar\u00f3 de Viver (davant del Centre C\u00edvic de Bar\u00f3 de Viver) Desenes d&#8217;infants es donaran cita a partir de les 9:30 a la pla\u00e7a Bar\u00f3 de Viver per participar en els tallers i demostrar les habilitats aconseguides en els darrers mesos gr\u00e0cies a aquest programa. El programa [&hellip;]<\/p>\n","protected":false},"author":1,"featured_media":1625,"comment_status":"closed","ping_status":"open","sticky":false,"template":"","format":"standard","meta":{"_uag_custom_page_level_css":"","site-sidebar-layout":"default","site-content-layout":"","ast-site-content-layout":"","site-content-style":"default","site-sidebar-style":"default","ast-global-header-display":"","ast-banner-title-visibility":"","ast-main-header-display":"","ast-hfb-above-header-display":"","ast-hfb-below-header-display":"","ast-hfb-mobile-header-display":"","site-post-title":"","ast-breadcrumbs-content":"","ast-featured-img":"","footer-sml-layout":"","theme-transparent-header-meta":"","adv-header-id-meta":"","stick-header-meta":"","header-above-stick-meta":"","header-main-stick-meta":"","header-below-stick-meta":"","astra-migrate-meta-layouts":"default","ast-page-background-enabled":"default","ast-page-background-meta":{"desktop":{"background-color":"var(--ast-global-color-4)","background-image":"","background-repeat":"repeat","background-position":"center center","background-size":"auto","background-attachment":"scroll","background-type":"","background-media":"","overlay-type":"","overlay-color":"","overlay-opacity":"","overlay-gradient":""},"tablet":{"background-color":"","background-image":"","background-repeat":"repeat","background-position":"center center","background-size":"auto","background-attachment":"scroll","background-type":"","background-media":"","overlay-type":"","overlay-color":"","overlay-opacity":"","overlay-gradient":""},"mobile":{"background-color":"","background-image":"","background-repeat":"repeat","background-position":"center center","background-size":"auto","background-attachment":"scroll","background-type":"","background-media":"","overlay-type":"","overlay-color":"","overlay-opacity":"","overlay-gradient":""}},"ast-content-background-meta":{"desktop":{"background-color":"var(--ast-global-color-5)","background-image":"","background-repeat":"repeat","background-position":"center center","background-size":"auto","background-attachment":"scroll","background-type":"","background-media":"","overlay-type":"","overlay-color":"","overlay-opacity":"","overlay-gradient":""},"tablet":{"background-color":"var(--ast-global-color-5)","background-image":"","background-repeat":"repeat","background-position":"center center","background-size":"auto","background-attachment":"scroll","background-type":"","background-media":"","overlay-type":"","overlay-color":"","overlay-opacity":"","overlay-gradient":""},"mobile":{"background-color":"var(--ast-global-color-5)","background-image":"","background-repeat":"repeat","background-position":"center center","background-size":"auto","background-attachment":"scroll","background-type":"","background-media":"","overlay-type":"","overlay-color":"","overlay-opacity":"","overlay-gradient":""}},"_jetpack_newsletter_access":"","_jetpack_dont_email_post_to_subs":false,"_jetpack_newsletter_tier_id":0,"_jetpack_memberships_contains_paywalled_content":false,"_jetpack_memberships_contains_paid_content":false,"footnotes":""},"categories":[1],"tags":[],"class_list":["post-1624","post","type-post","status-publish","format-standard","has-post-thumbnail","hentry","category-blog"],"jetpack_featured_media_url":"https:\/\/barodeviver.cat\/wp-content\/uploads\/2017\/05\/IMG_4087-1024x681.jpg","uagb_featured_image_src":{"full":["https:\/\/barodeviver.cat\/wp-content\/uploads\/2017\/05\/IMG_4087-1024x681.jpg",1024,681,false],"thumbnail":["https:\/\/barodeviver.cat\/wp-content\/uploads\/2017\/05\/IMG_4087-1024x681-150x150.jpg",150,150,true],"medium":["https:\/\/barodeviver.cat\/wp-content\/uploads\/2017\/05\/IMG_4087-1024x681-300x200.jpg",300,200,true],"medium_large":["https:\/\/barodeviver.cat\/wp-content\/uploads\/2017\/05\/IMG_4087-1024x681-768x511.jpg",768,511,true],"large":["https:\/\/barodeviver.cat\/wp-content\/uploads\/2017\/05\/IMG_4087-1024x681-1024x681.jpg",1024,681,true],"1536x1536":["https:\/\/barodeviver.cat\/wp-content\/uploads\/2017\/05\/IMG_4087-1024x681.jpg",1024,681,false],"2048x2048":["https:\/\/barodeviver.cat\/wp-content\/uploads\/2017\/05\/IMG_4087-1024x681.jpg",1024,681,false]},"uagb_author_info":{"display_name":"Fem Bar\u00f3 de Viver","author_link":"https:\/\/barodeviver.cat\/author\/admin"},"uagb_comment_info":0,"uagb_excerpt":"Divendres 26 de Maig de 2017 Lloc: Pla\u00e7a Bar\u00f3 de Viver (davant del Centre C\u00edvic de Bar\u00f3 de Viver) Desenes d&#8217;infants es donaran cita a partir de les 9:30 a la pla\u00e7a Bar\u00f3 de Viver per participar en els tallers i demostrar les habilitats aconseguides en els darrers mesos gr\u00e0cies a aquest programa. El programa&hellip;","jetpack_sharing_enabled":true,"jetpack_shortlink":"https:\/\/wp.me\/p86b0a-qc","_links":{"self":[{"href":"https:\/\/barodeviver.cat\/index.php?rest_route=\/wp\/v2\/posts\/1624","targetHints":{"allow":["GET"]}}],"collection":[{"href":"https:\/\/barodeviver.cat\/index.php?rest_route=\/wp\/v2\/posts"}],"about":[{"href":"https:\/\/barodeviver.cat\/index.php?rest_route=\/wp\/v2\/types\/post"}],"author":[{"embeddable":true,"href":"https:\/\/barodeviver.cat\/index.php?rest_route=\/wp\/v2\/users\/1"}],"replies":[{"embeddable":true,"href":"https:\/\/barodeviver.cat\/index.php?rest_route=%2Fwp%2Fv2%2Fcomments&post=1624"}],"version-history":[{"count":2,"href":"https:\/\/barodeviver.cat\/index.php?rest_route=\/wp\/v2\/posts\/1624\/revisions"}],"predecessor-version":[{"id":1629,"href":"https:\/\/barodeviver.cat\/index.php?rest_route=\/wp\/v2\/posts\/1624\/revisions\/1629"}],"wp:featuredmedia":[{"embeddable":true,"href":"https:\/\/barodeviver.cat\/index.php?rest_route=\/wp\/v2\/media\/1625"}],"wp:attachment":[{"href":"https:\/\/barodeviver.cat\/index.php?rest_route=%2Fwp%2Fv2%2Fmedia&parent=1624"}],"wp:term":[{"taxonomy":"category","embeddable":true,"href":"https:\/\/barodeviver.cat\/index.php?rest_route=%2Fwp%2Fv2%2Fcategories&post=1624"},{"taxonomy":"post_tag","embeddable":true,"href":"https:\/\/barodeviver.cat\/index.php?rest_route=%2Fwp%2Fv2%2Ftags&post=1624"}],"curies":[{"name":"wp","href":"https:\/\/api.w.org\/{rel}","templated":true}]}}