{"id":1627,"date":"2017-05-23T15:28:31","date_gmt":"2017-05-23T14:28:31","guid":{"rendered":"https:\/\/barodeviver.cat\/?p=1627"},"modified":"2017-05-23T15:28:31","modified_gmt":"2017-05-23T14:28:31","slug":"el-barri-de-baro-de-viver-recuperara-el-camp-de-futbol-municipal-despres-de-tres-decades-noticia-publicada-21052017-a-la-web-del-ajuntament-de-barcelona","status":"publish","type":"post","link":"https:\/\/barodeviver.cat\/?p=1627","title":{"rendered":"El barri de Bar\u00f3 de Viver recuperar\u00e0 el camp de futbol municipal despr\u00e9s de tres d\u00e8cades. Noticia publicada 21\/05\/2017 a la web del Ajuntament de Barcelona."},"content":{"rendered":"<p><strong><span class=\"entry-title2\">El barri de Bar\u00f3 de Viver recuperar\u00e0 el camp de futbol municipal despr\u00e9s de tres d\u00e8cades<\/span><\/strong><\/p>\n<div class=\"entry-content\">\n<p>L\u2019equipament ha estat llargament reivindicat pel ve\u00efnat al llarg de les darreres d\u00e8cades<\/p>\n<p>Aquesta actuaci\u00f3 s\u2019emmarca en un dels projectes motor del Pla de Barris de Bon Pastor i Bar\u00f3 de Viver, que t\u00e9 la creaci\u00f3 de nous equipaments esportius i la promoci\u00f3 de l\u2019esport base com a eines d\u2019integraci\u00f3<\/p>\n<p>El Barri de Bar\u00f3 de Viver, al districte de Sant Andreu, recuperar\u00e0 el camp de futbol municipal despr\u00e9s de tres d\u00e8cades de reivindicacions per part dels ve\u00efns. Aquest mes de maig comen\u00e7aran els tr\u00e0mits per fer realitat aquest equipament esportiu que es preveu que estigui enllestit a la primavera de 2019.<\/p>\n<p>El barri de Bar\u00f3 de Viver comptava amb un camp de futbol municipal fins l\u2019any 1985. Aquell any va comen\u00e7ar l\u2019enderrocament de les cases barates del barri i la construcci\u00f3 dels blocs de pisos on van ser reallotjats els inquilins. La remodelaci\u00f3 completa del barri va comportar tamb\u00e9 la desaparici\u00f3 del camp de futbol. Des de llavors, els ve\u00efns i ve\u00efnes no han deixat de demanar la recuperaci\u00f3 d\u2019aquest equipament esportiu.<\/p>\n<p>El projecte neix amb dos objectius. D\u2019una banda, donar resposta a les reclamacions dels ve\u00efns i ve\u00efnes, i de l\u2019altra, millorar la connexi\u00f3 del barri amb la resta de la ciutat, teixint una trama urbana amb la zona de La Maquinista, i generant un nou espai de relaci\u00f3 social a la cantonada m\u00e9s propera a la part residencial del barri, per tal de fomentar la interrelaci\u00f3 amb la resta d\u2019equipaments de la zona, tant educatius com culturals.<\/p>\n<p>El camp estar\u00e0 ubicat a la conflu\u00e8ncia dels carrers Tucum\u00e1n i Ciutat d\u2019Asunci\u00f3n, un terrenys que no es troben urbanitzats i que actualment ocupa un dip\u00f2sit de vehicles de B:SM, que haur\u00e0 de ser reubicat. L\u2019acc\u00e9s a la instal\u2022laci\u00f3 es far\u00e0 per la intersecci\u00f3 dels dos carrers.<\/p>\n<p>El nou camp de futbol de Bar\u00f3 de Viver ser\u00e0 un camp b\u00e0sic poliesportiu de gespa artificial, de 105 metres de llarg per 63 metres d\u2019amplada, amb marcatges de 100x60m per al camp de futbol, un camp de 91,4\u00d755 per a hoquei i dos camps travessers de 60x30m per a futbol7, amb un aforament aproximat per a 200 espectadors.<\/p>\n<p>L\u2019equipament estar\u00e0 dotat d\u2019espais esportius i complementaris, amb tres vestidors de grups amb serveis i dutxes, un vestidor d\u2019\u00e0rbitres, infermeria, despatxos, magatzems, espais t\u00e8cnics i un espai social a l\u2019acc\u00e9s, amb serveis per al p\u00fablic.<\/p>\n<p><b>Un projecte del Pla de Barris de Bon Pastor i Bar\u00f3 de Viver<\/b><\/p>\n<p>En aquests moments, s\u2019han dut a terme els estudis previs, i al mes de maig \u00e9s previst que es liciti la redacci\u00f3 de l\u2019avantprojecte del camp de futbol, aix\u00ed com la possible adjudicaci\u00f3 de la redacci\u00f3 del projecte b\u00e0sic. Es preveu que l\u2019obra comenci durant el tercer trimestre de 2018, per tal de tenir-la acabada a la primavera seg\u00fcent. Aquesta actuaci\u00f3 es finan\u00e7ar\u00e0 amb inversi\u00f3 procedent del Pla de Barris, amb un cost aproximat de 2 milions d\u2019euros. La creaci\u00f3 de nous equipaments esportius i la promoci\u00f3 de l\u2019esport base com a eines d\u2019integraci\u00f3 formen part d\u2019un dels projectes motor del Pla de Barris de Bon Pastor i Bar\u00f3 de Viver.<\/p>\n<\/div>\n<p>M\u00e9s informaci\u00f3 a:<\/p>\n<p><a href=\"http:\/\/ajuntament.barcelona.cat\/premsa\/2017\/05\/21\/el-barri-de-baro-de-viver-recuperara-el-camp-de-futbol-municipal-despres-de-tres-decades\/\" target=\"_blank\" rel=\"noopener noreferrer\">http:\/\/ajuntament.barcelona.cat\/premsa\/2017\/05\/21\/el-barri-de-baro-de-viver-recuperara-el-camp-de-futbol-municipal-despres-de-tres-decades\/<\/a><\/p>\n","protected":false},"excerpt":{"rendered":"<p>El barri de Bar\u00f3 de Viver recuperar\u00e0 el camp de futbol municipal despr\u00e9s de tres d\u00e8cades L\u2019equipament ha estat llargament reivindicat pel ve\u00efnat al llarg de les darreres d\u00e8cades Aquesta actuaci\u00f3 s\u2019emmarca en un dels projectes motor del Pla de Barris de Bon Pastor i Bar\u00f3 de Viver, que t\u00e9 la creaci\u00f3 de nous equipaments [&hellip;]<\/p>\n","protected":false},"author":1,"featured_media":1630,"comment_status":"closed","ping_status":"open","sticky":false,"template":"","format":"standard","meta":{"_uag_custom_page_level_css":"","site-sidebar-layout":"default","site-content-layout":"","ast-site-content-layout":"","site-content-style":"default","site-sidebar-style":"default","ast-global-header-display":"","ast-banner-title-visibility":"","ast-main-header-display":"","ast-hfb-above-header-display":"","ast-hfb-below-header-display":"","ast-hfb-mobile-header-display":"","site-post-title":"","ast-breadcrumbs-content":"","ast-featured-img":"","footer-sml-layout":"","theme-transparent-header-meta":"","adv-header-id-meta":"","stick-header-meta":"","header-above-stick-meta":"","header-main-stick-meta":"","header-below-stick-meta":"","astra-migrate-meta-layouts":"default","ast-page-background-enabled":"default","ast-page-background-meta":{"desktop":{"background-color":"var(--ast-global-color-4)","background-image":"","background-repeat":"repeat","background-position":"center center","background-size":"auto","background-attachment":"scroll","background-type":"","background-media":"","overlay-type":"","overlay-color":"","overlay-opacity":"","overlay-gradient":""},"tablet":{"background-color":"","background-image":"","background-repeat":"repeat","background-position":"center center","background-size":"auto","background-attachment":"scroll","background-type":"","background-media":"","overlay-type":"","overlay-color":"","overlay-opacity":"","overlay-gradient":""},"mobile":{"background-color":"","background-image":"","background-repeat":"repeat","background-position":"center center","background-size":"auto","background-attachment":"scroll","background-type":"","background-media":"","overlay-type":"","overlay-color":"","overlay-opacity":"","overlay-gradient":""}},"ast-content-background-meta":{"desktop":{"background-color":"var(--ast-global-color-5)","background-image":"","background-repeat":"repeat","background-position":"center center","background-size":"auto","background-attachment":"scroll","background-type":"","background-media":"","overlay-type":"","overlay-color":"","overlay-opacity":"","overlay-gradient":""},"tablet":{"background-color":"var(--ast-global-color-5)","background-image":"","background-repeat":"repeat","background-position":"center center","background-size":"auto","background-attachment":"scroll","background-type":"","background-media":"","overlay-type":"","overlay-color":"","overlay-opacity":"","overlay-gradient":""},"mobile":{"background-color":"var(--ast-global-color-5)","background-image":"","background-repeat":"repeat","background-position":"center center","background-size":"auto","background-attachment":"scroll","background-type":"","background-media":"","overlay-type":"","overlay-color":"","overlay-opacity":"","overlay-gradient":""}},"_jetpack_newsletter_access":"","_jetpack_dont_email_post_to_subs":false,"_jetpack_newsletter_tier_id":0,"_jetpack_memberships_contains_paywalled_content":false,"_jetpack_memberships_contains_paid_content":false,"footnotes":""},"categories":[1],"tags":[],"class_list":["post-1627","post","type-post","status-publish","format-standard","has-post-thumbnail","hentry","category-blog"],"jetpack_featured_media_url":"https:\/\/barodeviver.cat\/wp-content\/uploads\/2017\/05\/IMG_20170522_185444.jpg","uagb_featured_image_src":{"full":["https:\/\/barodeviver.cat\/wp-content\/uploads\/2017\/05\/IMG_20170522_185444.jpg",4160,3120,false],"thumbnail":["https:\/\/barodeviver.cat\/wp-content\/uploads\/2017\/05\/IMG_20170522_185444-150x150.jpg",150,150,true],"medium":["https:\/\/barodeviver.cat\/wp-content\/uploads\/2017\/05\/IMG_20170522_185444-300x225.jpg",300,225,true],"medium_large":["https:\/\/barodeviver.cat\/wp-content\/uploads\/2017\/05\/IMG_20170522_185444-768x576.jpg",768,576,true],"large":["https:\/\/barodeviver.cat\/wp-content\/uploads\/2017\/05\/IMG_20170522_185444-1024x768.jpg",1024,768,true],"1536x1536":["https:\/\/barodeviver.cat\/wp-content\/uploads\/2017\/05\/IMG_20170522_185444.jpg",1536,1152,false],"2048x2048":["https:\/\/barodeviver.cat\/wp-content\/uploads\/2017\/05\/IMG_20170522_185444.jpg",2048,1536,false]},"uagb_author_info":{"display_name":"Fem Bar\u00f3 de Viver","author_link":"https:\/\/barodeviver.cat\/author\/admin"},"uagb_comment_info":0,"uagb_excerpt":"El barri de Bar\u00f3 de Viver recuperar\u00e0 el camp de futbol municipal despr\u00e9s de tres d\u00e8cades L\u2019equipament ha estat llargament reivindicat pel ve\u00efnat al llarg de les darreres d\u00e8cades Aquesta actuaci\u00f3 s\u2019emmarca en un dels projectes motor del Pla de Barris de Bon Pastor i Bar\u00f3 de Viver, que t\u00e9 la creaci\u00f3 de nous equipaments&hellip;","jetpack_sharing_enabled":true,"jetpack_shortlink":"https:\/\/wp.me\/p86b0a-qf","_links":{"self":[{"href":"https:\/\/barodeviver.cat\/index.php?rest_route=\/wp\/v2\/posts\/1627","targetHints":{"allow":["GET"]}}],"collection":[{"href":"https:\/\/barodeviver.cat\/index.php?rest_route=\/wp\/v2\/posts"}],"about":[{"href":"https:\/\/barodeviver.cat\/index.php?rest_route=\/wp\/v2\/types\/post"}],"author":[{"embeddable":true,"href":"https:\/\/barodeviver.cat\/index.php?rest_route=\/wp\/v2\/users\/1"}],"replies":[{"embeddable":true,"href":"https:\/\/barodeviver.cat\/index.php?rest_route=%2Fwp%2Fv2%2Fcomments&post=1627"}],"version-history":[{"count":1,"href":"https:\/\/barodeviver.cat\/index.php?rest_route=\/wp\/v2\/posts\/1627\/revisions"}],"predecessor-version":[{"id":1628,"href":"https:\/\/barodeviver.cat\/index.php?rest_route=\/wp\/v2\/posts\/1627\/revisions\/1628"}],"wp:featuredmedia":[{"embeddable":true,"href":"https:\/\/barodeviver.cat\/index.php?rest_route=\/wp\/v2\/media\/1630"}],"wp:attachment":[{"href":"https:\/\/barodeviver.cat\/index.php?rest_route=%2Fwp%2Fv2%2Fmedia&parent=1627"}],"wp:term":[{"taxonomy":"category","embeddable":true,"href":"https:\/\/barodeviver.cat\/index.php?rest_route=%2Fwp%2Fv2%2Fcategories&post=1627"},{"taxonomy":"post_tag","embeddable":true,"href":"https:\/\/barodeviver.cat\/index.php?rest_route=%2Fwp%2Fv2%2Ftags&post=1627"}],"curies":[{"name":"wp","href":"https:\/\/api.w.org\/{rel}","templated":true}]}}