{"id":1647,"date":"2017-06-13T17:43:44","date_gmt":"2017-06-13T16:43:44","guid":{"rendered":"https:\/\/barodeviver.cat\/?p=1647"},"modified":"2017-06-13T17:43:44","modified_gmt":"2017-06-13T16:43:44","slug":"comenca-la-festa-major-a-baro-de-viver","status":"publish","type":"post","link":"https:\/\/barodeviver.cat\/?p=1647","title":{"rendered":"COMEN\u00c7A LA FESTA MAJOR A BAR\u00d3 DE VIVER!!!"},"content":{"rendered":"<div><\/div>\n<div>\n<div>Un any m\u00e9s&#8230;FESTA MAJOR A BAR\u00d3 DE VIVER!!!<\/div>\n<div><\/div>\n<div>Aquest dimecres\u00a0a partir de les 17.30 hores davant del centre c\u00edvic comen\u00e7a la festa Major de Bar\u00f3 de Viver 2017.<\/div>\n<div><\/div>\n<div>Aquest any la Festa Major 2017 ha estat promoguda i organitzada per la nova comissi\u00f3 de festes amb un grup de ve\u00efns i ve\u00efnes del barri els quals, a t\u00edtol personal o com a entitat, han volgut posar el seu temps, les seves idees i el seu entusiasme a disposici\u00f3 d&#8217;una feina col\u00b7lectiva, el fruit de la qual esperem gaudir entre tots i totes.<\/div>\n<\/div>\n<div><\/div>\n<div><img loading=\"lazy\" decoding=\"async\" class=\"aligncenter size-large wp-image-1648\" src=\"https:\/\/barodeviver.cat\/wp-content\/uploads\/2017\/06\/Dimecres-14-1024x422.jpg\" alt=\"\" width=\"730\" height=\"301\" srcset=\"https:\/\/barodeviver.cat\/wp-content\/uploads\/2017\/06\/Dimecres-14-1024x422.jpg 1024w, https:\/\/barodeviver.cat\/wp-content\/uploads\/2017\/06\/Dimecres-14-300x124.jpg 300w, https:\/\/barodeviver.cat\/wp-content\/uploads\/2017\/06\/Dimecres-14-768x316.jpg 768w, https:\/\/barodeviver.cat\/wp-content\/uploads\/2017\/06\/Dimecres-14-730x301.jpg 730w, https:\/\/barodeviver.cat\/wp-content\/uploads\/2017\/06\/Dimecres-14-1070x441.jpg 1070w, https:\/\/barodeviver.cat\/wp-content\/uploads\/2017\/06\/Dimecres-14.jpg 1495w\" sizes=\"auto, (max-width: 730px) 100vw, 730px\" \/><\/div>\n","protected":false},"excerpt":{"rendered":"<p>Un any m\u00e9s&#8230;FESTA MAJOR A BAR\u00d3 DE VIVER!!! Aquest dimecres\u00a0a partir de les 17.30 hores davant del centre c\u00edvic comen\u00e7a la festa Major de Bar\u00f3 de Viver 2017. Aquest any la Festa Major 2017 ha estat promoguda i organitzada per la nova comissi\u00f3 de festes amb un grup de ve\u00efns i ve\u00efnes del barri els [&hellip;]<\/p>\n","protected":false},"author":1,"featured_media":1640,"comment_status":"closed","ping_status":"open","sticky":false,"template":"","format":"standard","meta":{"_uag_custom_page_level_css":"","site-sidebar-layout":"default","site-content-layout":"","ast-site-content-layout":"","site-content-style":"default","site-sidebar-style":"default","ast-global-header-display":"","ast-banner-title-visibility":"","ast-main-header-display":"","ast-hfb-above-header-display":"","ast-hfb-below-header-display":"","ast-hfb-mobile-header-display":"","site-post-title":"","ast-breadcrumbs-content":"","ast-featured-img":"","footer-sml-layout":"","theme-transparent-header-meta":"","adv-header-id-meta":"","stick-header-meta":"","header-above-stick-meta":"","header-main-stick-meta":"","header-below-stick-meta":"","astra-migrate-meta-layouts":"default","ast-page-background-enabled":"default","ast-page-background-meta":{"desktop":{"background-color":"var(--ast-global-color-4)","background-image":"","background-repeat":"repeat","background-position":"center center","background-size":"auto","background-attachment":"scroll","background-type":"","background-media":"","overlay-type":"","overlay-color":"","overlay-opacity":"","overlay-gradient":""},"tablet":{"background-color":"","background-image":"","background-repeat":"repeat","background-position":"center center","background-size":"auto","background-attachment":"scroll","background-type":"","background-media":"","overlay-type":"","overlay-color":"","overlay-opacity":"","overlay-gradient":""},"mobile":{"background-color":"","background-image":"","background-repeat":"repeat","background-position":"center center","background-size":"auto","background-attachment":"scroll","background-type":"","background-media":"","overlay-type":"","overlay-color":"","overlay-opacity":"","overlay-gradient":""}},"ast-content-background-meta":{"desktop":{"background-color":"var(--ast-global-color-5)","background-image":"","background-repeat":"repeat","background-position":"center center","background-size":"auto","background-attachment":"scroll","background-type":"","background-media":"","overlay-type":"","overlay-color":"","overlay-opacity":"","overlay-gradient":""},"tablet":{"background-color":"var(--ast-global-color-5)","background-image":"","background-repeat":"repeat","background-position":"center center","background-size":"auto","background-attachment":"scroll","background-type":"","background-media":"","overlay-type":"","overlay-color":"","overlay-opacity":"","overlay-gradient":""},"mobile":{"background-color":"var(--ast-global-color-5)","background-image":"","background-repeat":"repeat","background-position":"center center","background-size":"auto","background-attachment":"scroll","background-type":"","background-media":"","overlay-type":"","overlay-color":"","overlay-opacity":"","overlay-gradient":""}},"_jetpack_newsletter_access":"","_jetpack_dont_email_post_to_subs":false,"_jetpack_newsletter_tier_id":0,"_jetpack_memberships_contains_paywalled_content":false,"_jetpack_memberships_contains_paid_content":false,"footnotes":""},"categories":[1],"tags":[],"class_list":["post-1647","post","type-post","status-publish","format-standard","has-post-thumbnail","hentry","category-blog"],"jetpack_featured_media_url":"https:\/\/barodeviver.cat\/wp-content\/uploads\/2017\/06\/Cartell-festes-2017-A4.jpg","uagb_featured_image_src":{"full":["https:\/\/barodeviver.cat\/wp-content\/uploads\/2017\/06\/Cartell-festes-2017-A4.jpg",827,1169,false],"thumbnail":["https:\/\/barodeviver.cat\/wp-content\/uploads\/2017\/06\/Cartell-festes-2017-A4-150x150.jpg",150,150,true],"medium":["https:\/\/barodeviver.cat\/wp-content\/uploads\/2017\/06\/Cartell-festes-2017-A4-212x300.jpg",212,300,true],"medium_large":["https:\/\/barodeviver.cat\/wp-content\/uploads\/2017\/06\/Cartell-festes-2017-A4-768x1086.jpg",768,1086,true],"large":["https:\/\/barodeviver.cat\/wp-content\/uploads\/2017\/06\/Cartell-festes-2017-A4-724x1024.jpg",724,1024,true],"1536x1536":["https:\/\/barodeviver.cat\/wp-content\/uploads\/2017\/06\/Cartell-festes-2017-A4.jpg",827,1169,false],"2048x2048":["https:\/\/barodeviver.cat\/wp-content\/uploads\/2017\/06\/Cartell-festes-2017-A4.jpg",827,1169,false]},"uagb_author_info":{"display_name":"Fem Bar\u00f3 de Viver","author_link":"https:\/\/barodeviver.cat\/author\/admin"},"uagb_comment_info":0,"uagb_excerpt":"Un any m\u00e9s&#8230;FESTA MAJOR A BAR\u00d3 DE VIVER!!! Aquest dimecres\u00a0a partir de les 17.30 hores davant del centre c\u00edvic comen\u00e7a la festa Major de Bar\u00f3 de Viver 2017. Aquest any la Festa Major 2017 ha estat promoguda i organitzada per la nova comissi\u00f3 de festes amb un grup de ve\u00efns i ve\u00efnes del barri els&hellip;","jetpack_sharing_enabled":true,"jetpack_shortlink":"https:\/\/wp.me\/p86b0a-qz","_links":{"self":[{"href":"https:\/\/barodeviver.cat\/index.php?rest_route=\/wp\/v2\/posts\/1647","targetHints":{"allow":["GET"]}}],"collection":[{"href":"https:\/\/barodeviver.cat\/index.php?rest_route=\/wp\/v2\/posts"}],"about":[{"href":"https:\/\/barodeviver.cat\/index.php?rest_route=\/wp\/v2\/types\/post"}],"author":[{"embeddable":true,"href":"https:\/\/barodeviver.cat\/index.php?rest_route=\/wp\/v2\/users\/1"}],"replies":[{"embeddable":true,"href":"https:\/\/barodeviver.cat\/index.php?rest_route=%2Fwp%2Fv2%2Fcomments&post=1647"}],"version-history":[{"count":1,"href":"https:\/\/barodeviver.cat\/index.php?rest_route=\/wp\/v2\/posts\/1647\/revisions"}],"predecessor-version":[{"id":1649,"href":"https:\/\/barodeviver.cat\/index.php?rest_route=\/wp\/v2\/posts\/1647\/revisions\/1649"}],"wp:featuredmedia":[{"embeddable":true,"href":"https:\/\/barodeviver.cat\/index.php?rest_route=\/wp\/v2\/media\/1640"}],"wp:attachment":[{"href":"https:\/\/barodeviver.cat\/index.php?rest_route=%2Fwp%2Fv2%2Fmedia&parent=1647"}],"wp:term":[{"taxonomy":"category","embeddable":true,"href":"https:\/\/barodeviver.cat\/index.php?rest_route=%2Fwp%2Fv2%2Fcategories&post=1647"},{"taxonomy":"post_tag","embeddable":true,"href":"https:\/\/barodeviver.cat\/index.php?rest_route=%2Fwp%2Fv2%2Ftags&post=1647"}],"curies":[{"name":"wp","href":"https:\/\/api.w.org\/{rel}","templated":true}]}}