{"id":1669,"date":"2017-09-07T14:42:43","date_gmt":"2017-09-07T13:42:43","guid":{"rendered":"https:\/\/barodeviver.cat\/?p=1669"},"modified":"2017-09-07T14:42:43","modified_gmt":"2017-09-07T13:42:43","slug":"barcelona-posa-en-marxa-un-projecte-pilot-al-besos-amb-la-ue-oer-crear-una-renda-municipal-dinclusio-noticia-publicada-a-la-web-del-ajuntament-de-barcelona","status":"publish","type":"post","link":"https:\/\/barodeviver.cat\/?p=1669","title":{"rendered":"BARCELONA POSA EN MARXA UN PROJECTE PILOT AL BES\u00d2S AMB LA UE OER CREAR UNA RENDA MUNICIPAL D&#8217;INCLUSI\u00d3. noticia publicada a la web del Ajuntament de Barcelona."},"content":{"rendered":"<p><strong><span class=\"entry-title2\">BARCELONA POSA EN MARXA UN PROJECTE PILOT AL BES\u00d2S AMB LA UE OER CREAR UNA RENDA MUNICIPAL D&#8217;INCLUSI\u00d3<\/span><\/strong><\/p>\n<div class=\"entry-content\">\n<p><strong>El projecte B-Mincome analitzar\u00e0 durant dos anys quina \u00e9s la manera m\u00e9s efica\u00e7 per reduir desigualtats i evitar la reproducci\u00f3 de la pobresa<\/strong><\/p>\n<p><strong>La prova pilot compta amb un pressupost estimat de 13 milions d\u2019euros, dels quals 4,85 milions els aporta la Uni\u00f3 Europea<\/strong><\/p>\n<p><strong>Barcelona se situa juntament amb Utrecht, Ont\u00e0rio i Finl\u00e0ndia a l\u2019avantguarda internacional en l\u2019estudi de l\u2019efic\u00e0cia d\u2019atorgar rendes d\u2019inclusi\u00f3<\/strong><\/p>\n<p><strong>Els treballs previs han perm\u00e8s detallar les zones priorit\u00e0ries d\u2019inversi\u00f3 i, per primer cop, que una Administraci\u00f3 conegui totes les rendes dels seus contribuents<\/strong><\/p>\n<p>L\u2019Ajuntament de Barcelona ha finalitzat tots els estudis i treballs previs per al disseny del projecte B-MINCOME, una iniciativa europea de lluita contra la pobresa i la desigualtat social impulsada a trav\u00e9s de l\u2019Urban Innovative Actions (UIA). Durant les properes setmanes s\u2019iniciar\u00e0 la concessi\u00f3 dels ajuts que hi van associats. L\u2019objectiu \u00faltim del projecte \u00e9s estudiar com es pot garantir que totes les persones residents a la ciutat disposin d\u2019uns ingressos m\u00ednims per tenir una vida digna, i parteix de la certesa que l\u2019actual sistema d\u2019ajudes \u00e9s insuficient i molt complex per assolir aquest objectiu. De fet, l\u2019aprovaci\u00f3 per part del Parlament de Catalunya d\u2019una Renda Garantida de Ciutadania \u00e9s un aven\u00e7 en la mateixa direcci\u00f3 de l\u2019anomenat provisionalment Suport Municipal d\u2019Inclusi\u00f3 Compactat (SMIC). A m\u00e9s a m\u00e9s, el B-MINCOME \u00e9s el resultat del premi que l\u2019octubre passat la Uni\u00f3 Europea va concedir a Barcelona per posar en marxa aquesta renda municipal d\u2019inclusi\u00f3.<\/p>\n<p>Durant els propers dos anys, un total de 1.000 llars dels barris que conformen l\u2019Eix Bes\u00f2s rebran una ajuda econ\u00f2mica que, combinada amb diferents pol\u00edtiques p\u00fabliques actives sociolaborals, estudiar\u00e0 cient\u00edficament quina \u00e9s la manera m\u00e9s efica\u00e7 d\u2019atorgar-se. La intenci\u00f3 d\u2019aquestes prestacions no \u00e9s nom\u00e9s que es redueixin les desigualtats, sin\u00f3 tamb\u00e9 apoderar els seus receptors, aconseguir tallar la transmissi\u00f3 de la pobresa de pares a fills i assegurar la igualtat d\u2019oportunitats reals. Aix\u00f2 \u00e9s vol aconseguir amb una reducci\u00f3 de la burocr\u00e0cia i la compactaci\u00f3 m\u00e9s alta possible dels programes d\u2019ajuts, despr\u00e9s que els treballs previs hagin constatat que actualment les diverses administracions supramunicipals atorguen fins a 68 ajudes monet\u00e0ries diferents i 73 prestacions en esp\u00e8cie, a banda de les que concedeix el propi Ajuntament i les entitats del tercer sector. El projecte B-MINCOME compta amb un finan\u00e7ament estimat de 13 milions d\u2019euros, dels quals 4,85 milions els aporta directament la Uni\u00f3 Europea.<\/p>\n<p>Tot i que l\u2019actual Govern Municipal ja ha duplicat els esfor\u00e7os per arribar a totes les fam\u00edlies amb fills menors a c\u00e0rrec que ho necessitin (els ajuts 0-16 van suposar l\u2019atorgament directe de 22 milions d\u2019euros l\u2019any 2016 a prop de 20.000 menors de la ciutat), la intenci\u00f3 del B-MINCOME \u00e9s anar m\u00e9s enll\u00e0. El seu disseny, molt innovador des del punt de vista social, vol recollir la voluntat expressada tant pels mateixos treballadors socials municipals en els treball de l\u2019Impulsem! com per totes les entitats que participen en el Acord Ciutad\u00e0 per a una Barcelona Inclusiva. Tots els estudis previs fets per l\u2019\u00c0rea de Drets Socials han servit per afinar un disseny profundament innovador, perqu\u00e8 engloba diferents aspectes que fins ara no s\u2019havien posat sobre la taula a Barcelona. De fet, les 1.000 llars benefici\u00e0ries seran escollides mitjan\u00e7ant un sistema aleatori estratificat i es disposar\u00e0 d\u2019un nombre similar de llars que actuaran com a grup de control. La selecci\u00f3 es far\u00e0 entre usuaris dels centres de serveis socials, del Servei d\u2019Inclusi\u00f3 Social (SIS), receptors del fons 0-16 o b\u00e9 participants del programa L\u00e0bora.<\/p>\n<p>\u201cNo volem nom\u00e9s donar suports monetaris. Volem anar molt m\u00e9s enll\u00e0, fer les coses millor, ser m\u00e9s efica\u00e7os i generar coneixement que vagi m\u00e9s enll\u00e0 de Barcelona\u201d, ha assegurat la tinenta d\u2019alcaldia de Drets Socials, Laia Ortiz. Ortiz, que ha estat acompanyada durant la roda de premsa del director de Planificaci\u00f3 i Innovaci\u00f3 de l\u2019\u00c0rea de Drets Socials, Llu\u00eds Torrens, i del director d\u2019Iv\u00e0lua, Marc Balaguer, ha recordat tamb\u00e9 que el projecte cofinan\u00e7at amb Europa va ser escollit entre gaireb\u00e9 400 iniciatives que van presentar les ciutats europees, i ha recordat tamb\u00e9 que tot plegat ser\u00e0 supervisat per un consell assessor amb pres\u00e8ncia de diversos grups de recerca, entitats socials i representants de la resta de grups municipals.<\/p>\n<p><b>Condicions per participar<\/b><\/p>\n<p>Entre les condicions pr\u00e8vies necess\u00e0ries per accedir al programa, m\u00e9s enll\u00e0 de viure en un dels 10 barris que conformen l\u2019Eix Bes\u00f2s, hi ha portar com a m\u00ednim dos anys empadronat a Barcelona. A m\u00e9s a m\u00e9s, cal que almenys una de les persones de la llar benefici\u00e0ria tingui entre 25 i 60 anys, perqu\u00e8 un dels objectius del B-MINCOME es avaluar la import\u00e0ncia dels incentius externs per accedir al mercat de treball. El m\u00ednim vital imprescindible per viure a la ciutat s\u2019estima entre els 400 i els 525 euros mensuals (exclosa la despesa en habitatge), i s\u2019hi afegiran percentatges addicionals per a la resta d\u2019adults adolescents i infants a la llar, tot i que els receptors tamb\u00e9 poden ser persones que viuen soles.<\/p>\n<p>Per tal de dur a terme l\u2019estudi, les 1.000 llars es dividiran en grups que rebran els ajuts seguint criteris diferents, ja sigui amb limitacions o sense, o b\u00e9 amb condicionalitat o sense. En cas d\u2019existir limitacions, les prestacions es reduiran en la mateixa quantitat en qu\u00e8 la llar obtingui ingressos addicionals, mentre que la condicionalitat fa refer\u00e8ncia a l\u2019obligatorietat o no d\u2019haver de participar en activitats d\u2019integraci\u00f3 sociolaboral supervisades de manera activa per treballadors socials. En qualsevol cas, aquest suport econ\u00f2mic es combinar\u00e0 amb la recepci\u00f3 de quatre tipus de pol\u00edtiques p\u00fabliques diferents, ja siguin volunt\u00e0ries o obligat\u00f2ries.<\/p>\n<p>\u2013 La participaci\u00f3 en Plans d\u2019Ocupaci\u00f3 Municipal coprodu\u00efts amb entitats del tercer sector arrelades als barris.<br \/>\n\u2013 Plans d\u2019emprenedoria social per impulsar projectes d\u2019ocupaci\u00f3.<br \/>\n\u2013 Suports a la rehabilitaci\u00f3 de pisos per impulsar nous programes de conviv\u00e8ncia i habitatge compartit.<br \/>\n\u2013 Col\u2022laboracions en activitats comunit\u00e0ries per impulsar la xarxa relacional.<\/p>\n<p>La implementaci\u00f3 de tot el programa consta d\u2019un cronograma de 24 mesos, a comptar a partir del setembre d\u2019aquest any. Els socis del projecte, m\u00e9s enll\u00e0 de la pr\u00f2pia Uni\u00f3 Europea i dels diferents serveis municipals (Barcelona Activa, els districtes i la direcci\u00f3 del Pla de Barris), s\u00f3n The Young Foundation, Fundaci\u00f3 Novact, Iv\u00e0lua, l\u2019IGOP de la Universitat Aut\u00f2noma de Barcelona (UAB) i la Universitat Polit\u00e8cnica de Catalunya (UPC). Aix\u00ed doncs, el programa suposar\u00e0 testar per primera vegada en un entorn real i de forma comparada diferents tipus de pol\u00edtiques actives i passives, de manera integrada i amb impacte al territori. A m\u00e9s a m\u00e9s, es dissenyar\u00e0 una aplicaci\u00f3 m\u00f2bil per donar suport a les interaccions dels serveis municipals i els receptors del suport, i disposar aix\u00ed d\u2019un m\u00e8tode \u00e0gil de seguiment i avaluaci\u00f3.<\/p>\n<p><b>Estudis previs<\/b><\/p>\n<p>La implementaci\u00f3 del B-MINCOME ha estat possible gr\u00e0cies a un extens treball previ d\u2019estudi i an\u00e0lisi. Per exemple, per primera vegada una administraci\u00f3 ha aconseguit dades de l\u2019Ag\u00e8ncia Tribut\u00e0ria a nivell de barri i secci\u00f3 censal per con\u00e8ixer les rendes de tots els seus contribuents, no nom\u00e9s dels que fan la declaraci\u00f3 anual. Aix\u00f2 ha perm\u00e8s estudiar amb un alt nivell de detall el nivell de renda i pobresa de la ciutat. Igualment, s\u2019ha tingut en compte l\u2019enquesta de condicions de vida dels usuaris dels centres de serveis socials, que tamb\u00e9 per primera vegada ha analitzat en detall les caracter\u00edstiques de m\u00e9s de 12.000 persones que reben atenci\u00f3 municipal.<\/p>\n<p><center><\/center><center><img decoding=\"async\" src=\"http:\/\/ajuntament.barcelona.cat\/premsa\/wp-content\/uploads\/2017\/05\/34622156800_3a94c23ec8_z.jpg\" \/><\/center><center><\/center>L\u2019Ajuntament tamb\u00e9 ha tingut en compte l\u2019informe sobre llindars econ\u00f2mics i privacions materials que va fer la Universitat Pompeu Fabra (UPF), l\u2019estudi europeu ImPROVE sobre el cost de la vida, una an\u00e0lisi de la mostra cont\u00ednua de vides laborals que t\u00e9 la Seguretat Social, i un treball sobre una mostra de declaracions de la renda de l\u2019Institut d\u2019Estudis Fiscals, a banda d\u2019altres estudis sobre la precarietat del treball o el cost de l\u2019habitatge a la ciutat.En aquest punt, cal tenir en compte que la renda que planteja Barcelona se situa en l\u2019avantguarda internacional d\u2019aquest tipus de programes. De fet, l\u2019Ajuntament mant\u00e9 una coordinaci\u00f3 oberta i comparteix informaci\u00f3 amb la ciutat d\u2019Utrecht (Pa\u00efsos Baixos), la regi\u00f3 canadenca d\u2019Ont\u00e0rio i Finl\u00e0ndia, on hi ha en marxa proves pilots similars per comprovar l\u2019efic\u00e0cia d\u2019atorgar aquest tipus de rendes d\u2019inclusi\u00f3.<\/p>\n<p>Mes informaci\u00f3 a:<\/p>\n<p><a href=\"http:\/\/ajuntament.barcelona.cat\/premsa\/2017\/05\/31\/barcelona-posa-en-marxa-un-projecte-pilot-al-besos-amb-la-ue-per-crear-una-renda-municipal-dinclusio\/\" target=\"_blank\" rel=\"noopener noreferrer\">http:\/\/ajuntament.barcelona.cat\/premsa\/2017\/05\/31\/barcelona-posa-en-marxa-un-projecte-pilot-al-besos-amb-la-ue-per-crear-una-renda-municipal-dinclusio\/<\/a><\/p>\n<p><a href=\"http:\/\/ajuntament.barcelona.cat\/bmincome\/\" target=\"_blank\" rel=\"noopener noreferrer\">http:\/\/ajuntament.barcelona.cat\/bmincome\/<\/a><\/p>\n<p><img loading=\"lazy\" decoding=\"async\" class=\"aligncenter size-large wp-image-1671\" src=\"https:\/\/barodeviver.cat\/wp-content\/uploads\/2017\/09\/IMG-20170904-WA0008-768x1024.jpg\" alt=\"\" width=\"730\" height=\"973\" srcset=\"https:\/\/barodeviver.cat\/wp-content\/uploads\/2017\/09\/IMG-20170904-WA0008-768x1024.jpg 768w, https:\/\/barodeviver.cat\/wp-content\/uploads\/2017\/09\/IMG-20170904-WA0008-225x300.jpg 225w, https:\/\/barodeviver.cat\/wp-content\/uploads\/2017\/09\/IMG-20170904-WA0008-730x973.jpg 730w, https:\/\/barodeviver.cat\/wp-content\/uploads\/2017\/09\/IMG-20170904-WA0008-1070x1427.jpg 1070w, https:\/\/barodeviver.cat\/wp-content\/uploads\/2017\/09\/IMG-20170904-WA0008.jpg 1200w\" sizes=\"auto, (max-width: 730px) 100vw, 730px\" \/><\/p>\n<\/div>\n","protected":false},"excerpt":{"rendered":"<p>BARCELONA POSA EN MARXA UN PROJECTE PILOT AL BES\u00d2S AMB LA UE OER CREAR UNA RENDA MUNICIPAL D&#8217;INCLUSI\u00d3 El projecte B-Mincome analitzar\u00e0 durant dos anys quina \u00e9s la manera m\u00e9s efica\u00e7 per reduir desigualtats i evitar la reproducci\u00f3 de la pobresa La prova pilot compta amb un pressupost estimat de 13 milions d\u2019euros, dels quals [&hellip;]<\/p>\n","protected":false},"author":1,"featured_media":1670,"comment_status":"closed","ping_status":"open","sticky":false,"template":"","format":"standard","meta":{"_uag_custom_page_level_css":"","site-sidebar-layout":"default","site-content-layout":"","ast-site-content-layout":"","site-content-style":"default","site-sidebar-style":"default","ast-global-header-display":"","ast-banner-title-visibility":"","ast-main-header-display":"","ast-hfb-above-header-display":"","ast-hfb-below-header-display":"","ast-hfb-mobile-header-display":"","site-post-title":"","ast-breadcrumbs-content":"","ast-featured-img":"","footer-sml-layout":"","theme-transparent-header-meta":"","adv-header-id-meta":"","stick-header-meta":"","header-above-stick-meta":"","header-main-stick-meta":"","header-below-stick-meta":"","astra-migrate-meta-layouts":"default","ast-page-background-enabled":"default","ast-page-background-meta":{"desktop":{"background-color":"var(--ast-global-color-4)","background-image":"","background-repeat":"repeat","background-position":"center center","background-size":"auto","background-attachment":"scroll","background-type":"","background-media":"","overlay-type":"","overlay-color":"","overlay-opacity":"","overlay-gradient":""},"tablet":{"background-color":"","background-image":"","background-repeat":"repeat","background-position":"center center","background-size":"auto","background-attachment":"scroll","background-type":"","background-media":"","overlay-type":"","overlay-color":"","overlay-opacity":"","overlay-gradient":""},"mobile":{"background-color":"","background-image":"","background-repeat":"repeat","background-position":"center center","background-size":"auto","background-attachment":"scroll","background-type":"","background-media":"","overlay-type":"","overlay-color":"","overlay-opacity":"","overlay-gradient":""}},"ast-content-background-meta":{"desktop":{"background-color":"var(--ast-global-color-5)","background-image":"","background-repeat":"repeat","background-position":"center center","background-size":"auto","background-attachment":"scroll","background-type":"","background-media":"","overlay-type":"","overlay-color":"","overlay-opacity":"","overlay-gradient":""},"tablet":{"background-color":"var(--ast-global-color-5)","background-image":"","background-repeat":"repeat","background-position":"center center","background-size":"auto","background-attachment":"scroll","background-type":"","background-media":"","overlay-type":"","overlay-color":"","overlay-opacity":"","overlay-gradient":""},"mobile":{"background-color":"var(--ast-global-color-5)","background-image":"","background-repeat":"repeat","background-position":"center center","background-size":"auto","background-attachment":"scroll","background-type":"","background-media":"","overlay-type":"","overlay-color":"","overlay-opacity":"","overlay-gradient":""}},"_jetpack_newsletter_access":"","_jetpack_dont_email_post_to_subs":false,"_jetpack_newsletter_tier_id":0,"_jetpack_memberships_contains_paywalled_content":false,"_jetpack_memberships_contains_paid_content":false,"footnotes":""},"categories":[1],"tags":[],"class_list":["post-1669","post","type-post","status-publish","format-standard","has-post-thumbnail","hentry","category-blog"],"jetpack_featured_media_url":"https:\/\/barodeviver.cat\/wp-content\/uploads\/2017\/09\/IMG-20170904-WA0009.jpg","uagb_featured_image_src":{"full":["https:\/\/barodeviver.cat\/wp-content\/uploads\/2017\/09\/IMG-20170904-WA0009.jpg",1200,1600,false],"thumbnail":["https:\/\/barodeviver.cat\/wp-content\/uploads\/2017\/09\/IMG-20170904-WA0009-150x150.jpg",150,150,true],"medium":["https:\/\/barodeviver.cat\/wp-content\/uploads\/2017\/09\/IMG-20170904-WA0009-225x300.jpg",225,300,true],"medium_large":["https:\/\/barodeviver.cat\/wp-content\/uploads\/2017\/09\/IMG-20170904-WA0009-768x1024.jpg",768,1024,true],"large":["https:\/\/barodeviver.cat\/wp-content\/uploads\/2017\/09\/IMG-20170904-WA0009-768x1024.jpg",768,1024,true],"1536x1536":["https:\/\/barodeviver.cat\/wp-content\/uploads\/2017\/09\/IMG-20170904-WA0009.jpg",1152,1536,false],"2048x2048":["https:\/\/barodeviver.cat\/wp-content\/uploads\/2017\/09\/IMG-20170904-WA0009.jpg",1200,1600,false]},"uagb_author_info":{"display_name":"Fem Bar\u00f3 de Viver","author_link":"https:\/\/barodeviver.cat\/author\/admin"},"uagb_comment_info":0,"uagb_excerpt":"BARCELONA POSA EN MARXA UN PROJECTE PILOT AL BES\u00d2S AMB LA UE OER CREAR UNA RENDA MUNICIPAL D&#8217;INCLUSI\u00d3 El projecte B-Mincome analitzar\u00e0 durant dos anys quina \u00e9s la manera m\u00e9s efica\u00e7 per reduir desigualtats i evitar la reproducci\u00f3 de la pobresa La prova pilot compta amb un pressupost estimat de 13 milions d\u2019euros, dels quals&hellip;","jetpack_sharing_enabled":true,"jetpack_shortlink":"https:\/\/wp.me\/p86b0a-qV","_links":{"self":[{"href":"https:\/\/barodeviver.cat\/index.php?rest_route=\/wp\/v2\/posts\/1669","targetHints":{"allow":["GET"]}}],"collection":[{"href":"https:\/\/barodeviver.cat\/index.php?rest_route=\/wp\/v2\/posts"}],"about":[{"href":"https:\/\/barodeviver.cat\/index.php?rest_route=\/wp\/v2\/types\/post"}],"author":[{"embeddable":true,"href":"https:\/\/barodeviver.cat\/index.php?rest_route=\/wp\/v2\/users\/1"}],"replies":[{"embeddable":true,"href":"https:\/\/barodeviver.cat\/index.php?rest_route=%2Fwp%2Fv2%2Fcomments&post=1669"}],"version-history":[{"count":1,"href":"https:\/\/barodeviver.cat\/index.php?rest_route=\/wp\/v2\/posts\/1669\/revisions"}],"predecessor-version":[{"id":1672,"href":"https:\/\/barodeviver.cat\/index.php?rest_route=\/wp\/v2\/posts\/1669\/revisions\/1672"}],"wp:featuredmedia":[{"embeddable":true,"href":"https:\/\/barodeviver.cat\/index.php?rest_route=\/wp\/v2\/media\/1670"}],"wp:attachment":[{"href":"https:\/\/barodeviver.cat\/index.php?rest_route=%2Fwp%2Fv2%2Fmedia&parent=1669"}],"wp:term":[{"taxonomy":"category","embeddable":true,"href":"https:\/\/barodeviver.cat\/index.php?rest_route=%2Fwp%2Fv2%2Fcategories&post=1669"},{"taxonomy":"post_tag","embeddable":true,"href":"https:\/\/barodeviver.cat\/index.php?rest_route=%2Fwp%2Fv2%2Ftags&post=1669"}],"curies":[{"name":"wp","href":"https:\/\/api.w.org\/{rel}","templated":true}]}}