{"id":1733,"date":"2017-12-21T20:43:50","date_gmt":"2017-12-21T19:43:50","guid":{"rendered":"https:\/\/barodeviver.cat\/?p=1733"},"modified":"2017-12-21T20:44:16","modified_gmt":"2017-12-21T19:44:16","slug":"estrategies-per-treballar-les-violencies-que-afecten-als-nostres-joves-per-sdj","status":"publish","type":"post","link":"https:\/\/barodeviver.cat\/?p=1733","title":{"rendered":"Estrat\u00e8gies per treballar les viol\u00e8ncies que afecten als nostres joves. Per SDJ"},"content":{"rendered":"<div class=\"post-title-container\">\n<h3 class=\"post-title entry-title\">Estrat\u00e8gies per treballar les viol\u00e8ncies que afecten als nostres joves<\/h3>\n<\/div>\n<div id=\"post-body-6596935596388537933\" class=\"post-body entry-content float-container\">\n<div>Marta Serra i Ruben Toro | @panderetajevi |\u00a0Pere Tarr\u00e9s Bloc. El Servei de Dinamitzaci\u00f3 Juvenil de la Franja Bes\u00f3s dels Districte de Sant Andreu se situa als barris de Trinitat Vella, Bar\u00f3 de Viver i Bon Pastor. Desenvolupa serveis, projectes i activitats pels joves. La finalitat \u00faltima \u00e9s acompanyar als joves en la construcci\u00f3 dels seus projectes vitals des de la diversitat de models i la igualtat d\u2019oportunitats. La formaci\u00f3, l\u2019empoderament i la participaci\u00f3 s\u00f3n tres estrat\u00e8gies fonamentals pel treball de les viol\u00e8ncies que afecten als nostres joves.<\/div>\n<div><\/div>\n<div><img loading=\"lazy\" decoding=\"async\" src=\"https:\/\/peluquitas.files.wordpress.com\/2016\/12\/dsc_3750_web.jpg?w=620\" alt=\"dsc_3750_web\" width=\"640\" height=\"427\" \/><\/div>\n<div><\/div>\n<div><\/div>\n<div>Ens situem a la perif\u00e8ria de Barcelona en un dels territoris m\u00e9s colpejats per la crisi econ\u00f2mica dels \u00faltims anys. Els barris de la Franja Bes\u00f3s del Districte de Sant Andreu, on ens situem, es troben en el punt de mira de les administracions pel que fa a pol\u00edtiques de rehabilitaci\u00f3, transformaci\u00f3, noves infraestructures o equipaments, entre d\u2019altres.<\/div>\n<div><\/div>\n<div>Des del Servei de Dinamitzaci\u00f3 Juvenil, a barris com Bon Pastor, Bar\u00f3 de Viver o Trinitat, treballem impulsant projectes d\u2019intervenci\u00f3 socioeducativa amb joves amb una perspectiva integral, per respondre a demandes i necessitats dels propis joves.<\/div>\n<div><\/div>\n<div>Les situacions de vulnerabilitat social que afecten a la seva poblaci\u00f3, incideixen clarament a les condicions de vida i a la igualtat d\u2019oportunitats de la poblaci\u00f3 jove. Aquesta no \u00e9s aliena als processos que tenen lloc en el seu entorn. A m\u00e9s, sovint no poden participar opinant respecte a all\u00f2 que, sota el seu criteri, necessiten els barris.<\/div>\n<div><\/div>\n<div>No \u00e9s cap novetat que hi ha una centralitzaci\u00f3 dels recursos a la ciutat, que augmenten la sensaci\u00f3 de llunyania de la perif\u00e8ria respecte al centre i intensifiquen les desigualtats socials existents.<\/div>\n<div><\/div>\n<div>Aquestes situacions reforcen la construcci\u00f3 d\u2019identitats des de la precarietat allunyades dels espais de poder a la ciutat. Formen part d\u2019algunes de les viol\u00e8ncies invisibles amb la que ens trobem. Per tant, cal tenir una visi\u00f3 amplia de la viol\u00e8ncia, sent no exclusiva de determinats territoris, grups o col\u00b7lectius, ja que la pot exercir qualsevol persona independentment del seu rol.<\/div>\n<div><\/div>\n<div>El document \u201cDiagnosi sobre viol\u00e8ncies que afecten a les persones joves\u201d de la Direcci\u00f3 General de Joventut destaca que la viol\u00e8ncia \u00e9s \u201cuna forma de relaci\u00f3, constitutiva de les relacions socials, espec\u00edficament humana, que es fomenta en els posicions de domini i de poder entre grups i individus. L\u2019acci\u00f3 violenta \u00e9s tota aquella que parteix d\u2019una llibertat (real o suposada) que vol for\u00e7ar la voluntat d\u2019uns emblant i danyar-lo.\u201d<\/div>\n<div><\/div>\n<div>Els i les joves reprodueixen relacions basades en la viol\u00e8ncia des d\u2019una temprada edat, per aquest motiu es detecta important treballar-ho des de la prevenci\u00f3 i des d\u2019una perspectiva comunit\u00e0ria, sent una problem\u00e0tica de car\u00e0cter transversal en els barris. Els projectes de dinamitzaci\u00f3 juvenil que impulsem es plantegen a partir demandes vinculades a les arts, els esports, el temps lliure, entre d\u2019altres, per\u00f2 tamb\u00e9, inclouen el treball de les necessitats socioeducatives detectades (en relaci\u00f3 a la salut, la formaci\u00f3, l\u2019educaci\u00f3, el treball, g\u00e8nere, diversitat, etc.).<\/div>\n<div><\/div>\n<div>Dit aix\u00f2, esgranem les viol\u00e8ncies que afecten els joves amb els quals compartim espais, tenint en compte que ells s\u00f3n els mateixos subjectes actius i alhora tamb\u00e9 les v\u00edctimes dels contextos basats en la viol\u00e8ncia..<\/div>\n<div><\/div>\n<div>Citem algunes viol\u00e8ncies freq\u00fcents que detectem:<\/div>\n<div>\n<ul>\n<li>Assetjament escolar.<\/li>\n<li>Discriminaci\u00f3 a les diversitats.<\/li>\n<li>Viol\u00e8ncia masclista.<\/li>\n<li>Ab\u00fas de poder.<\/li>\n<li>Ab\u00fas generacional.<\/li>\n<li>Falta de recursos i precarietat laboral.<\/li>\n<\/ul>\n<\/div>\n<div><\/div>\n<h3>I front aquestes situacions, com les estem abordant?<\/h3>\n<div>Per nosaltres \u00e9s imprescindible generar canals de di\u00e0leg que ens permetin crear, conjuntament amb els joves, espais on construir vincle. \u00c9s b\u00e0sica la posici\u00f3 que adopta l&#8217;equip educatiu. S&#8217;ha de mostrar inter\u00e8s pel jove, pel seu context, estat d&#8217;\u00e0nim, etc. No jutjar les seves opinions o maneres de pensar, evitant caure en comportaments paternalistes. Encara que aix\u00f2 pot semblar molt obvi a l&#8217;hora de treballar amb adolescents i joves, no \u00e9s gens f\u00e0cil com a \u201creferent educatiu\u201d posicionar-se &#8220;net&#8221; de prejudicis, els quals els hem anat adquirint al llarg de la nostra pr\u00f2pia construcci\u00f3 social.<\/div>\n<div><\/div>\n<div>Un altre element clau \u00e9s crear ponts amb les fam\u00edlies, evitant que els joves se sentin amena\u00e7ats o que vegin enva\u00efda la seva privacitat.<\/div>\n<div><\/div>\n<div>La creaci\u00f3 de xarxes amb entitats o serveis que estan amb relaci\u00f3 amb els joves i fam\u00edlies (escoles, instituts, serveis socials&#8230;) ens permet dissenyar estrat\u00e8gies conjuntes, tenint en compte al jove des d&#8217;una visi\u00f3 m\u00e9s amplia i no quedant-nos nom\u00e9s amb aquella part que nosaltres coneixem.<\/div>\n<div><\/div>\n<div>Per arribar a aquest punt, \u00e9s necess\u00e0ria una cont\u00ednua revisi\u00f3 dels professionals per no caure en la &#8220;normalitzaci\u00f3\u201d de determinats comportaments o actituds.<\/div>\n<div><\/div>\n<div>S&#8217;han d&#8217;oferir alternatives pedag\u00f2giques atractives on es poden deconstruir conjuntament, situacions on els joves han vist, patit o exercit viol\u00e8ncies. Aquestes es tracten m\u00e9s enll\u00e0 de l&#8217;espai f\u00edsic de refer\u00e8ncia de l&#8217;equip educatiu.<\/div>\n<div><\/div>\n<div>Treballar des d&#8217;aquestes perspectives \u00e9s possible gr\u00e0cies a la predisposici\u00f3 dels joves en formar part dels processos de participaci\u00f3 on esdevenen els principals actors. Espais on els i les joves poden participar a partir dels interessos, vinculant amb la comunitat de refer\u00e8ncia i treballant referents educatius alternatius propers, s\u00f3n molt necessaris.<\/div>\n<div><\/div>\n<div><\/div>\n<div>Ruben Toro i Marta Serra<\/div>\n<div>Dinamitzadors juvenils del Servei de Dinamitzaci\u00f3 de la Franja Bes\u00f3s del Districte de Sant Andreu de l\u2019Ajuntament de Barcelona.<\/div>\n<div><\/div>\n<\/div>\n<div>\n<div>M\u00e9s informaci\u00f3 al Link:<\/div>\n<div><a href=\"https:\/\/ineditviable.blogspot.com.es\/2017\/11\/estrategies-per-treballar-les.html?m=1\" target=\"_blank\" rel=\"noopener noreferrer\">https:\/\/ineditviable.blogspot.com.es\/2017\/11\/estrategies-per-treballar-les.html?m=1<\/a><\/div>\n<\/div>\n","protected":false},"excerpt":{"rendered":"<p>Estrat\u00e8gies per treballar les viol\u00e8ncies que afecten als nostres joves Marta Serra i Ruben Toro | @panderetajevi |\u00a0Pere Tarr\u00e9s Bloc. El Servei de Dinamitzaci\u00f3 Juvenil de la Franja Bes\u00f3s dels Districte de Sant Andreu se situa als barris de Trinitat Vella, Bar\u00f3 de Viver i Bon Pastor. Desenvolupa serveis, projectes i activitats pels joves. La [&hellip;]<\/p>\n","protected":false},"author":1,"featured_media":1734,"comment_status":"closed","ping_status":"open","sticky":false,"template":"","format":"standard","meta":{"_uag_custom_page_level_css":"","site-sidebar-layout":"default","site-content-layout":"","ast-site-content-layout":"","site-content-style":"default","site-sidebar-style":"default","ast-global-header-display":"","ast-banner-title-visibility":"","ast-main-header-display":"","ast-hfb-above-header-display":"","ast-hfb-below-header-display":"","ast-hfb-mobile-header-display":"","site-post-title":"","ast-breadcrumbs-content":"","ast-featured-img":"","footer-sml-layout":"","theme-transparent-header-meta":"","adv-header-id-meta":"","stick-header-meta":"","header-above-stick-meta":"","header-main-stick-meta":"","header-below-stick-meta":"","astra-migrate-meta-layouts":"default","ast-page-background-enabled":"default","ast-page-background-meta":{"desktop":{"background-color":"var(--ast-global-color-4)","background-image":"","background-repeat":"repeat","background-position":"center center","background-size":"auto","background-attachment":"scroll","background-type":"","background-media":"","overlay-type":"","overlay-color":"","overlay-opacity":"","overlay-gradient":""},"tablet":{"background-color":"","background-image":"","background-repeat":"repeat","background-position":"center center","background-size":"auto","background-attachment":"scroll","background-type":"","background-media":"","overlay-type":"","overlay-color":"","overlay-opacity":"","overlay-gradient":""},"mobile":{"background-color":"","background-image":"","background-repeat":"repeat","background-position":"center center","background-size":"auto","background-attachment":"scroll","background-type":"","background-media":"","overlay-type":"","overlay-color":"","overlay-opacity":"","overlay-gradient":""}},"ast-content-background-meta":{"desktop":{"background-color":"var(--ast-global-color-5)","background-image":"","background-repeat":"repeat","background-position":"center center","background-size":"auto","background-attachment":"scroll","background-type":"","background-media":"","overlay-type":"","overlay-color":"","overlay-opacity":"","overlay-gradient":""},"tablet":{"background-color":"var(--ast-global-color-5)","background-image":"","background-repeat":"repeat","background-position":"center center","background-size":"auto","background-attachment":"scroll","background-type":"","background-media":"","overlay-type":"","overlay-color":"","overlay-opacity":"","overlay-gradient":""},"mobile":{"background-color":"var(--ast-global-color-5)","background-image":"","background-repeat":"repeat","background-position":"center center","background-size":"auto","background-attachment":"scroll","background-type":"","background-media":"","overlay-type":"","overlay-color":"","overlay-opacity":"","overlay-gradient":""}},"_jetpack_newsletter_access":"","_jetpack_dont_email_post_to_subs":true,"_jetpack_newsletter_tier_id":0,"_jetpack_memberships_contains_paywalled_content":false,"_jetpack_memberships_contains_paid_content":false,"footnotes":""},"categories":[1],"tags":[],"class_list":["post-1733","post","type-post","status-publish","format-standard","has-post-thumbnail","hentry","category-blog"],"jetpack_featured_media_url":"https:\/\/barodeviver.cat\/wp-content\/uploads\/2017\/12\/dsc_3750_web.jpg","uagb_featured_image_src":{"full":["https:\/\/barodeviver.cat\/wp-content\/uploads\/2017\/12\/dsc_3750_web.jpg",620,414,false],"thumbnail":["https:\/\/barodeviver.cat\/wp-content\/uploads\/2017\/12\/dsc_3750_web-150x150.jpg",150,150,true],"medium":["https:\/\/barodeviver.cat\/wp-content\/uploads\/2017\/12\/dsc_3750_web-300x200.jpg",300,200,true],"medium_large":["https:\/\/barodeviver.cat\/wp-content\/uploads\/2017\/12\/dsc_3750_web.jpg",620,414,false],"large":["https:\/\/barodeviver.cat\/wp-content\/uploads\/2017\/12\/dsc_3750_web.jpg",620,414,false],"1536x1536":["https:\/\/barodeviver.cat\/wp-content\/uploads\/2017\/12\/dsc_3750_web.jpg",620,414,false],"2048x2048":["https:\/\/barodeviver.cat\/wp-content\/uploads\/2017\/12\/dsc_3750_web.jpg",620,414,false]},"uagb_author_info":{"display_name":"Fem Bar\u00f3 de Viver","author_link":"https:\/\/barodeviver.cat\/author\/admin"},"uagb_comment_info":0,"uagb_excerpt":"Estrat\u00e8gies per treballar les viol\u00e8ncies que afecten als nostres joves Marta Serra i Ruben Toro | @panderetajevi |\u00a0Pere Tarr\u00e9s Bloc. El Servei de Dinamitzaci\u00f3 Juvenil de la Franja Bes\u00f3s dels Districte de Sant Andreu se situa als barris de Trinitat Vella, Bar\u00f3 de Viver i Bon Pastor. Desenvolupa serveis, projectes i activitats pels joves. La&hellip;","jetpack_sharing_enabled":true,"jetpack_shortlink":"https:\/\/wp.me\/p86b0a-rX","_links":{"self":[{"href":"https:\/\/barodeviver.cat\/index.php?rest_route=\/wp\/v2\/posts\/1733","targetHints":{"allow":["GET"]}}],"collection":[{"href":"https:\/\/barodeviver.cat\/index.php?rest_route=\/wp\/v2\/posts"}],"about":[{"href":"https:\/\/barodeviver.cat\/index.php?rest_route=\/wp\/v2\/types\/post"}],"author":[{"embeddable":true,"href":"https:\/\/barodeviver.cat\/index.php?rest_route=\/wp\/v2\/users\/1"}],"replies":[{"embeddable":true,"href":"https:\/\/barodeviver.cat\/index.php?rest_route=%2Fwp%2Fv2%2Fcomments&post=1733"}],"version-history":[{"count":1,"href":"https:\/\/barodeviver.cat\/index.php?rest_route=\/wp\/v2\/posts\/1733\/revisions"}],"predecessor-version":[{"id":1735,"href":"https:\/\/barodeviver.cat\/index.php?rest_route=\/wp\/v2\/posts\/1733\/revisions\/1735"}],"wp:featuredmedia":[{"embeddable":true,"href":"https:\/\/barodeviver.cat\/index.php?rest_route=\/wp\/v2\/media\/1734"}],"wp:attachment":[{"href":"https:\/\/barodeviver.cat\/index.php?rest_route=%2Fwp%2Fv2%2Fmedia&parent=1733"}],"wp:term":[{"taxonomy":"category","embeddable":true,"href":"https:\/\/barodeviver.cat\/index.php?rest_route=%2Fwp%2Fv2%2Fcategories&post=1733"},{"taxonomy":"post_tag","embeddable":true,"href":"https:\/\/barodeviver.cat\/index.php?rest_route=%2Fwp%2Fv2%2Ftags&post=1733"}],"curies":[{"name":"wp","href":"https:\/\/api.w.org\/{rel}","templated":true}]}}