{"id":2016,"date":"2019-01-10T22:29:45","date_gmt":"2019-01-10T21:29:45","guid":{"rendered":"https:\/\/barodeviver.cat\/?p=2016"},"modified":"2019-01-10T22:30:05","modified_gmt":"2019-01-10T21:30:05","slug":"centre-civic-baro-de-viver-inauguracio-de-lexposicio-del-marroc-i-de-catalunya","status":"publish","type":"post","link":"https:\/\/barodeviver.cat\/?p=2016","title":{"rendered":"Centre C\u00edvic Bar\u00f3 de Viver: Inauguraci\u00f3 de l&#8217;exposici\u00f3 &#8220;Del Marroc i de Catalunya&#8221;"},"content":{"rendered":"\n<p> Aquest divendres 11 de Gener a les 19h inauguraci\u00f3 al Centre C\u00edvic de l&#8217;exposici\u00f3 &#8220;Del Marroc i de Catalunya&#8230; Mem\u00f2ria viva entre emigraci\u00f3 i arrelament&#8221; del\u00a0Museu d&#8217;Hist\u00f2ria de Catalunya. Generalitat de Catalunya.<br>L\u2019experi\u00e8ncia migrat\u00f2ria ha configurat la mem\u00f2ria particular de moltes fam\u00edlies marroquines, que han vist n\u00e9ixer i cr\u00e9ixer aqu\u00ed els seus fills, amb la qual cosa han transformat l\u2019emigraci\u00f3 en arrelament. Actualment, prop de tres-centes mil persones d\u2019arrels marroquino-catalanes viuen a Catalunya, i una cinquena part d\u2019elles ja han nascut en aquesta terra. <\/p>\n","protected":false},"excerpt":{"rendered":"<p>Aquest divendres 11 de Gener a les 19h inauguraci\u00f3 al Centre C\u00edvic de l&#8217;exposici\u00f3 &#8220;Del Marroc i de Catalunya&#8230; Mem\u00f2ria viva entre emigraci\u00f3 i arrelament&#8221; del\u00a0Museu d&#8217;Hist\u00f2ria de Catalunya. Generalitat de Catalunya.L\u2019experi\u00e8ncia migrat\u00f2ria ha configurat la mem\u00f2ria particular de moltes fam\u00edlies marroquines, que han vist n\u00e9ixer i cr\u00e9ixer aqu\u00ed els seus fills, amb la qual [&hellip;]<\/p>\n","protected":false},"author":1,"featured_media":2017,"comment_status":"closed","ping_status":"open","sticky":false,"template":"","format":"standard","meta":{"_uag_custom_page_level_css":"","site-sidebar-layout":"default","site-content-layout":"","ast-site-content-layout":"","site-content-style":"default","site-sidebar-style":"default","ast-global-header-display":"","ast-banner-title-visibility":"","ast-main-header-display":"","ast-hfb-above-header-display":"","ast-hfb-below-header-display":"","ast-hfb-mobile-header-display":"","site-post-title":"","ast-breadcrumbs-content":"","ast-featured-img":"","footer-sml-layout":"","theme-transparent-header-meta":"","adv-header-id-meta":"","stick-header-meta":"","header-above-stick-meta":"","header-main-stick-meta":"","header-below-stick-meta":"","astra-migrate-meta-layouts":"default","ast-page-background-enabled":"default","ast-page-background-meta":{"desktop":{"background-color":"var(--ast-global-color-4)","background-image":"","background-repeat":"repeat","background-position":"center center","background-size":"auto","background-attachment":"scroll","background-type":"","background-media":"","overlay-type":"","overlay-color":"","overlay-opacity":"","overlay-gradient":""},"tablet":{"background-color":"","background-image":"","background-repeat":"repeat","background-position":"center center","background-size":"auto","background-attachment":"scroll","background-type":"","background-media":"","overlay-type":"","overlay-color":"","overlay-opacity":"","overlay-gradient":""},"mobile":{"background-color":"","background-image":"","background-repeat":"repeat","background-position":"center center","background-size":"auto","background-attachment":"scroll","background-type":"","background-media":"","overlay-type":"","overlay-color":"","overlay-opacity":"","overlay-gradient":""}},"ast-content-background-meta":{"desktop":{"background-color":"var(--ast-global-color-5)","background-image":"","background-repeat":"repeat","background-position":"center center","background-size":"auto","background-attachment":"scroll","background-type":"","background-media":"","overlay-type":"","overlay-color":"","overlay-opacity":"","overlay-gradient":""},"tablet":{"background-color":"var(--ast-global-color-5)","background-image":"","background-repeat":"repeat","background-position":"center center","background-size":"auto","background-attachment":"scroll","background-type":"","background-media":"","overlay-type":"","overlay-color":"","overlay-opacity":"","overlay-gradient":""},"mobile":{"background-color":"var(--ast-global-color-5)","background-image":"","background-repeat":"repeat","background-position":"center center","background-size":"auto","background-attachment":"scroll","background-type":"","background-media":"","overlay-type":"","overlay-color":"","overlay-opacity":"","overlay-gradient":""}},"_jetpack_newsletter_access":"","_jetpack_dont_email_post_to_subs":false,"_jetpack_newsletter_tier_id":0,"_jetpack_memberships_contains_paywalled_content":false,"_jetpack_memberships_contains_paid_content":false,"footnotes":""},"categories":[1],"tags":[],"class_list":["post-2016","post","type-post","status-publish","format-standard","has-post-thumbnail","hentry","category-blog"],"jetpack_featured_media_url":"https:\/\/barodeviver.cat\/wp-content\/uploads\/2019\/01\/Marroc-i-Catalunya-Negre.jpg","uagb_featured_image_src":{"full":["https:\/\/barodeviver.cat\/wp-content\/uploads\/2019\/01\/Marroc-i-Catalunya-Negre.jpg",2480,3508,false],"thumbnail":["https:\/\/barodeviver.cat\/wp-content\/uploads\/2019\/01\/Marroc-i-Catalunya-Negre-150x150.jpg",150,150,true],"medium":["https:\/\/barodeviver.cat\/wp-content\/uploads\/2019\/01\/Marroc-i-Catalunya-Negre-212x300.jpg",212,300,true],"medium_large":["https:\/\/barodeviver.cat\/wp-content\/uploads\/2019\/01\/Marroc-i-Catalunya-Negre-768x1086.jpg",768,1086,true],"large":["https:\/\/barodeviver.cat\/wp-content\/uploads\/2019\/01\/Marroc-i-Catalunya-Negre-724x1024.jpg",724,1024,true],"1536x1536":["https:\/\/barodeviver.cat\/wp-content\/uploads\/2019\/01\/Marroc-i-Catalunya-Negre.jpg",1086,1536,false],"2048x2048":["https:\/\/barodeviver.cat\/wp-content\/uploads\/2019\/01\/Marroc-i-Catalunya-Negre.jpg",1448,2048,false]},"uagb_author_info":{"display_name":"Fem Bar\u00f3 de Viver","author_link":"https:\/\/barodeviver.cat\/author\/admin"},"uagb_comment_info":0,"uagb_excerpt":"Aquest divendres 11 de Gener a les 19h inauguraci\u00f3 al Centre C\u00edvic de l&#8217;exposici\u00f3 &#8220;Del Marroc i de Catalunya&#8230; Mem\u00f2ria viva entre emigraci\u00f3 i arrelament&#8221; del\u00a0Museu d&#8217;Hist\u00f2ria de Catalunya. Generalitat de Catalunya.L\u2019experi\u00e8ncia migrat\u00f2ria ha configurat la mem\u00f2ria particular de moltes fam\u00edlies marroquines, que han vist n\u00e9ixer i cr\u00e9ixer aqu\u00ed els seus fills, amb la qual&hellip;","jetpack_sharing_enabled":true,"jetpack_shortlink":"https:\/\/wp.me\/p86b0a-ww","_links":{"self":[{"href":"https:\/\/barodeviver.cat\/index.php?rest_route=\/wp\/v2\/posts\/2016","targetHints":{"allow":["GET"]}}],"collection":[{"href":"https:\/\/barodeviver.cat\/index.php?rest_route=\/wp\/v2\/posts"}],"about":[{"href":"https:\/\/barodeviver.cat\/index.php?rest_route=\/wp\/v2\/types\/post"}],"author":[{"embeddable":true,"href":"https:\/\/barodeviver.cat\/index.php?rest_route=\/wp\/v2\/users\/1"}],"replies":[{"embeddable":true,"href":"https:\/\/barodeviver.cat\/index.php?rest_route=%2Fwp%2Fv2%2Fcomments&post=2016"}],"version-history":[{"count":1,"href":"https:\/\/barodeviver.cat\/index.php?rest_route=\/wp\/v2\/posts\/2016\/revisions"}],"predecessor-version":[{"id":2018,"href":"https:\/\/barodeviver.cat\/index.php?rest_route=\/wp\/v2\/posts\/2016\/revisions\/2018"}],"wp:featuredmedia":[{"embeddable":true,"href":"https:\/\/barodeviver.cat\/index.php?rest_route=\/wp\/v2\/media\/2017"}],"wp:attachment":[{"href":"https:\/\/barodeviver.cat\/index.php?rest_route=%2Fwp%2Fv2%2Fmedia&parent=2016"}],"wp:term":[{"taxonomy":"category","embeddable":true,"href":"https:\/\/barodeviver.cat\/index.php?rest_route=%2Fwp%2Fv2%2Fcategories&post=2016"},{"taxonomy":"post_tag","embeddable":true,"href":"https:\/\/barodeviver.cat\/index.php?rest_route=%2Fwp%2Fv2%2Ftags&post=2016"}],"curies":[{"name":"wp","href":"https:\/\/api.w.org\/{rel}","templated":true}]}}