{"id":2127,"date":"2019-03-12T09:40:57","date_gmt":"2019-03-12T08:40:57","guid":{"rendered":"https:\/\/barodeviver.cat\/?p=2127"},"modified":"2019-03-12T09:41:06","modified_gmt":"2019-03-12T08:41:06","slug":"ruta-poligonera","status":"publish","type":"post","link":"https:\/\/barodeviver.cat\/?p=2127","title":{"rendered":"Ruta Poligonera"},"content":{"rendered":"\n<p>Ruta poligonera. El dia 16 de mar\u00e7 de 2019 a les 11:00 hores.<br>La Ruta poligonera organitzada per la Julia Montilla, la fot\u00f2grafa que els darrers mesos ha retratat la vida als pol\u00edgons i als barris de Bon Pastor i Bar\u00f3 de Viver.<br><br>Podeu veure l&#8217;exposici\u00f3 de fotos que ha fet la Julia a l&#8217;edifici del Bors\u00ed (Pla\u00e7a de la Ver\u00f2nica) en el marc de l&#8217;exposici\u00f3 &#8220;Setze barris, mil ciutats&#8221;, juntament amb altres fotos dels barris que tenen Pla de Barris.<br>La ruta tindr\u00e0 lloc el proper dissabte 16 de mar\u00e7 de 2019 a les 11 hores i es sortir\u00e0 de la parada de Metro de Bar\u00f3 de Viver i finalitza al Bon Pastor.<\/p>\n","protected":false},"excerpt":{"rendered":"<p>Ruta poligonera. El dia 16 de mar\u00e7 de 2019 a les 11:00 hores.La Ruta poligonera organitzada per la Julia Montilla, la fot\u00f2grafa que els darrers mesos ha retratat la vida als pol\u00edgons i als barris de Bon Pastor i Bar\u00f3 de Viver. Podeu veure l&#8217;exposici\u00f3 de fotos que ha fet la Julia a l&#8217;edifici del [&hellip;]<\/p>\n","protected":false},"author":1,"featured_media":2128,"comment_status":"closed","ping_status":"open","sticky":false,"template":"","format":"standard","meta":{"_uag_custom_page_level_css":"","site-sidebar-layout":"default","site-content-layout":"","ast-site-content-layout":"","site-content-style":"default","site-sidebar-style":"default","ast-global-header-display":"","ast-banner-title-visibility":"","ast-main-header-display":"","ast-hfb-above-header-display":"","ast-hfb-below-header-display":"","ast-hfb-mobile-header-display":"","site-post-title":"","ast-breadcrumbs-content":"","ast-featured-img":"","footer-sml-layout":"","theme-transparent-header-meta":"","adv-header-id-meta":"","stick-header-meta":"","header-above-stick-meta":"","header-main-stick-meta":"","header-below-stick-meta":"","astra-migrate-meta-layouts":"default","ast-page-background-enabled":"default","ast-page-background-meta":{"desktop":{"background-color":"var(--ast-global-color-4)","background-image":"","background-repeat":"repeat","background-position":"center center","background-size":"auto","background-attachment":"scroll","background-type":"","background-media":"","overlay-type":"","overlay-color":"","overlay-opacity":"","overlay-gradient":""},"tablet":{"background-color":"","background-image":"","background-repeat":"repeat","background-position":"center center","background-size":"auto","background-attachment":"scroll","background-type":"","background-media":"","overlay-type":"","overlay-color":"","overlay-opacity":"","overlay-gradient":""},"mobile":{"background-color":"","background-image":"","background-repeat":"repeat","background-position":"center center","background-size":"auto","background-attachment":"scroll","background-type":"","background-media":"","overlay-type":"","overlay-color":"","overlay-opacity":"","overlay-gradient":""}},"ast-content-background-meta":{"desktop":{"background-color":"var(--ast-global-color-5)","background-image":"","background-repeat":"repeat","background-position":"center center","background-size":"auto","background-attachment":"scroll","background-type":"","background-media":"","overlay-type":"","overlay-color":"","overlay-opacity":"","overlay-gradient":""},"tablet":{"background-color":"var(--ast-global-color-5)","background-image":"","background-repeat":"repeat","background-position":"center center","background-size":"auto","background-attachment":"scroll","background-type":"","background-media":"","overlay-type":"","overlay-color":"","overlay-opacity":"","overlay-gradient":""},"mobile":{"background-color":"var(--ast-global-color-5)","background-image":"","background-repeat":"repeat","background-position":"center center","background-size":"auto","background-attachment":"scroll","background-type":"","background-media":"","overlay-type":"","overlay-color":"","overlay-opacity":"","overlay-gradient":""}},"_jetpack_newsletter_access":"","_jetpack_dont_email_post_to_subs":false,"_jetpack_newsletter_tier_id":0,"_jetpack_memberships_contains_paywalled_content":false,"_jetpack_memberships_contains_paid_content":false,"footnotes":""},"categories":[1],"tags":[],"class_list":["post-2127","post","type-post","status-publish","format-standard","has-post-thumbnail","hentry","category-blog"],"jetpack_featured_media_url":"https:\/\/barodeviver.cat\/wp-content\/uploads\/2019\/03\/20190316_Ruta-poligonera.jpg","uagb_featured_image_src":{"full":["https:\/\/barodeviver.cat\/wp-content\/uploads\/2019\/03\/20190316_Ruta-poligonera.jpg",1754,2481,false],"thumbnail":["https:\/\/barodeviver.cat\/wp-content\/uploads\/2019\/03\/20190316_Ruta-poligonera-150x150.jpg",150,150,true],"medium":["https:\/\/barodeviver.cat\/wp-content\/uploads\/2019\/03\/20190316_Ruta-poligonera-212x300.jpg",212,300,true],"medium_large":["https:\/\/barodeviver.cat\/wp-content\/uploads\/2019\/03\/20190316_Ruta-poligonera-768x1086.jpg",768,1086,true],"large":["https:\/\/barodeviver.cat\/wp-content\/uploads\/2019\/03\/20190316_Ruta-poligonera-724x1024.jpg",724,1024,true],"1536x1536":["https:\/\/barodeviver.cat\/wp-content\/uploads\/2019\/03\/20190316_Ruta-poligonera.jpg",1086,1536,false],"2048x2048":["https:\/\/barodeviver.cat\/wp-content\/uploads\/2019\/03\/20190316_Ruta-poligonera.jpg",1448,2048,false]},"uagb_author_info":{"display_name":"Fem Bar\u00f3 de Viver","author_link":"https:\/\/barodeviver.cat\/author\/admin"},"uagb_comment_info":0,"uagb_excerpt":"Ruta poligonera. El dia 16 de mar\u00e7 de 2019 a les 11:00 hores.La Ruta poligonera organitzada per la Julia Montilla, la fot\u00f2grafa que els darrers mesos ha retratat la vida als pol\u00edgons i als barris de Bon Pastor i Bar\u00f3 de Viver. Podeu veure l&#8217;exposici\u00f3 de fotos que ha fet la Julia a l&#8217;edifici del&hellip;","jetpack_sharing_enabled":true,"jetpack_shortlink":"https:\/\/wp.me\/p86b0a-yj","_links":{"self":[{"href":"https:\/\/barodeviver.cat\/index.php?rest_route=\/wp\/v2\/posts\/2127","targetHints":{"allow":["GET"]}}],"collection":[{"href":"https:\/\/barodeviver.cat\/index.php?rest_route=\/wp\/v2\/posts"}],"about":[{"href":"https:\/\/barodeviver.cat\/index.php?rest_route=\/wp\/v2\/types\/post"}],"author":[{"embeddable":true,"href":"https:\/\/barodeviver.cat\/index.php?rest_route=\/wp\/v2\/users\/1"}],"replies":[{"embeddable":true,"href":"https:\/\/barodeviver.cat\/index.php?rest_route=%2Fwp%2Fv2%2Fcomments&post=2127"}],"version-history":[{"count":1,"href":"https:\/\/barodeviver.cat\/index.php?rest_route=\/wp\/v2\/posts\/2127\/revisions"}],"predecessor-version":[{"id":2131,"href":"https:\/\/barodeviver.cat\/index.php?rest_route=\/wp\/v2\/posts\/2127\/revisions\/2131"}],"wp:featuredmedia":[{"embeddable":true,"href":"https:\/\/barodeviver.cat\/index.php?rest_route=\/wp\/v2\/media\/2128"}],"wp:attachment":[{"href":"https:\/\/barodeviver.cat\/index.php?rest_route=%2Fwp%2Fv2%2Fmedia&parent=2127"}],"wp:term":[{"taxonomy":"category","embeddable":true,"href":"https:\/\/barodeviver.cat\/index.php?rest_route=%2Fwp%2Fv2%2Fcategories&post=2127"},{"taxonomy":"post_tag","embeddable":true,"href":"https:\/\/barodeviver.cat\/index.php?rest_route=%2Fwp%2Fv2%2Ftags&post=2127"}],"curies":[{"name":"wp","href":"https:\/\/api.w.org\/{rel}","templated":true}]}}