{"id":602,"date":"2014-11-10T14:42:32","date_gmt":"2014-11-10T13:42:32","guid":{"rendered":"https:\/\/barodeviver.cat\/?p=602"},"modified":"2023-12-14T17:16:28","modified_gmt":"2023-12-14T16:16:28","slug":"taller-de-wordpress-per-a-entitats","status":"publish","type":"post","link":"https:\/\/barodeviver.cat\/?p=602","title":{"rendered":"Taller de WordPress per a entitats"},"content":{"rendered":"<p>Gr\u00e0cies a l&#8217;impuls del projecte <strong>Smart City<\/strong>, que es desenvolupa amb l&#8217;ajuda de les noves tecnologies, dos grups motors de ve\u00efns i ve\u00efnes dels barris de <em>Bar\u00f3 de Viver<\/em> i del <em>Bon Pastor<\/em> han comen\u00e7at el treball de formaci\u00f3 necessari per a la creaci\u00f3 de l&#8217;Agenda Sociocultural,<\/p>\n<figure id=\"attachment_601\" aria-describedby=\"caption-attachment-601\" style=\"width: 300px\" class=\"wp-caption alignright\"><a href=\"https:\/\/barodeviver.cat\/wp-content\/uploads\/2014\/11\/IMG_20141105_205521368-e1415630350405.jpg\"><img loading=\"lazy\" decoding=\"async\" class=\"wp-image-601 size-medium\" src=\"https:\/\/barodeviver.cat\/wp-content\/uploads\/2014\/11\/IMG_20141105_205521368-300x171.jpg\" alt=\"Taller de WordPress al Bon Pastor\" width=\"300\" height=\"171\" \/><\/a><figcaption id=\"caption-attachment-601\" class=\"wp-caption-text\">Taller de WordPress al Bon Pastor<\/figcaption><\/figure>\n<p>Participants al taller de WordPress\u00a0Taller de WordPress a Bar\u00f3 de Viver que es traduir\u00e0 en la posada en marxa de dues p\u00e0gines webs.<\/p>\n<p>Des d&#8217;aquests espais, compartits per les entitats del territori, es vol dinamitzar la participaci\u00f3 activa dels diferents col\u00b7lectius i la implicaci\u00f3 directa dels ciutadans a les activitats que s&#8217;organitzen en els nostres barris.<\/p>\n<p>La formaci\u00f3, que consisteix en l&#8217;aprenentatge del sistema de gesti\u00f3 de continguts de WordPress, seguir\u00e0 en els propers mesos amb d&#8217;altres sessions de comunicaci\u00f3, art audiovisual i gesti\u00f3 de continguts.<\/p>\n","protected":false},"excerpt":{"rendered":"<p>Gr\u00e0cies a l&#8217;impuls del projecte Smart City, que es desenvolupa amb l&#8217;ajuda de les noves tecnologies, dos grups motors de ve\u00efns i ve\u00efnes dels barris de Bar\u00f3 de Viver i del Bon Pastor han comen\u00e7at el treball de formaci\u00f3 necessari per a la creaci\u00f3 de l&#8217;Agenda Sociocultural, Participants al taller de WordPress\u00a0Taller de WordPress a [&hellip;]<\/p>\n","protected":false},"author":1,"featured_media":600,"comment_status":"open","ping_status":"open","sticky":false,"template":"","format":"image","meta":{"_uag_custom_page_level_css":"","site-sidebar-layout":"default","site-content-layout":"","ast-site-content-layout":"","site-content-style":"default","site-sidebar-style":"default","ast-global-header-display":"","ast-banner-title-visibility":"","ast-main-header-display":"","ast-hfb-above-header-display":"","ast-hfb-below-header-display":"","ast-hfb-mobile-header-display":"","site-post-title":"","ast-breadcrumbs-content":"","ast-featured-img":"","footer-sml-layout":"","theme-transparent-header-meta":"","adv-header-id-meta":"","stick-header-meta":"","header-above-stick-meta":"","header-main-stick-meta":"","header-below-stick-meta":"","astra-migrate-meta-layouts":"default","ast-page-background-enabled":"default","ast-page-background-meta":{"desktop":{"background-color":"var(--ast-global-color-4)","background-image":"","background-repeat":"repeat","background-position":"center center","background-size":"auto","background-attachment":"scroll","background-type":"","background-media":"","overlay-type":"","overlay-color":"","overlay-opacity":"","overlay-gradient":""},"tablet":{"background-color":"","background-image":"","background-repeat":"repeat","background-position":"center center","background-size":"auto","background-attachment":"scroll","background-type":"","background-media":"","overlay-type":"","overlay-color":"","overlay-opacity":"","overlay-gradient":""},"mobile":{"background-color":"","background-image":"","background-repeat":"repeat","background-position":"center center","background-size":"auto","background-attachment":"scroll","background-type":"","background-media":"","overlay-type":"","overlay-color":"","overlay-opacity":"","overlay-gradient":""}},"ast-content-background-meta":{"desktop":{"background-color":"var(--ast-global-color-5)","background-image":"","background-repeat":"repeat","background-position":"center center","background-size":"auto","background-attachment":"scroll","background-type":"","background-media":"","overlay-type":"","overlay-color":"","overlay-opacity":"","overlay-gradient":""},"tablet":{"background-color":"var(--ast-global-color-5)","background-image":"","background-repeat":"repeat","background-position":"center center","background-size":"auto","background-attachment":"scroll","background-type":"","background-media":"","overlay-type":"","overlay-color":"","overlay-opacity":"","overlay-gradient":""},"mobile":{"background-color":"var(--ast-global-color-5)","background-image":"","background-repeat":"repeat","background-position":"center center","background-size":"auto","background-attachment":"scroll","background-type":"","background-media":"","overlay-type":"","overlay-color":"","overlay-opacity":"","overlay-gradient":""}},"_jetpack_newsletter_access":"","_jetpack_dont_email_post_to_subs":false,"_jetpack_newsletter_tier_id":0,"_jetpack_memberships_contains_paywalled_content":false,"_jetpack_memberships_contains_paid_content":false,"footnotes":""},"categories":[1],"tags":[36],"class_list":["post-602","post","type-post","status-publish","format-image","has-post-thumbnail","hentry","category-blog","tag-taller","post_format-post-format-image"],"jetpack_featured_media_url":"https:\/\/barodeviver.cat\/wp-content\/uploads\/2014\/11\/IMG_20141023_190641956.jpg","uagb_featured_image_src":{"full":["https:\/\/barodeviver.cat\/wp-content\/uploads\/2014\/11\/IMG_20141023_190641956.jpg",1200,703,false],"thumbnail":["https:\/\/barodeviver.cat\/wp-content\/uploads\/2014\/11\/IMG_20141023_190641956-150x150.jpg",150,150,true],"medium":["https:\/\/barodeviver.cat\/wp-content\/uploads\/2014\/11\/IMG_20141023_190641956-300x175.jpg",300,175,true],"medium_large":["https:\/\/barodeviver.cat\/wp-content\/uploads\/2014\/11\/IMG_20141023_190641956.jpg",768,450,false],"large":["https:\/\/barodeviver.cat\/wp-content\/uploads\/2014\/11\/IMG_20141023_190641956-1024x599.jpg",1024,599,true],"1536x1536":["https:\/\/barodeviver.cat\/wp-content\/uploads\/2014\/11\/IMG_20141023_190641956.jpg",1200,703,false],"2048x2048":["https:\/\/barodeviver.cat\/wp-content\/uploads\/2014\/11\/IMG_20141023_190641956.jpg",1200,703,false]},"uagb_author_info":{"display_name":"Fem Bar\u00f3 de Viver","author_link":"https:\/\/barodeviver.cat\/author\/admin"},"uagb_comment_info":0,"uagb_excerpt":"Gr\u00e0cies a l&#8217;impuls del projecte Smart City, que es desenvolupa amb l&#8217;ajuda de les noves tecnologies, dos grups motors de ve\u00efns i ve\u00efnes dels barris de Bar\u00f3 de Viver i del Bon Pastor han comen\u00e7at el treball de formaci\u00f3 necessari per a la creaci\u00f3 de l&#8217;Agenda Sociocultural, Participants al taller de WordPress\u00a0Taller de WordPress a&hellip;","jetpack_sharing_enabled":true,"jetpack_shortlink":"https:\/\/wp.me\/p86b0a-9I","_links":{"self":[{"href":"https:\/\/barodeviver.cat\/index.php?rest_route=\/wp\/v2\/posts\/602","targetHints":{"allow":["GET"]}}],"collection":[{"href":"https:\/\/barodeviver.cat\/index.php?rest_route=\/wp\/v2\/posts"}],"about":[{"href":"https:\/\/barodeviver.cat\/index.php?rest_route=\/wp\/v2\/types\/post"}],"author":[{"embeddable":true,"href":"https:\/\/barodeviver.cat\/index.php?rest_route=\/wp\/v2\/users\/1"}],"replies":[{"embeddable":true,"href":"https:\/\/barodeviver.cat\/index.php?rest_route=%2Fwp%2Fv2%2Fcomments&post=602"}],"version-history":[{"count":5,"href":"https:\/\/barodeviver.cat\/index.php?rest_route=\/wp\/v2\/posts\/602\/revisions"}],"predecessor-version":[{"id":635,"href":"https:\/\/barodeviver.cat\/index.php?rest_route=\/wp\/v2\/posts\/602\/revisions\/635"}],"wp:featuredmedia":[{"embeddable":true,"href":"https:\/\/barodeviver.cat\/index.php?rest_route=\/wp\/v2\/media\/600"}],"wp:attachment":[{"href":"https:\/\/barodeviver.cat\/index.php?rest_route=%2Fwp%2Fv2%2Fmedia&parent=602"}],"wp:term":[{"taxonomy":"category","embeddable":true,"href":"https:\/\/barodeviver.cat\/index.php?rest_route=%2Fwp%2Fv2%2Fcategories&post=602"},{"taxonomy":"post_tag","embeddable":true,"href":"https:\/\/barodeviver.cat\/index.php?rest_route=%2Fwp%2Fv2%2Ftags&post=602"}],"curies":[{"name":"wp","href":"https:\/\/api.w.org\/{rel}","templated":true}]}}