{"id":667,"date":"2014-12-05T14:14:48","date_gmt":"2014-12-05T14:14:48","guid":{"rendered":"https:\/\/barodeviver.cat\/?p=667"},"modified":"2014-12-05T14:14:48","modified_gmt":"2014-12-05T14:14:48","slug":"larbre-dels-desitjos-2014","status":"publish","type":"post","link":"https:\/\/barodeviver.cat\/?p=667","title":{"rendered":"L&#8217;Arbre dels Desitjos 2014"},"content":{"rendered":"<p>Amics i amigues de Bar\u00f3 de Viver,<\/p>\n<p>Us convidem a participar dijous 18 de desembre a partir de les 17.30 a la festa de l&#8217;Arbre dels Desitjos:<\/p>\n<p>Davant del Centre C\u00edvic hi haur\u00e0 un escenari i un arbre de nadal. A sobre de l&#8217;escenari hi hauran actuacions relacionades amb la celebraci\u00f3 del nadal (es cantaran nadales).<\/p>\n<p>Est\u00e0 previst i es proposa que equipaments i entitats organitzin la pr\u00f2pia actuaci\u00f3 (en aquest moment hi ha confirmades les actuacions de Casal Infantil, Dijous Oberts i Sala Jove).<\/p>\n<p>Nens i nenes dibuixaran postals nadalenques amb desitjos per l&#8217;any que ve que es penjaran a l&#8217;arbre.<\/p>\n<p>A partir de les 18.30\/19,00h xocolata calenta per a tots i totes<\/p>\n","protected":false},"excerpt":{"rendered":"<p>Amics i amigues de Bar\u00f3 de Viver, Us convidem a participar dijous 18 de desembre a partir de les 17.30 a la festa de l&#8217;Arbre dels Desitjos: Davant del Centre C\u00edvic hi haur\u00e0 un escenari i un arbre de nadal. A sobre de l&#8217;escenari hi hauran actuacions relacionades amb la celebraci\u00f3 del nadal (es cantaran [&hellip;]<\/p>\n","protected":false},"author":1,"featured_media":668,"comment_status":"closed","ping_status":"open","sticky":false,"template":"","format":"standard","meta":{"_uag_custom_page_level_css":"","site-sidebar-layout":"default","site-content-layout":"","ast-site-content-layout":"","site-content-style":"default","site-sidebar-style":"default","ast-global-header-display":"","ast-banner-title-visibility":"","ast-main-header-display":"","ast-hfb-above-header-display":"","ast-hfb-below-header-display":"","ast-hfb-mobile-header-display":"","site-post-title":"","ast-breadcrumbs-content":"","ast-featured-img":"","footer-sml-layout":"","theme-transparent-header-meta":"","adv-header-id-meta":"","stick-header-meta":"","header-above-stick-meta":"","header-main-stick-meta":"","header-below-stick-meta":"","astra-migrate-meta-layouts":"default","ast-page-background-enabled":"default","ast-page-background-meta":{"desktop":{"background-color":"var(--ast-global-color-4)","background-image":"","background-repeat":"repeat","background-position":"center center","background-size":"auto","background-attachment":"scroll","background-type":"","background-media":"","overlay-type":"","overlay-color":"","overlay-opacity":"","overlay-gradient":""},"tablet":{"background-color":"","background-image":"","background-repeat":"repeat","background-position":"center center","background-size":"auto","background-attachment":"scroll","background-type":"","background-media":"","overlay-type":"","overlay-color":"","overlay-opacity":"","overlay-gradient":""},"mobile":{"background-color":"","background-image":"","background-repeat":"repeat","background-position":"center center","background-size":"auto","background-attachment":"scroll","background-type":"","background-media":"","overlay-type":"","overlay-color":"","overlay-opacity":"","overlay-gradient":""}},"ast-content-background-meta":{"desktop":{"background-color":"var(--ast-global-color-5)","background-image":"","background-repeat":"repeat","background-position":"center center","background-size":"auto","background-attachment":"scroll","background-type":"","background-media":"","overlay-type":"","overlay-color":"","overlay-opacity":"","overlay-gradient":""},"tablet":{"background-color":"var(--ast-global-color-5)","background-image":"","background-repeat":"repeat","background-position":"center center","background-size":"auto","background-attachment":"scroll","background-type":"","background-media":"","overlay-type":"","overlay-color":"","overlay-opacity":"","overlay-gradient":""},"mobile":{"background-color":"var(--ast-global-color-5)","background-image":"","background-repeat":"repeat","background-position":"center center","background-size":"auto","background-attachment":"scroll","background-type":"","background-media":"","overlay-type":"","overlay-color":"","overlay-opacity":"","overlay-gradient":""}},"_jetpack_newsletter_access":"","_jetpack_dont_email_post_to_subs":false,"_jetpack_newsletter_tier_id":0,"_jetpack_memberships_contains_paywalled_content":false,"_jetpack_memberships_contains_paid_content":false,"footnotes":""},"categories":[1],"tags":[],"class_list":["post-667","post","type-post","status-publish","format-standard","has-post-thumbnail","hentry","category-blog"],"jetpack_featured_media_url":"https:\/\/barodeviver.cat\/wp-content\/uploads\/2014\/12\/C\u00f2pia-de-2014-cartells-Nadal-CCBViver2.jpg","uagb_featured_image_src":{"full":["https:\/\/barodeviver.cat\/wp-content\/uploads\/2014\/12\/C\u00f2pia-de-2014-cartells-Nadal-CCBViver2.jpg",720,960,false],"thumbnail":["https:\/\/barodeviver.cat\/wp-content\/uploads\/2014\/12\/C\u00f2pia-de-2014-cartells-Nadal-CCBViver2-150x150.jpg",150,150,true],"medium":["https:\/\/barodeviver.cat\/wp-content\/uploads\/2014\/12\/C\u00f2pia-de-2014-cartells-Nadal-CCBViver2-225x300.jpg",225,300,true],"medium_large":["https:\/\/barodeviver.cat\/wp-content\/uploads\/2014\/12\/C\u00f2pia-de-2014-cartells-Nadal-CCBViver2.jpg",720,960,false],"large":["https:\/\/barodeviver.cat\/wp-content\/uploads\/2014\/12\/C\u00f2pia-de-2014-cartells-Nadal-CCBViver2.jpg",720,960,false],"1536x1536":["https:\/\/barodeviver.cat\/wp-content\/uploads\/2014\/12\/C\u00f2pia-de-2014-cartells-Nadal-CCBViver2.jpg",720,960,false],"2048x2048":["https:\/\/barodeviver.cat\/wp-content\/uploads\/2014\/12\/C\u00f2pia-de-2014-cartells-Nadal-CCBViver2.jpg",720,960,false]},"uagb_author_info":{"display_name":"Fem Bar\u00f3 de Viver","author_link":"https:\/\/barodeviver.cat\/author\/admin"},"uagb_comment_info":0,"uagb_excerpt":"Amics i amigues de Bar\u00f3 de Viver, Us convidem a participar dijous 18 de desembre a partir de les 17.30 a la festa de l&#8217;Arbre dels Desitjos: Davant del Centre C\u00edvic hi haur\u00e0 un escenari i un arbre de nadal. A sobre de l&#8217;escenari hi hauran actuacions relacionades amb la celebraci\u00f3 del nadal (es cantaran&hellip;","jetpack_sharing_enabled":true,"jetpack_shortlink":"https:\/\/wp.me\/p86b0a-aL","_links":{"self":[{"href":"https:\/\/barodeviver.cat\/index.php?rest_route=\/wp\/v2\/posts\/667","targetHints":{"allow":["GET"]}}],"collection":[{"href":"https:\/\/barodeviver.cat\/index.php?rest_route=\/wp\/v2\/posts"}],"about":[{"href":"https:\/\/barodeviver.cat\/index.php?rest_route=\/wp\/v2\/types\/post"}],"author":[{"embeddable":true,"href":"https:\/\/barodeviver.cat\/index.php?rest_route=\/wp\/v2\/users\/1"}],"replies":[{"embeddable":true,"href":"https:\/\/barodeviver.cat\/index.php?rest_route=%2Fwp%2Fv2%2Fcomments&post=667"}],"version-history":[{"count":1,"href":"https:\/\/barodeviver.cat\/index.php?rest_route=\/wp\/v2\/posts\/667\/revisions"}],"predecessor-version":[{"id":669,"href":"https:\/\/barodeviver.cat\/index.php?rest_route=\/wp\/v2\/posts\/667\/revisions\/669"}],"wp:featuredmedia":[{"embeddable":true,"href":"https:\/\/barodeviver.cat\/index.php?rest_route=\/wp\/v2\/media\/668"}],"wp:attachment":[{"href":"https:\/\/barodeviver.cat\/index.php?rest_route=%2Fwp%2Fv2%2Fmedia&parent=667"}],"wp:term":[{"taxonomy":"category","embeddable":true,"href":"https:\/\/barodeviver.cat\/index.php?rest_route=%2Fwp%2Fv2%2Fcategories&post=667"},{"taxonomy":"post_tag","embeddable":true,"href":"https:\/\/barodeviver.cat\/index.php?rest_route=%2Fwp%2Fv2%2Ftags&post=667"}],"curies":[{"name":"wp","href":"https:\/\/api.w.org\/{rel}","templated":true}]}}