{"id":697,"date":"2015-02-06T12:45:13","date_gmt":"2015-02-06T12:45:13","guid":{"rendered":"https:\/\/barodeviver.cat\/?p=697"},"modified":"2015-02-06T13:29:22","modified_gmt":"2015-02-06T13:29:22","slug":"horts-urbans-a-baro-de-viver","status":"publish","type":"post","link":"https:\/\/barodeviver.cat\/?p=697","title":{"rendered":"Horts Urbans a Bar\u00f3 de Viver"},"content":{"rendered":"<h1>Ve\u00efns i Ve\u00efnes del barri,<\/h1>\n<h2>Us presentem un projecte especialment estudiat per la gent gran del nostre barri, feu-ne difusi\u00f3 entre els vostres coneguts&#8230;<\/h2>\n<h2>Sorteig de 34 parcel\u00b7les d&#8217;hort urb\u00e0 a l&#8217;Hort Bar\u00f3 de Viver, a Sant Andreu<\/h2>\n<p style=\"text-align: center;\"><a href=\"https:\/\/barodeviver.cat\/wp-content\/uploads\/2015\/02\/horts-urbans.jpg\"><img loading=\"lazy\" decoding=\"async\" class=\"alignnone  wp-image-698\" src=\"https:\/\/barodeviver.cat\/wp-content\/uploads\/2015\/02\/horts-urbans-300x200.jpg\" alt=\"horts-urbans\" width=\"392\" height=\"261\" srcset=\"https:\/\/barodeviver.cat\/wp-content\/uploads\/2015\/02\/horts-urbans-300x200.jpg 300w, https:\/\/barodeviver.cat\/wp-content\/uploads\/2015\/02\/horts-urbans.jpg 708w\" sizes=\"auto, (max-width: 392px) 100vw, 392px\" \/><\/a><\/p>\n<p>El termini d&#8217;inscripcions per optar a una de les 34 parcel\u00b7les s&#8217;ha ampliat fins al 28 de febrer. La llista d&#8217;adjudicataris es far\u00e0 p\u00fablica el 18 de mar\u00e7.<\/p>\n<p>L&#8217;Ajuntament inicia el proc\u00e9s per a l&#8217;adjudicaci\u00f3 de 34 parcel\u00b7les d&#8217;hort urb\u00e0 a l&#8217;Hort Bar\u00f3 de Viver, i la creaci\u00f3 d&#8217;una llista d&#8217;espera oficial per a tots els interessats residents al districte de Sant Andreu. El termini d&#8217;inscripcions s&#8217;ha ampliat fins al 28 de febrer, mentre que el 5 de mar\u00e7 es publicar\u00e0 la llista d&#8217;admesos i el 18 de mar\u00e7 es far\u00e0 p\u00fablica la llista d&#8217;adjudicataris.<\/p>\n<p>Les parcel\u00b7les seran adjudicades mitjan\u00e7ant un sorteig p\u00fablic de la llista d&#8217;admesos. El reglament de r\u00e8gim intern i de funcionament dels Horts Urbans es podr\u00e0 consultar al tauler d&#8217;anuncis de l&#8217;OAC (Oficina d&#8217;Atenci\u00f3 al Ciutad\u00e0) del Districte.<\/p>\n<p>Les 34 parcel\u00b7les quedaran distribu\u00efdes de la seg\u00fcent manera:<\/p>\n<ul>\n<li>16 parcel\u00b7les per a persones empadronades als barris de Bar\u00f3 de Viver i Bon Pastor.<\/li>\n<li>16 parcel\u00b7les per a persones empadronades a la resta de barris del Districte.<\/li>\n<li>2 parcel\u00b7les per a entitats de persones en risc d&#8217;exclusi\u00f3 social.<\/li>\n<\/ul>\n<p><strong> Per accedir-hi cal: <\/strong><\/p>\n<ul>\n<li>Tenir 65 anys o m\u00e9s.<\/li>\n<li>Estar capacitat f\u00edsicament per el treball agr\u00edcola.<\/li>\n<li>Fer la sol\u00b7licitud dins el per\u00edode especificat m\u00e9s avall.<\/li>\n<li>No haver estat anteriorment adjudicatari d&#8217;una parcel\u00b7la del Programa Horts Urbans.<\/li>\n<li>No conviure al mateix domicili amb alg\u00fa a qui ja s&#8217;hagi adjudicat una parcel\u00b7la.<\/li>\n<\/ul>\n<p><strong>Per\u00edode i lloc d&#8217;inscripci\u00f3<\/strong><\/p>\n<p>Fins al 28 de febrer de 2015 a l&#8217;OAC del districte de Sant Andreu, c\/ Segre, 24-32.<\/p>\n<p>Horari: dilluns, dimarts, dimecres i divendres de 8:30 a 14:30h. Dijous de 8:30 a 20h.<\/p>\n<p>Documents a portar per la inscripci\u00f3<\/p>\n<ul>\n<li>Inst\u00e0ncia de sol\u00b7licitud (Oficina d&#8217;Atenci\u00f3 al Ciutad\u00e0)<\/li>\n<li>Certificat de conviv\u00e8ncia (Oficina d&#8217;Atenci\u00f3 al Ciutad\u00e0)<\/li>\n<li>DNI i fotocopia.<\/li>\n<\/ul>\n<p><strong>Llista d&#8217;admesos<\/strong><\/p>\n<p>El 5 de mar\u00e7 de 2015 es publicar\u00e0 la relaci\u00f3 d&#8217;admesos i exclosos al sorteig a l&#8217;Oficina d&#8217;Atenci\u00f3 al Ciutad\u00e0, c\/ Segre, 24-32. S&#8217;obrir\u00e0 un termini de reclamaci\u00f3 del 5 al 9 de mar\u00e7 de 2015.<\/p>\n<p><strong>Sorteig<\/strong><\/p>\n<p>El sorteig es realitzar\u00e0 el 16 de mar\u00e7 de 2015 a les 12 hores a la seu del Districte, Pl. Orfila, 1. Se sortejaran les 15 parcel\u00b7les pendent d&#8217;adjudicaci\u00f3 i s&#8217;elaborar\u00e0 una llista d&#8217;espera amb els no agraciats al sorteig.<\/p>\n<p><strong>Llista d&#8217;adjudicataris<\/strong><\/p>\n<p>El 18 de mar\u00e7 es far\u00e0 p\u00fablica la llista d&#8217;adjudicataris al tauler d&#8217;anuncis de l&#8217;OAC del districte de Sant Andreu, c\/Segre, 24-32. S&#8217;obrir\u00e0 un termini de reclamacions fins al 21 de mar\u00e7 mitjan\u00e7ant inst\u00e0ncia a l&#8217;OAC.<\/p>\n<p><strong>Acte d&#8217;adjudicaci\u00f3 i signatures<\/strong><\/p>\n<p>El 23 de mar\u00e7 a les 10 hores tindr\u00e0 lloc l&#8217;acte de formalitzaci\u00f3 del contracte i lliurament de claus a la seu del Districte, Pl. Orfila n\u00fam. 1. A la signatura de documents caldr\u00e0 presentar l&#8217;original del DNI.<\/p>\n<p><strong>Incorporaci\u00f3 a les parcel\u00b7les<\/strong><\/p>\n<p>Els adjudicataris podran accedir a l&#8217;\u00fas de les parcel\u00b7les quan la construcci\u00f3 de l&#8217;hort estigui acabada i lliurada.<\/p>\n<p>El Programa Horts Urbans compta amb el suport de l&#8217;Obra Social de &#8220;La Caixa&#8221;.<\/p>\n","protected":false},"excerpt":{"rendered":"<p>Ve\u00efns i Ve\u00efnes del barri, Us presentem un projecte especialment estudiat per la gent gran del nostre barri, feu-ne difusi\u00f3 entre els vostres coneguts&#8230; Sorteig de 34 parcel\u00b7les d&#8217;hort urb\u00e0 a l&#8217;Hort Bar\u00f3 de Viver, a Sant Andreu El termini d&#8217;inscripcions per optar a una de les 34 parcel\u00b7les s&#8217;ha ampliat fins al 28 de [&hellip;]<\/p>\n","protected":false},"author":1,"featured_media":701,"comment_status":"closed","ping_status":"open","sticky":false,"template":"","format":"standard","meta":{"_uag_custom_page_level_css":"","site-sidebar-layout":"default","site-content-layout":"","ast-site-content-layout":"","site-content-style":"default","site-sidebar-style":"default","ast-global-header-display":"","ast-banner-title-visibility":"","ast-main-header-display":"","ast-hfb-above-header-display":"","ast-hfb-below-header-display":"","ast-hfb-mobile-header-display":"","site-post-title":"","ast-breadcrumbs-content":"","ast-featured-img":"","footer-sml-layout":"","theme-transparent-header-meta":"","adv-header-id-meta":"","stick-header-meta":"","header-above-stick-meta":"","header-main-stick-meta":"","header-below-stick-meta":"","astra-migrate-meta-layouts":"default","ast-page-background-enabled":"default","ast-page-background-meta":{"desktop":{"background-color":"var(--ast-global-color-4)","background-image":"","background-repeat":"repeat","background-position":"center center","background-size":"auto","background-attachment":"scroll","background-type":"","background-media":"","overlay-type":"","overlay-color":"","overlay-opacity":"","overlay-gradient":""},"tablet":{"background-color":"","background-image":"","background-repeat":"repeat","background-position":"center center","background-size":"auto","background-attachment":"scroll","background-type":"","background-media":"","overlay-type":"","overlay-color":"","overlay-opacity":"","overlay-gradient":""},"mobile":{"background-color":"","background-image":"","background-repeat":"repeat","background-position":"center center","background-size":"auto","background-attachment":"scroll","background-type":"","background-media":"","overlay-type":"","overlay-color":"","overlay-opacity":"","overlay-gradient":""}},"ast-content-background-meta":{"desktop":{"background-color":"var(--ast-global-color-5)","background-image":"","background-repeat":"repeat","background-position":"center center","background-size":"auto","background-attachment":"scroll","background-type":"","background-media":"","overlay-type":"","overlay-color":"","overlay-opacity":"","overlay-gradient":""},"tablet":{"background-color":"var(--ast-global-color-5)","background-image":"","background-repeat":"repeat","background-position":"center center","background-size":"auto","background-attachment":"scroll","background-type":"","background-media":"","overlay-type":"","overlay-color":"","overlay-opacity":"","overlay-gradient":""},"mobile":{"background-color":"var(--ast-global-color-5)","background-image":"","background-repeat":"repeat","background-position":"center center","background-size":"auto","background-attachment":"scroll","background-type":"","background-media":"","overlay-type":"","overlay-color":"","overlay-opacity":"","overlay-gradient":""}},"_jetpack_newsletter_access":"","_jetpack_dont_email_post_to_subs":false,"_jetpack_newsletter_tier_id":0,"_jetpack_memberships_contains_paywalled_content":false,"_jetpack_memberships_contains_paid_content":false,"footnotes":""},"categories":[1],"tags":[],"class_list":["post-697","post","type-post","status-publish","format-standard","has-post-thumbnail","hentry","category-blog"],"jetpack_featured_media_url":"https:\/\/barodeviver.cat\/wp-content\/uploads\/2015\/02\/Presentaci\u00f3n1.jpg","uagb_featured_image_src":{"full":["https:\/\/barodeviver.cat\/wp-content\/uploads\/2015\/02\/Presentaci\u00f3n1.jpg",960,720,false],"thumbnail":["https:\/\/barodeviver.cat\/wp-content\/uploads\/2015\/02\/Presentaci\u00f3n1-150x150.jpg",150,150,true],"medium":["https:\/\/barodeviver.cat\/wp-content\/uploads\/2015\/02\/Presentaci\u00f3n1-300x225.jpg",300,225,true],"medium_large":["https:\/\/barodeviver.cat\/wp-content\/uploads\/2015\/02\/Presentaci\u00f3n1.jpg",768,576,false],"large":["https:\/\/barodeviver.cat\/wp-content\/uploads\/2015\/02\/Presentaci\u00f3n1.jpg",960,720,false],"1536x1536":["https:\/\/barodeviver.cat\/wp-content\/uploads\/2015\/02\/Presentaci\u00f3n1.jpg",960,720,false],"2048x2048":["https:\/\/barodeviver.cat\/wp-content\/uploads\/2015\/02\/Presentaci\u00f3n1.jpg",960,720,false]},"uagb_author_info":{"display_name":"Fem Bar\u00f3 de Viver","author_link":"https:\/\/barodeviver.cat\/author\/admin"},"uagb_comment_info":0,"uagb_excerpt":"Ve\u00efns i Ve\u00efnes del barri, Us presentem un projecte especialment estudiat per la gent gran del nostre barri, feu-ne difusi\u00f3 entre els vostres coneguts&#8230; Sorteig de 34 parcel\u00b7les d&#8217;hort urb\u00e0 a l&#8217;Hort Bar\u00f3 de Viver, a Sant Andreu El termini d&#8217;inscripcions per optar a una de les 34 parcel\u00b7les s&#8217;ha ampliat fins al 28 de&hellip;","jetpack_sharing_enabled":true,"jetpack_shortlink":"https:\/\/wp.me\/p86b0a-bf","_links":{"self":[{"href":"https:\/\/barodeviver.cat\/index.php?rest_route=\/wp\/v2\/posts\/697","targetHints":{"allow":["GET"]}}],"collection":[{"href":"https:\/\/barodeviver.cat\/index.php?rest_route=\/wp\/v2\/posts"}],"about":[{"href":"https:\/\/barodeviver.cat\/index.php?rest_route=\/wp\/v2\/types\/post"}],"author":[{"embeddable":true,"href":"https:\/\/barodeviver.cat\/index.php?rest_route=\/wp\/v2\/users\/1"}],"replies":[{"embeddable":true,"href":"https:\/\/barodeviver.cat\/index.php?rest_route=%2Fwp%2Fv2%2Fcomments&post=697"}],"version-history":[{"count":1,"href":"https:\/\/barodeviver.cat\/index.php?rest_route=\/wp\/v2\/posts\/697\/revisions"}],"predecessor-version":[{"id":700,"href":"https:\/\/barodeviver.cat\/index.php?rest_route=\/wp\/v2\/posts\/697\/revisions\/700"}],"wp:featuredmedia":[{"embeddable":true,"href":"https:\/\/barodeviver.cat\/index.php?rest_route=\/wp\/v2\/media\/701"}],"wp:attachment":[{"href":"https:\/\/barodeviver.cat\/index.php?rest_route=%2Fwp%2Fv2%2Fmedia&parent=697"}],"wp:term":[{"taxonomy":"category","embeddable":true,"href":"https:\/\/barodeviver.cat\/index.php?rest_route=%2Fwp%2Fv2%2Fcategories&post=697"},{"taxonomy":"post_tag","embeddable":true,"href":"https:\/\/barodeviver.cat\/index.php?rest_route=%2Fwp%2Fv2%2Ftags&post=697"}],"curies":[{"name":"wp","href":"https:\/\/api.w.org\/{rel}","templated":true}]}}