{"id":985,"date":"2015-05-25T13:06:02","date_gmt":"2015-05-25T13:06:02","guid":{"rendered":"https:\/\/barodeviver.cat\/?p=985"},"modified":"2015-05-25T13:06:02","modified_gmt":"2015-05-25T13:06:02","slug":"creanimals-a-baro-de-viver-i-bon-pastor","status":"publish","type":"post","link":"https:\/\/barodeviver.cat\/?p=985","title":{"rendered":"CREanimals a Bar\u00f3 de Viver i Bon Pastor"},"content":{"rendered":"<p><a href=\"https:\/\/barodeviver.cat\/wp-content\/uploads\/2015\/05\/PROGRAMA-MA-2defdif.jpg\"><img loading=\"lazy\" decoding=\"async\" class=\"alignnone size-medium wp-image-987\" src=\"https:\/\/barodeviver.cat\/wp-content\/uploads\/2015\/05\/PROGRAMA-MA-2defdif-212x300.jpg\" alt=\"PROGRAMA MA-2defdif\" width=\"212\" height=\"300\" srcset=\"https:\/\/barodeviver.cat\/wp-content\/uploads\/2015\/05\/PROGRAMA-MA-2defdif-212x300.jpg 212w, https:\/\/barodeviver.cat\/wp-content\/uploads\/2015\/05\/PROGRAMA-MA-2defdif-723x1024.jpg 723w, https:\/\/barodeviver.cat\/wp-content\/uploads\/2015\/05\/PROGRAMA-MA-2defdif-730x1033.jpg 730w, https:\/\/barodeviver.cat\/wp-content\/uploads\/2015\/05\/PROGRAMA-MA-2defdif-1070x1514.jpg 1070w\" sizes=\"auto, (max-width: 212px) 100vw, 212px\" \/><\/a><\/p>\n<p>Hola a tothom,<\/p>\n<p>Els dissabtes 30 de maig i 6 de juny, de 10h.-14h. celebrem les Jornades Can C\u00edviques CREanimals, de sensibilitzaci\u00f3 sobre la tinen\u00e7a de gossos, una proposta de les Taules de conviv\u00e8ncia de Bon Pastor i Bar\u00f3 de Viver.<\/p>\n<div class=\"text_exposed_show\">\n<p>El 30 de maig la Jornada ser\u00e0 a la pla\u00e7a de l&#8217;Antic Mercat de Bon Pastor: a primera hora, es far\u00e0 un passeig per la llera del riu amb amos de gossos i gossos, amb en David Godoy, expert ensinistrador, que tamb\u00e9 organitzar\u00e0 activitats l\u00fadiques a la pla\u00e7a, d&#8217;educaci\u00f3 i habilitats. Tamb\u00e9 hi haur\u00e0 activitats d&#8217;animaci\u00f3 i de teatre, i es podr\u00e0 trobar informaci\u00f3 de tota mena: assessorament sobre drets, deures i malalties a c\u00e0rrec dels veterinaris del barri; sobre adopcions i acollides per part de diferents entitats protectores d&#8217;animals; i podrem con\u00e8ixer tamb\u00e9 el valor del gossos en les nostres ciutats, amb l&#8217;assist\u00e8ncia de l&#8217;Associaci\u00f3 d&#8217;Usuaris de Gossos Pigall, d&#8217;acompanyament a persones amb necessitats especials.<\/p>\n<p>El 6 de juny la Jornada culminar\u00e0 amb la Gimcana JOCANCI a la llera del riu, entre Bon Pastor i Bar\u00f3 de Viver, on s&#8217;espera que participin ve\u00efns i ve\u00efnes dels dos barris, a m\u00e9s d&#8217;altres persones de la ciutat.<\/p>\n<p>En arxiu adjunt us enviem el cartell i programa de ma per a qu\u00e8 pugueu fer la m\u00e0xima difusi\u00f3 entre els vostres contactes, per correu o penjant el cartell en els vostres facebooks i webs.<\/p>\n<p>I, per suposat, us convidem a assistir-hi i tamb\u00e9 a participar activament, que si voleu i podeu hi ha moltes coses a fer.<\/p>\n<p>Us hi esperem!<\/p>\n<\/div>\n","protected":false},"excerpt":{"rendered":"<p>Hola a tothom, Els dissabtes 30 de maig i 6 de juny, de 10h.-14h. celebrem les Jornades Can C\u00edviques CREanimals, de sensibilitzaci\u00f3 sobre la tinen\u00e7a de gossos, una proposta de les Taules de conviv\u00e8ncia de Bon Pastor i Bar\u00f3 de Viver. El 30 de maig la Jornada ser\u00e0 a la pla\u00e7a de l&#8217;Antic Mercat de [&hellip;]<\/p>\n","protected":false},"author":1,"featured_media":986,"comment_status":"closed","ping_status":"open","sticky":false,"template":"","format":"standard","meta":{"_uag_custom_page_level_css":"","site-sidebar-layout":"default","site-content-layout":"","ast-site-content-layout":"","site-content-style":"default","site-sidebar-style":"default","ast-global-header-display":"","ast-banner-title-visibility":"","ast-main-header-display":"","ast-hfb-above-header-display":"","ast-hfb-below-header-display":"","ast-hfb-mobile-header-display":"","site-post-title":"","ast-breadcrumbs-content":"","ast-featured-img":"","footer-sml-layout":"","theme-transparent-header-meta":"","adv-header-id-meta":"","stick-header-meta":"","header-above-stick-meta":"","header-main-stick-meta":"","header-below-stick-meta":"","astra-migrate-meta-layouts":"default","ast-page-background-enabled":"default","ast-page-background-meta":{"desktop":{"background-color":"var(--ast-global-color-4)","background-image":"","background-repeat":"repeat","background-position":"center center","background-size":"auto","background-attachment":"scroll","background-type":"","background-media":"","overlay-type":"","overlay-color":"","overlay-opacity":"","overlay-gradient":""},"tablet":{"background-color":"","background-image":"","background-repeat":"repeat","background-position":"center center","background-size":"auto","background-attachment":"scroll","background-type":"","background-media":"","overlay-type":"","overlay-color":"","overlay-opacity":"","overlay-gradient":""},"mobile":{"background-color":"","background-image":"","background-repeat":"repeat","background-position":"center center","background-size":"auto","background-attachment":"scroll","background-type":"","background-media":"","overlay-type":"","overlay-color":"","overlay-opacity":"","overlay-gradient":""}},"ast-content-background-meta":{"desktop":{"background-color":"var(--ast-global-color-5)","background-image":"","background-repeat":"repeat","background-position":"center center","background-size":"auto","background-attachment":"scroll","background-type":"","background-media":"","overlay-type":"","overlay-color":"","overlay-opacity":"","overlay-gradient":""},"tablet":{"background-color":"var(--ast-global-color-5)","background-image":"","background-repeat":"repeat","background-position":"center center","background-size":"auto","background-attachment":"scroll","background-type":"","background-media":"","overlay-type":"","overlay-color":"","overlay-opacity":"","overlay-gradient":""},"mobile":{"background-color":"var(--ast-global-color-5)","background-image":"","background-repeat":"repeat","background-position":"center center","background-size":"auto","background-attachment":"scroll","background-type":"","background-media":"","overlay-type":"","overlay-color":"","overlay-opacity":"","overlay-gradient":""}},"_jetpack_newsletter_access":"","_jetpack_dont_email_post_to_subs":false,"_jetpack_newsletter_tier_id":0,"_jetpack_memberships_contains_paywalled_content":false,"_jetpack_memberships_contains_paid_content":false,"footnotes":""},"categories":[1],"tags":[],"class_list":["post-985","post","type-post","status-publish","format-standard","has-post-thumbnail","hentry","category-blog"],"jetpack_featured_media_url":"https:\/\/barodeviver.cat\/wp-content\/uploads\/2015\/05\/CARTELL-GOSSOS-4defdif.jpg","uagb_featured_image_src":{"full":["https:\/\/barodeviver.cat\/wp-content\/uploads\/2015\/05\/CARTELL-GOSSOS-4defdif.jpg",2481,3507,false],"thumbnail":["https:\/\/barodeviver.cat\/wp-content\/uploads\/2015\/05\/CARTELL-GOSSOS-4defdif-150x150.jpg",150,150,true],"medium":["https:\/\/barodeviver.cat\/wp-content\/uploads\/2015\/05\/CARTELL-GOSSOS-4defdif-212x300.jpg",212,300,true],"medium_large":["https:\/\/barodeviver.cat\/wp-content\/uploads\/2015\/05\/CARTELL-GOSSOS-4defdif.jpg",768,1086,false],"large":["https:\/\/barodeviver.cat\/wp-content\/uploads\/2015\/05\/CARTELL-GOSSOS-4defdif-724x1024.jpg",724,1024,true],"1536x1536":["https:\/\/barodeviver.cat\/wp-content\/uploads\/2015\/05\/CARTELL-GOSSOS-4defdif.jpg",1087,1536,false],"2048x2048":["https:\/\/barodeviver.cat\/wp-content\/uploads\/2015\/05\/CARTELL-GOSSOS-4defdif.jpg",1449,2048,false]},"uagb_author_info":{"display_name":"Fem Bar\u00f3 de Viver","author_link":"https:\/\/barodeviver.cat\/author\/admin"},"uagb_comment_info":0,"uagb_excerpt":"Hola a tothom, Els dissabtes 30 de maig i 6 de juny, de 10h.-14h. celebrem les Jornades Can C\u00edviques CREanimals, de sensibilitzaci\u00f3 sobre la tinen\u00e7a de gossos, una proposta de les Taules de conviv\u00e8ncia de Bon Pastor i Bar\u00f3 de Viver. El 30 de maig la Jornada ser\u00e0 a la pla\u00e7a de l&#8217;Antic Mercat de&hellip;","jetpack_sharing_enabled":true,"jetpack_shortlink":"https:\/\/wp.me\/p86b0a-fT","_links":{"self":[{"href":"https:\/\/barodeviver.cat\/index.php?rest_route=\/wp\/v2\/posts\/985","targetHints":{"allow":["GET"]}}],"collection":[{"href":"https:\/\/barodeviver.cat\/index.php?rest_route=\/wp\/v2\/posts"}],"about":[{"href":"https:\/\/barodeviver.cat\/index.php?rest_route=\/wp\/v2\/types\/post"}],"author":[{"embeddable":true,"href":"https:\/\/barodeviver.cat\/index.php?rest_route=\/wp\/v2\/users\/1"}],"replies":[{"embeddable":true,"href":"https:\/\/barodeviver.cat\/index.php?rest_route=%2Fwp%2Fv2%2Fcomments&post=985"}],"version-history":[{"count":1,"href":"https:\/\/barodeviver.cat\/index.php?rest_route=\/wp\/v2\/posts\/985\/revisions"}],"predecessor-version":[{"id":988,"href":"https:\/\/barodeviver.cat\/index.php?rest_route=\/wp\/v2\/posts\/985\/revisions\/988"}],"wp:featuredmedia":[{"embeddable":true,"href":"https:\/\/barodeviver.cat\/index.php?rest_route=\/wp\/v2\/media\/986"}],"wp:attachment":[{"href":"https:\/\/barodeviver.cat\/index.php?rest_route=%2Fwp%2Fv2%2Fmedia&parent=985"}],"wp:term":[{"taxonomy":"category","embeddable":true,"href":"https:\/\/barodeviver.cat\/index.php?rest_route=%2Fwp%2Fv2%2Fcategories&post=985"},{"taxonomy":"post_tag","embeddable":true,"href":"https:\/\/barodeviver.cat\/index.php?rest_route=%2Fwp%2Fv2%2Ftags&post=985"}],"curies":[{"name":"wp","href":"https:\/\/api.w.org\/{rel}","templated":true}]}}